{"id":4959,"date":"2018-07-05T13:36:42","date_gmt":"2018-07-05T13:36:42","guid":{"rendered":"http:\/\/corretoraideal.com.br\/blog\/index.php\/2018\/07\/05\/cca_title\/"},"modified":"2018-07-05T13:36:56","modified_gmt":"2018-07-05T13:36:56","slug":"os-juizes-na-primeira-rodada-da-copa-do-mundo-a-costa-rica-define-a-saida-do-tecnico-exame","status":"publish","type":"post","link":"https:\/\/blog.corretoraideal.com.br\/index.php\/2018\/07\/05\/os-juizes-na-primeira-rodada-da-copa-do-mundo-a-costa-rica-define-a-saida-do-tecnico-exame\/","title":{"rendered":"Os ju\u00edzes na primeira rodada da Copa do Mundo, a Costa Rica define a sa\u00edda do t\u00e9cnico | exame"},"content":{"rendered":"<p><\/img><\/p>\n<p>Costa Rica: depois de surpreender na Copa do Mundo no Brasil em 2014, sob a lideran&ccedil;a de Jorge Luis Pinto, Costa Rica passou para o comando Ramirez no ano seguinte (Carlos Barria\/Reuters)<\/p>\n<p>San Jose &ndash; a Uni&atilde;o da <strong><a href=\"https:\/\/exame.abril.com.br\/noticias-sobre\/costa-rica\/\">Costa Rican<\/a><\/strong> da Federa&ccedil;&atilde;o de Futebol (Fedefutbol) anunciou na &uacute;ltima quarta-feira a sa&iacute;da do t&eacute;cnico Oscar Ramirez liderar a equipe nacional. Um treinador que tem um contrato at&eacute; o final do torneio, n&atilde;o resistiu &agrave; m&aacute; campanha na Copa do Mundo na R&uacute;ssia no pa&iacute;s caiu ainda na primeira fase, sem qualquer vit&oacute;ria.<\/p>\n<p>&#8220;Mantenha Oscar ap&oacute;s o jogo contra a Su&iacute;&ccedil;a, a decis&atilde;o de n&atilde;o renovar foi feita em conformidade com o Comit&ecirc; Executivo. Eu quero agradecer a voc&ecirc; por todo o esfor&ccedil;o e parece-me que a Costa Rica ganhar agora treinador com experi&ecirc;ncia internacional. Seu legado &eacute; de que n&atilde;o h&aacute; capacidade, na Costa Rica, para tomar as opera&ccedil;&otilde;es de teste&#8221;, disse o Presidente da Fedefutbol, Rodolfo villalobos.<\/p>\n<p>Ap&oacute;s a surpresa na Copa do Mundo no Brasil em 2014, sob a lideran&ccedil;a de Jorge Luis Pinto, Costa Rica passou para o comando Ramirez no ano seguinte. A expectativa era de que o pa&iacute;s poderia repetir o desempenho na R&uacute;ssia, mas foi eliminado logo ap&oacute;s as derrotas para a S&eacute;rvia e Brasil. Na despedida, ainda arrancou um empate com a Su&iacute;&ccedil;a.<\/p>\n<p>O papel do Ramirez, villalobos prometeu anunciar um substituto em breve. &#8220;Vamos fazer a substitui&ccedil;&atilde;o, de acordo com a forma que pensa da Federa&ccedil;&atilde;o. N&oacute;s gostaria de algu&eacute;m com experi&ecirc;ncia no mundo, isto &eacute; positivo para a equipe. Mas, se n&atilde;o podemos trazer um nome como esse, eu n&atilde;o posso imaginar o que poderia ter neste momento.&#8221;<\/p>\n","protected":false},"excerpt":{"rendered":"<p>Costa Rica: depois de surpreender na Copa do Mundo no Brasil em 2014, sob a lideran&ccedil;a de Jorge Luis Pinto, Costa Rica passou para o comando Ramirez no ano seguinte (Carlos Barria\/Reuters) San Jose &ndash; a Uni&atilde;o da Costa Rican da Federa&ccedil;&atilde;o de Futebol (Fedefutbol) anunciou na &uacute;ltima quarta-feira a sa&iacute;da do t&eacute;cnico Oscar Ramirez [&hellip;]<\/p>\n","protected":false},"author":0,"featured_media":0,"comment_status":"open","ping_status":"open","sticky":false,"template":"","format":"standard","meta":{"footnotes":""},"categories":[],"tags":[],"class_list":["post-4959","post","type-post","status-publish","format-standard","hentry"],"_links":{"self":[{"href":"https:\/\/blog.corretoraideal.com.br\/index.php\/wp-json\/wp\/v2\/posts\/4959","targetHints":{"allow":["GET"]}}],"collection":[{"href":"https:\/\/blog.corretoraideal.com.br\/index.php\/wp-json\/wp\/v2\/posts"}],"about":[{"href":"https:\/\/blog.corretoraideal.com.br\/index.php\/wp-json\/wp\/v2\/types\/post"}],"replies":[{"embeddable":true,"href":"https:\/\/blog.corretoraideal.com.br\/index.php\/wp-json\/wp\/v2\/comments?post=4959"}],"version-history":[{"count":1,"href":"https:\/\/blog.corretoraideal.com.br\/index.php\/wp-json\/wp\/v2\/posts\/4959\/revisions"}],"predecessor-version":[{"id":4961,"href":"https:\/\/blog.corretoraideal.com.br\/index.php\/wp-json\/wp\/v2\/posts\/4959\/revisions\/4961"}],"wp:attachment":[{"href":"https:\/\/blog.corretoraideal.com.br\/index.php\/wp-json\/wp\/v2\/media?parent=4959"}],"wp:term":[{"taxonomy":"category","embeddable":true,"href":"https:\/\/blog.corretoraideal.com.br\/index.php\/wp-json\/wp\/v2\/categories?post=4959"},{"taxonomy":"post_tag","embeddable":true,"href":"https:\/\/blog.corretoraideal.com.br\/index.php\/wp-json\/wp\/v2\/tags?post=4959"}],"curies":[{"name":"wp","href":"https:\/\/api.w.org\/{rel}","templated":true}]}}