{"id":49596,"date":"2023-06-22T02:29:46","date_gmt":"2023-06-22T02:29:46","guid":{"rendered":"https:\/\/blog.corretoraideal.com.br\/?p=49596"},"modified":"2023-06-22T02:29:46","modified_gmt":"2023-06-22T02:29:46","slug":"video-vereador-vira-balde-de-esgoto-em-plenario-para-protestar-contra-problema-em-bairro-de-campos-norte-fluminense-g1","status":"publish","type":"post","link":"https:\/\/blog.corretoraideal.com.br\/index.php\/2023\/06\/22\/video-vereador-vira-balde-de-esgoto-em-plenario-para-protestar-contra-problema-em-bairro-de-campos-norte-fluminense-g1\/","title":{"rendered":"V\u00cdDEO: Vereador vira balde de esgoto em plen\u00e1rio para protestar contra problema em bairro de Campos | Norte Fluminense | G1"},"content":{"rendered":"<p>                <img loading=\"lazy\" decoding=\"async\" class=\"aligncenter size-full wp-image-49598\" src=\"https:\/\/blog.corretoraideal.com.br\/wp-content\/uploads\/2023\/06\/vereador-de-campos-rj-vira-balde-de-esgoto-no-plenario.jpeg\" alt=\"Vereador de Campos, RJ, vira balde de esgoto no plen\u00e1rio\" width=\"800\" height=\"400\" \/>      <\/p>\n<p> Vereador de Campos, RJ, vira balde de esgoto no plen\u00e1rio <\/p>\n<p> Um vereador de <a class href=\"https:\/\/g1.globo.com\/rj\/norte-fluminense\/cidade\/campos-dos-goytacazes\/\">Campos dos Goytacazes<\/a>, no Norte Fluminense, decidiu levar um balde de esgoto para o plen\u00e1rio da C\u00e2mara de Vereadores na sess\u00e3o desta ter\u00e7a-feira (20). Luciano Rio Lu (PDT) n\u00e3o s\u00f3 manteve o balde ao lado dele ao longo do discurso como tamb\u00e9m derramou o material no ch\u00e3o da casa legislativa. <\/p>\n<p> A cena, transmitida ao vivo e que tem repercutido nas redes sociais, foi explicada pelo parlamentar. Ele disse que a atitude foi para protestar contra os problemas enfrentados por moradores do bairro Santa Edwiges, que fica no distrito de Guarus. <\/p>\n<p> &quot;Isso aqui, gente, isso aqui n\u00e3o \u00e9 brincadeira n\u00e3o, \u00e9 coc\u00f4 presidente&quot;, disse o parlamentar enquanto virava o conte\u00fado do balde, e continuou: <\/p>\n<p>&quot;\u00c9 pra sentir (&#8230;) aqui a gente t\u00e1 falando de um coc\u00f4 que caiu aqui na tribuna, agora imagina um coc\u00f4 em frente a casa do povo no dia a dia, presidente. Isso n\u00e3o pode estar acontecendo. \u00c9 minha revolta. Isso \u00e9 uma covardia&quot;, disse ainda na sess\u00e3o.<\/p>\n<p>         1 de 1&#013;Vereador Luciano Rio Lu (PDT) faz discurso com um balde de esgoto ao lado no plen\u00e1rio da C\u00e2mara de Campos dos Goytacazes \u2014 Foto: Reprodu\u00e7\u00e3o TV C\u00e2mara Campos    <\/p>\n<p> Vereador Luciano Rio Lu (PDT) faz discurso com um balde de esgoto ao lado no plen\u00e1rio da C\u00e2mara de Campos dos Goytacazes \u2014 Foto: Reprodu\u00e7\u00e3o TV C\u00e2mara Campos <\/p>\n<p> Ao <strong>g1,<\/strong> o parlamentar confirmou que o conte\u00fado no balde realmente tratava-se de esgoto. <\/p>\n<p> Quanto ao problema de esgoto no bairro Santa Edwirges, relatado pelo vereador, a reportagem ainda aguarda um posicionamento da Prefeitura de Campos. <\/p>\n<p> J\u00e1 a concession\u00e1ria \u00c1guas do Para\u00edba, respons\u00e1vel pelo servi\u00e7o de esgoto na cidade, disse, em nota, &quot;que as obras para implanta\u00e7\u00e3o da rede coletora de esgoto sanit\u00e1rio no Parque Santa Edwiges est\u00e3o em fase de planejamento e j\u00e1 foram realizados os levantamentos necess\u00e1rios nas ruas, visto que trata-se de um bairro de pequena extens\u00e3o&quot;. <\/p>\n<p> A concession\u00e1ria explicou ainda que n\u00e3o h\u00e1 cobran\u00e7a de tarifa de esgoto para os moradores da localidade e que, atualmente, Campos tem 93% do esgoto coletado, sendo 100% do efluente tratado. <\/p>\n<p> A C\u00e2mara de Vereadores tamb\u00e9m foi procurada pela reportagem para se manifestar sobre a atitude do vereador, e informou que o direito dele se expressar por meio de fala e atos \u00e9 garantido pela Constitui\u00e7\u00e3o Federal. <\/p>\n<ul>\n<li> <a href=\"https:\/\/g1.globo.com\/rj\/norte-fluminense\/cidade\/campos-dos-goytacazes\/\" class=\"entities__list-itemLink\" data-track-click=\"Campos dos Goytacazes\"> Campos dos Goytacazes <\/a> <\/li>\n<\/ul>\n","protected":false},"excerpt":{"rendered":"<p>Vereador de Campos, RJ, vira balde de esgoto no plen\u00e1rio Um vereador de Campos dos Goytacazes, no Norte Fluminense, decidiu levar um balde de esgoto para o plen\u00e1rio da C\u00e2mara de Vereadores na sess\u00e3o desta ter\u00e7a-feira (20). Luciano Rio Lu (PDT) n\u00e3o s\u00f3 manteve o balde ao lado dele ao longo do discurso como tamb\u00e9m [&hellip;]<\/p>\n","protected":false},"author":1,"featured_media":0,"comment_status":"closed","ping_status":"closed","sticky":false,"template":"","format":"standard","meta":{"footnotes":""},"categories":[],"tags":[],"class_list":["post-49596","post","type-post","status-publish","format-standard","hentry"],"_links":{"self":[{"href":"https:\/\/blog.corretoraideal.com.br\/index.php\/wp-json\/wp\/v2\/posts\/49596","targetHints":{"allow":["GET"]}}],"collection":[{"href":"https:\/\/blog.corretoraideal.com.br\/index.php\/wp-json\/wp\/v2\/posts"}],"about":[{"href":"https:\/\/blog.corretoraideal.com.br\/index.php\/wp-json\/wp\/v2\/types\/post"}],"author":[{"embeddable":true,"href":"https:\/\/blog.corretoraideal.com.br\/index.php\/wp-json\/wp\/v2\/users\/1"}],"replies":[{"embeddable":true,"href":"https:\/\/blog.corretoraideal.com.br\/index.php\/wp-json\/wp\/v2\/comments?post=49596"}],"version-history":[{"count":1,"href":"https:\/\/blog.corretoraideal.com.br\/index.php\/wp-json\/wp\/v2\/posts\/49596\/revisions"}],"predecessor-version":[{"id":49599,"href":"https:\/\/blog.corretoraideal.com.br\/index.php\/wp-json\/wp\/v2\/posts\/49596\/revisions\/49599"}],"wp:attachment":[{"href":"https:\/\/blog.corretoraideal.com.br\/index.php\/wp-json\/wp\/v2\/media?parent=49596"}],"wp:term":[{"taxonomy":"category","embeddable":true,"href":"https:\/\/blog.corretoraideal.com.br\/index.php\/wp-json\/wp\/v2\/categories?post=49596"},{"taxonomy":"post_tag","embeddable":true,"href":"https:\/\/blog.corretoraideal.com.br\/index.php\/wp-json\/wp\/v2\/tags?post=49596"}],"curies":[{"name":"wp","href":"https:\/\/api.w.org\/{rel}","templated":true}]}}