{"id":49626,"date":"2023-06-22T19:29:42","date_gmt":"2023-06-22T19:29:42","guid":{"rendered":"https:\/\/blog.corretoraideal.com.br\/?p=49626"},"modified":"2023-06-22T19:29:42","modified_gmt":"2023-06-22T19:29:42","slug":"na-franca-haddad-diz-que-comunicado-do-copom-foi-muito-ruim-e-nao-alivia-a-situacao-economia-g1","status":"publish","type":"post","link":"https:\/\/blog.corretoraideal.com.br\/index.php\/2023\/06\/22\/na-franca-haddad-diz-que-comunicado-do-copom-foi-muito-ruim-e-nao-alivia-a-situacao-economia-g1\/","title":{"rendered":"Na Fran\u00e7a, Haddad diz que comunicado do Copom foi &#039;muito ruim&#039; e n\u00e3o alivia a situa\u00e7\u00e3o | Economia | G1"},"content":{"rendered":"<p>      1 de 1&#013;O ministro da Fazenda, Fernando Haddad \u2014 Foto: Reprodu\u00e7\u00e3o\/TV Globo    <\/p>\n<p> O ministro da Fazenda, Fernando Haddad \u2014 Foto: Reprodu\u00e7\u00e3o\/TV Globo <\/p>\n<p> O ministro da Fazenda, Fernando Haddad, afirmou nesta quinta-feira (22) que o comunicado da reuni\u00e3o do Comit\u00ea de Pol\u00edtica Monet\u00e1ria (<a class href=\"https:\/\/g1.globo.com\/tudo-sobre\/copom\/\">Copom<\/a>) do Banco Central \u00e9 &quot;muito ruim&quot; e n\u00e3o &quot;alivia a situa\u00e7\u00e3o&quot;. <\/p>\n<p> A declara\u00e7\u00e3o foi dada na Fran\u00e7a, onde ele acompanha o presidente Luiz In\u00e1cio Lula da Silva, e foi repassada por sua assessoria de imprensa. <\/p>\n<p> Nesta quarta-feira (21), o Copom <a class href=\"https:\/\/g1.globo.com\/economia\/noticia\/2023\/06\/21\/pela-quarta-vez-em-2023-copom-decide-manter-selic-em-1375percent.ghtml\">manteve a taxa b\u00e1sica de juros est\u00e1vel em 13,75% ao ano, e n\u00e3o trouxe ind\u00edcios sobre uma eventual redu\u00e7\u00e3o da taxa de juros nas futuras reuni\u00f5es.<\/a> <\/p>\n<p>&quot;Comunicado, como de h\u00e1bito, o quarto comunicado muito ruim. Todos foram ruins. \u00c0s vezes ele alivia na ata [documento divulgado na semana seguinte aos encontros do Copom], mas n\u00e3o alivia a situa\u00e7\u00e3o&quot;, disse o ministro Haddad. <\/p>\n<p> O mercado financeiro passou a projetar, <a class href=\"https:\/\/g1.globo.com\/economia\/noticia\/2023\/06\/19\/mercado-financeiro-preve-ultima-manutencao-do-juro-no-copom-dessa-semana-e-queda-a-partir-de-agosto.ghtml\">desde a semana passada, um corte da taxa de juros de 13,75% para 13,50% ao ano em agosto<\/a>. <strong>Havia expectativa entre os analistas que o comunicado do Copom pudesse trazer alguma indica\u00e7\u00e3o sobre esse movimento. <\/strong> <\/p>\n<p> Por\u00e9m, diferentemente dos comunicadores anteriores, desta vez, o comit\u00ea n\u00e3o sinalizou a possibilidade de aumento da Selic. <\/p>\n<p> Na vis\u00e3o de Haddad, h\u00e1 um &quot;descompasso&quot; entre o que est\u00e1 acontecendo com o Brasil, com queda do d\u00f3lar, da curva de juros no mercado futuro e com a atividade econ\u00f4mica, com a vis\u00e3o do Banco Central. <\/p>\n<p> &quot;\u00c9 claro o sinal de que pod\u00edamos sinalizar um corte da taxa Selic, que \u00e9 a mais alta do mundo. De longe do segundo colocado. Estamos a\u00ed com juro real [desconta a infla\u00e7\u00e3o estimada para os pr\u00f3ximos 12 meses] que deve estar batendo em 8% [ao ano]. Essa que \u00e9 a realidade, e a\u00ed tem o impacto na bolsa, no varejo, os impactos conhecidos&quot;, acrescentou o ministro. <\/p>\n<p><h2>Impacto nas contas p\u00fablicas e na infla\u00e7\u00e3o<\/h2>\n<\/p>\n<p> De acordo com Haddad, a decis\u00e3o do Copom de manter a taxa de juros est\u00e1vel no atual patamar, o maior em seis anos e meio, vai impactar as contas p\u00fablicas &#8211; por meio do aumento dos gastos com juros. <\/p>\n<p> &quot;Os etados est\u00e3o perdendo a arrecada\u00e7\u00e3o, os munic\u00edpios est\u00e3o perdendo a arrecada\u00e7\u00e3o. A Uni\u00e3o n\u00e3o est\u00e1 performando. H\u00e1 outras quest\u00f5es sendo resolvidas&quot;, disse o ministro. <\/p>\n<p> Segundo Haddad, a decis\u00e3o do Copom significa que o pa\u00eds estaria &quot;contratando problemas com essa taxa de juros, futuro&quot;. &quot;Est\u00e1 contratando infla\u00e7\u00e3o futura ou aumento da carga tribut\u00e1ria futura&quot;, declarou o ministro. <\/p>\n<p><h2>Comunicado do Copom<\/h2>\n<\/p>\n<p> Al\u00e9m de n\u00e3o sinalizar corte de juros nas pr\u00f3ximas reuni\u00f5es, embora tenha retirado a express\u00e3o de que poderia voltar a subir a taxa Selic, o comunicado do Copom tamb\u00e9m pede &quot;paci\u00eancia e serenidade&quot;. <\/p>\n<p>&quot;O comit\u00ea avalia que a conjuntura demanda paci\u00eancia e serenidade na condu\u00e7\u00e3o da pol\u00edtica monet\u00e1ria e relembra que os passos futuros da pol\u00edtica monet\u00e1ria depender\u00e3o da evolu\u00e7\u00e3o da din\u00e2mica inflacion\u00e1ria&quot;, afirma o texto divulgado pelo Banco Central. <\/p>\n<p> O Copom informou ainda que a pol\u00edtica de manter a taxa em 13,75% vem surtindo os efeitos desejados de segurar a infla\u00e7\u00e3o. O Copom afirmou que o momento \u00e9 de &quot;paci\u00eancia&quot; e &quot;serenidade&quot;. <\/p>\n<ul>\n<li>Neste momento, a institui\u00e7\u00e3o j\u00e1 est\u00e1 mirando na meta do ano que vem. Isso ocorre porque as mudan\u00e7as na taxa Selic demoram de seis a 18 meses para ter impacto pleno na economia.<\/li>\n<li>Na semana passada, os economistas do mercado financeiro <a class href=\"https:\/\/g1.globo.com\/economia\/noticia\/2023\/06\/19\/mercado-reduz-novamente-estimativa-de-inflacao-para-2023-ve-alta-do-pib-acima-de-2percent-e-queda-maior-do-juro.ghtml\">reduziram a estimativa de infla\u00e7\u00e3o deste ano, de 5,42% para 5,12%, e passaram a projetar uma infla\u00e7\u00e3o de 4% para 2024.<\/a><\/li>\n<li>A meta de infla\u00e7\u00e3o do pr\u00f3ximo ano, definida pelo Conselho Monet\u00e1rio Nacional (CMN), \u00e9 de 3% e ser\u00e1 considerada cumprida se oscilar entre 1,5% e 4,5%.<\/li>\n<\/ul>\n<p><h2>Cr\u00edticas de Lula ao patamar de juros<\/h2>\n<\/p>\n<p> O governo Lula tem pressionado o Banco Central a reduzir a taxa de juros. A avalia\u00e7\u00e3o \u00e9 que o atual patamar da Selic inibe o crescimento da economia. <\/p>\n<p> Nesta segunda-feira (19), em transmiss\u00e3o pela internet, Lula voltou a dizer que o presidente do Banco Central, Roberto Campos Neto, precisa explicar \u00e0 popula\u00e7\u00e3o por que a Selic permanece em 13,75%. <\/p>\n<p> &quot;Apenas o juro precisa baixar, porque tamb\u00e9m n\u00e3o tem explica\u00e7\u00e3o. O presidente do Banco Central precisa explicar, n\u00e3o a mim, porque eu j\u00e1 sei o porqu\u00ea ele n\u00e3o baixa, mas ao povo brasileiro e ao Senado, [explicar] por que ele n\u00e3o baixa [a taxa]&quot;, disse. <\/p>\n<p> Nesta quarta-feira (21), 51 integrantes do Conselho de Desenvolvimento Econ\u00f4mico Social Sustent\u00e1vel da Presid\u00eancia da Rep\u00fablica, chamado de Conselh\u00e3o, se juntaram \u00e0s cr\u00edticas e divulgaram uma carta aberta ao presidente do Banco Central e aos diretores da institui\u00e7\u00e3o pedindo corte na taxa b\u00e1sica de juro. <\/p>\n<ul>\n<li> <a href=\"https:\/\/g1.globo.com\/tudo-sobre\/banco-central-do-brasil\/\" class=\"entities__list-itemLink\" data-track-click=\"Banco Central do Brasil\"> Banco Central do Brasil <\/a> <\/li>\n<li> <a href=\"https:\/\/g1.globo.com\/tudo-sobre\/copom\/\" class=\"entities__list-itemLink\" data-track-click=\"Copom\"> Copom <\/a> <\/li>\n<\/ul>\n","protected":false},"excerpt":{"rendered":"<p>1 de 1&#013;O ministro da Fazenda, Fernando Haddad \u2014 Foto: Reprodu\u00e7\u00e3o\/TV Globo O ministro da Fazenda, Fernando Haddad \u2014 Foto: Reprodu\u00e7\u00e3o\/TV Globo O ministro da Fazenda, Fernando Haddad, afirmou nesta quinta-feira (22) que o comunicado da reuni\u00e3o do Comit\u00ea de Pol\u00edtica Monet\u00e1ria (Copom) do Banco Central \u00e9 &quot;muito ruim&quot; e n\u00e3o &quot;alivia a situa\u00e7\u00e3o&quot;. A [&hellip;]<\/p>\n","protected":false},"author":1,"featured_media":0,"comment_status":"closed","ping_status":"closed","sticky":false,"template":"","format":"standard","meta":{"footnotes":""},"categories":[],"tags":[],"class_list":["post-49626","post","type-post","status-publish","format-standard","hentry"],"_links":{"self":[{"href":"https:\/\/blog.corretoraideal.com.br\/index.php\/wp-json\/wp\/v2\/posts\/49626","targetHints":{"allow":["GET"]}}],"collection":[{"href":"https:\/\/blog.corretoraideal.com.br\/index.php\/wp-json\/wp\/v2\/posts"}],"about":[{"href":"https:\/\/blog.corretoraideal.com.br\/index.php\/wp-json\/wp\/v2\/types\/post"}],"author":[{"embeddable":true,"href":"https:\/\/blog.corretoraideal.com.br\/index.php\/wp-json\/wp\/v2\/users\/1"}],"replies":[{"embeddable":true,"href":"https:\/\/blog.corretoraideal.com.br\/index.php\/wp-json\/wp\/v2\/comments?post=49626"}],"version-history":[{"count":1,"href":"https:\/\/blog.corretoraideal.com.br\/index.php\/wp-json\/wp\/v2\/posts\/49626\/revisions"}],"predecessor-version":[{"id":49628,"href":"https:\/\/blog.corretoraideal.com.br\/index.php\/wp-json\/wp\/v2\/posts\/49626\/revisions\/49628"}],"wp:attachment":[{"href":"https:\/\/blog.corretoraideal.com.br\/index.php\/wp-json\/wp\/v2\/media?parent=49626"}],"wp:term":[{"taxonomy":"category","embeddable":true,"href":"https:\/\/blog.corretoraideal.com.br\/index.php\/wp-json\/wp\/v2\/categories?post=49626"},{"taxonomy":"post_tag","embeddable":true,"href":"https:\/\/blog.corretoraideal.com.br\/index.php\/wp-json\/wp\/v2\/tags?post=49626"}],"curies":[{"name":"wp","href":"https:\/\/api.w.org\/{rel}","templated":true}]}}