{"id":50514,"date":"2023-07-11T21:29:37","date_gmt":"2023-07-11T21:29:37","guid":{"rendered":"https:\/\/blog.corretoraideal.com.br\/?p=50514"},"modified":"2023-07-11T21:29:37","modified_gmt":"2023-07-11T21:29:37","slug":"moradores-de-mais-quatro-cidades-podem-se-inscrever-para-retirar-parabolicas-digitais-no-rj-saiba-como-norte-fluminense-g1","status":"publish","type":"post","link":"https:\/\/blog.corretoraideal.com.br\/index.php\/2023\/07\/11\/moradores-de-mais-quatro-cidades-podem-se-inscrever-para-retirar-parabolicas-digitais-no-rj-saiba-como-norte-fluminense-g1\/","title":{"rendered":"Moradores de mais quatro cidades podem se inscrever para retirar parab\u00f3licas digitais no RJ; saiba como | Norte Fluminense | G1"},"content":{"rendered":"<p>      1 de 1&#013;Antena parab\u00f3lica digital tem instala\u00e7\u00e3o gratuita para fam\u00edlias de baixa renda \u2014 Foto: Divulga\u00e7\u00e3o\/Siga Antenado    <\/p>\n<p> Antena parab\u00f3lica digital tem instala\u00e7\u00e3o gratuita para fam\u00edlias de baixa renda \u2014 Foto: Divulga\u00e7\u00e3o\/Siga Antenado <\/p>\n<p> Os moradores de <a class href=\"https:\/\/g1.globo.com\/rj\/norte-fluminense\/cidade\/cambuci\/\">Cambuci<\/a>, <a class href=\"https:\/\/g1.globo.com\/rj\/regiao-serrana\/cidade\/macuco\/\">Macuco<\/a>, <a class href=\"https:\/\/g1.globo.com\/rj\/norte-fluminense\/cidade\/sao-francisco-de-itabapoana\/\">S\u00e3o Francisco de Itabapoana<\/a> e <a class href=\"https:\/\/g1.globo.com\/rj\/norte-fluminense\/cidade\/sao-jose-de-uba\/\">S\u00e3o Jos\u00e9 de Ub\u00e1<\/a> poder\u00e3o se cadastrar para receber os kits gratuitos de antena parab\u00f3lica digital pelo programa Siga Antenado. <\/p>\n<p> O servi\u00e7o \u00e9 gratuito para fam\u00edlias inscritas em programas sociais do Governo Federal, cadastrados no Cad\u00danico, e que tenham parab\u00f3lica tradicional instalada e funcionando em casa. <\/p>\n<p> A substitui\u00e7\u00e3o \u00e9 necess\u00e1ria porque, em breve, as antenas antigas v\u00e3o deixar de funcionar. Quem n\u00e3o trocar para a nova parab\u00f3lica digital n\u00e3o vai conseguir receber os sinais de televis\u00e3o. <\/p>\n<p> Quem assiste televis\u00e3o por outros sistemas de transmiss\u00e3o como antenal digital espinha de peixe instalada no telhado da casa, antena digital interna ou TV por assinatura, mesmo que seja benefici\u00e1rio de programas sociais, n\u00e3o precisa fazer a troca. <\/p>\n<p> Outro problema que o modelo tradicional vai enfrentar \u00e9 o risco de interfer\u00eancias no sinal da TV<a class href=\"https:\/\/g1.globo.com\/tecnologia\/noticia\/2023\/07\/06\/5g-no-brasil-mapa-mostra-todas-as-antenas-nas-315-cidades-com-a-tecnologia-confira.ghtml\"> quando a tecnologia 5G for ativada na cidade ou regi\u00e3o<\/a>. Como o sinal 5G \u00e9 transmitido na mesma frequ\u00eancia da parab\u00f3lica tradicional, a transmiss\u00e3o poder\u00e1 ter chuviscos, chiados, a imagem pode travar e at\u00e9 ser interrompida. <\/p>\n<p> S\u00f3 em S\u00e3o Francisco de Itabapoana, 604 fam\u00edlias podem ter direito \u00e0 instala\u00e7\u00e3o do kit gratuito. <\/p>\n<p> Para saber se voc\u00ea tem direito \u00e0 retirada do kit, acesse <a class href=\"https:\/\/sigaantenado.com.br\/\" target=\"_blank\" rel=\"noopener noreferrer\">o site do Programa Siga Antenado<\/a> e preencha os campos que solicitam os n\u00fameros de CPF e NIS. <\/p>\n<p> No estado do Rio de Janeiro, al\u00e9m da capital, outras 69 cidades continuam com o agendamento para a instala\u00e7\u00e3o do kit gratuito liberado. Entre elas est\u00e3o <a class href=\"https:\/\/g1.globo.com\/rj\/regiao-dos-lagos\/cidade\/cabo-frio\/\">Cabo Frio<\/a>, <a class href=\"https:\/\/g1.globo.com\/rj\/regiao-dos-lagos\/cidade\/macae\/\">Maca\u00e9<\/a> e <a class href=\"https:\/\/g1.globo.com\/rj\/regiao-serrana\/cidade\/nova-friburgo\/\">Nova Friburgo<\/a>. <\/p>\n<ul>\n<li> <a href=\"https:\/\/g1.globo.com\/rj\/regiao-dos-lagos\/cidade\/cabo-frio\/\" class=\"entities__list-itemLink\" data-track-click=\"Cabo Frio\"> Cabo Frio <\/a> <\/li>\n<li> <a href=\"https:\/\/g1.globo.com\/rj\/norte-fluminense\/cidade\/cambuci\/\" class=\"entities__list-itemLink\" data-track-click=\"Cambuci\"> Cambuci <\/a> <\/li>\n<li> <a href=\"https:\/\/g1.globo.com\/rj\/regiao-dos-lagos\/cidade\/macae\/\" class=\"entities__list-itemLink\" data-track-click=\"Maca\u00e9\"> Maca\u00e9 <\/a> <\/li>\n<li> <a href=\"https:\/\/g1.globo.com\/rj\/regiao-serrana\/cidade\/macuco\/\" class=\"entities__list-itemLink\" data-track-click=\"Macuco\"> Macuco <\/a> <\/li>\n<li> <a href=\"https:\/\/g1.globo.com\/rj\/regiao-serrana\/cidade\/nova-friburgo\/\" class=\"entities__list-itemLink\" data-track-click=\"Nova Friburgo\"> Nova Friburgo <\/a> <\/li>\n<li> <a href=\"https:\/\/g1.globo.com\/rj\/norte-fluminense\/cidade\/sao-francisco-de-itabapoana\/\" class=\"entities__list-itemLink\" data-track-click=\"S\u00e3o Francisco de Itabapoana\"> S\u00e3o Francisco de Itabapoana <\/a> <\/li>\n<li> <a href=\"https:\/\/g1.globo.com\/rj\/norte-fluminense\/cidade\/sao-jose-de-uba\/\" class=\"entities__list-itemLink\" data-track-click=\"S\u00e3o Jos\u00e9 de Ub\u00e1\"> S\u00e3o Jos\u00e9 de Ub\u00e1 <\/a> <\/li>\n<\/ul>\n","protected":false},"excerpt":{"rendered":"<p>1 de 1&#013;Antena parab\u00f3lica digital tem instala\u00e7\u00e3o gratuita para fam\u00edlias de baixa renda \u2014 Foto: Divulga\u00e7\u00e3o\/Siga Antenado Antena parab\u00f3lica digital tem instala\u00e7\u00e3o gratuita para fam\u00edlias de baixa renda \u2014 Foto: Divulga\u00e7\u00e3o\/Siga Antenado Os moradores de Cambuci, Macuco, S\u00e3o Francisco de Itabapoana e S\u00e3o Jos\u00e9 de Ub\u00e1 poder\u00e3o se cadastrar para receber os kits gratuitos de [&hellip;]<\/p>\n","protected":false},"author":1,"featured_media":0,"comment_status":"closed","ping_status":"closed","sticky":false,"template":"","format":"standard","meta":{"footnotes":""},"categories":[],"tags":[],"class_list":["post-50514","post","type-post","status-publish","format-standard","hentry"],"_links":{"self":[{"href":"https:\/\/blog.corretoraideal.com.br\/index.php\/wp-json\/wp\/v2\/posts\/50514","targetHints":{"allow":["GET"]}}],"collection":[{"href":"https:\/\/blog.corretoraideal.com.br\/index.php\/wp-json\/wp\/v2\/posts"}],"about":[{"href":"https:\/\/blog.corretoraideal.com.br\/index.php\/wp-json\/wp\/v2\/types\/post"}],"author":[{"embeddable":true,"href":"https:\/\/blog.corretoraideal.com.br\/index.php\/wp-json\/wp\/v2\/users\/1"}],"replies":[{"embeddable":true,"href":"https:\/\/blog.corretoraideal.com.br\/index.php\/wp-json\/wp\/v2\/comments?post=50514"}],"version-history":[{"count":1,"href":"https:\/\/blog.corretoraideal.com.br\/index.php\/wp-json\/wp\/v2\/posts\/50514\/revisions"}],"predecessor-version":[{"id":50516,"href":"https:\/\/blog.corretoraideal.com.br\/index.php\/wp-json\/wp\/v2\/posts\/50514\/revisions\/50516"}],"wp:attachment":[{"href":"https:\/\/blog.corretoraideal.com.br\/index.php\/wp-json\/wp\/v2\/media?parent=50514"}],"wp:term":[{"taxonomy":"category","embeddable":true,"href":"https:\/\/blog.corretoraideal.com.br\/index.php\/wp-json\/wp\/v2\/categories?post=50514"},{"taxonomy":"post_tag","embeddable":true,"href":"https:\/\/blog.corretoraideal.com.br\/index.php\/wp-json\/wp\/v2\/tags?post=50514"}],"curies":[{"name":"wp","href":"https:\/\/api.w.org\/{rel}","templated":true}]}}