{"id":50517,"date":"2023-07-11T23:29:36","date_gmt":"2023-07-11T23:29:36","guid":{"rendered":"https:\/\/blog.corretoraideal.com.br\/?p=50517"},"modified":"2023-07-11T23:29:36","modified_gmt":"2023-07-11T23:29:36","slug":"ministro-de-minas-e-energia-nega-interferencia-e-defende-nova-politica-de-precos-da-petrobras-economia-g1","status":"publish","type":"post","link":"https:\/\/blog.corretoraideal.com.br\/index.php\/2023\/07\/11\/ministro-de-minas-e-energia-nega-interferencia-e-defende-nova-politica-de-precos-da-petrobras-economia-g1\/","title":{"rendered":"Ministro de Minas e Energia nega interfer\u00eancia e defende nova pol\u00edtica de pre\u00e7os da Petrobras | Economia | G1"},"content":{"rendered":"<p>      1 de 1&#013;O ministro de Minas e Energia, Alexandre Silveira. \u2014 Foto: Ton Molina\/Fotoarena\/Estad\u00e3o Conte\u00fado    <\/p>\n<p> O ministro de Minas e Energia, Alexandre Silveira. \u2014 Foto: Ton Molina\/Fotoarena\/Estad\u00e3o Conte\u00fado <\/p>\n<p> O ministro de Minas e Energia, Alexandre Silveira, defendeu nesta ter\u00e7a-feira (11) a manuten\u00e7\u00e3o da <a class href=\"https:\/\/g1.globo.com\/economia\/noticia\/2023\/06\/18\/nova-politica-da-petrobras-para-os-combustiveis-completa-um-mes-com-precos-proximos-ao-modelo-anterior.ghtml\">nova pol\u00edtica de pre\u00e7os de combust\u00edveis<\/a> da <a class href=\"https:\/\/g1.globo.com\/tudo-sobre\/petrobras\/\">Petrobras<\/a> e afirmou \u201cn\u00e3o h\u00e1 evid\u00eancias de interfer\u00eancia&quot; nas regras. <\/p>\n<p> Segundo a pasta, o argumento consta em of\u00edcio entregue por Silveira ao superintendente-geral do Conselho Administrativo de Defesa Econ\u00f4mica (Cade), Alexandre Barreto. No \u00f3rg\u00e3o, tramita <a class href=\"https:\/\/g1.globo.com\/economia\/noticia\/2023\/05\/17\/cade-pede-informacoes-a-petrobras-sobre-nova-politica-de-precos.ghtmlhttps:\/\/g1.globo.com\/economia\/noticia\/2023\/05\/17\/cade-pede-informacoes-a-petrobras-sobre-nova-politica-de-precos.ghtml\">inqu\u00e9rito sobre poss\u00edveis condutas anticompetitivas praticadas pela empresa<\/a>. <\/p>\n<p> As novas regras de precifica\u00e7\u00e3o do petr\u00f3leo foram anunciadas pela estatal em maio. Na ocasi\u00e3o, a Petrobras anunciou o <a class href=\"https:\/\/g1.globo.com\/economia\/noticia\/2023\/05\/16\/petrobras-anuncia-fim-da-paridade-internacional-do-petroleo-e-nova-politica-de-preco-para-combustiveis.ghtml\">fim da paridade de pre\u00e7os do petr\u00f3leo<\/a> \u2013 e dos combust\u00edveis derivados, como gasolina e diesel \u2013 com o d\u00f3lar e o mercado internacional (veja mais abaixo). <\/p>\n<p> No of\u00edcio, o ministro disse que &quot;a nova estrat\u00e9gia comercial \u00e9 de responsabilidade da sua diretoria executiva&quot;. Alexandre Silveira criticou o antigo modelo adotado pela Petrobras para reajustar os pre\u00e7os. <\/p>\n<p> &quot;O PPI [Paridade de Pre\u00e7o de Importa\u00e7\u00e3o] \u00e9 uma abstra\u00e7\u00e3o, pois era calculado com base em uma rota te\u00f3rica de importa\u00e7\u00e3o e chegou a considerar uma margem de 30% sobre os custos de importa\u00e7\u00f5es, somados aos tributos&quot;, escreveu. <\/p>\n<p> Silveira argumentou que a Petrobras, respeitada a sua governan\u00e7a, precisa ser a &quot;grande indutora da competitividade dos pre\u00e7os de combust\u00edveis no mercado&quot;. <\/p>\n<p>\u201cOs pre\u00e7os de combust\u00edveis no Pa\u00eds devem seguir a oferta, a demanda e os pre\u00e7os de todos os agentes que atuam no mercado. Ao se adotar a obriga\u00e7\u00e3o do PPI, a Petrobras sempre praticava o pre\u00e7o do seu pior concorrente, do importador mais ineficiente e, por \u00f3bvio, beneficiava os associados da [Associa\u00e7\u00e3o Brasileira dos Importadores de Combust\u00edveis] Abicom e prejudicava a sociedade brasileira com os pre\u00e7os mais altos poss\u00edveis.&quot;<\/p>\n<p> O ministro ainda pediu ao Cade o arquivamento de uma representa\u00e7\u00e3o apresentada pela Associa\u00e7\u00e3o Brasileira dos Importadores de Combust\u00edveis (Abicom). <\/p>\n<p><h2>Nova pol\u00edtica de pre\u00e7os<\/h2>\n<\/p>\n<p>                   <img loading=\"lazy\" decoding=\"async\" class=\"aligncenter size-full wp-image-50519\" src=\"https:\/\/blog.corretoraideal.com.br\/wp-content\/uploads\/2023\/07\/entenda-a-nova-politica-de-precos-da-petrobras.jpeg\" alt=\"Entenda a nova pol\u00edtica de pre\u00e7os da Petrobras\" width=\"800\" height=\"400\" \/>      <\/p>\n<p> Entenda a nova pol\u00edtica de pre\u00e7os da Petrobras <\/p>\n<p> A nova pol\u00edtica da Petrobras para os combust\u00edveis considera duas refer\u00eancias de mercado: o &quot;custo alternativo do cliente, como valor a ser priorizado na precifica\u00e7\u00e3o&quot;, e o &quot;valor marginal para a Petrobras&quot;. <\/p>\n<p> A pol\u00edtica anterior, chamada de Pre\u00e7o de Paridade de Importa\u00e7\u00e3o (PPI), entrou em vigor em 2016. Desde ent\u00e3o, a Petrobras considerava o valor do petr\u00f3leo no mercado global e custos log\u00edsticos como o fretamento de navios, as taxas portu\u00e1rias e o uso dos dutos internos para transporte. <\/p>\n<ul>\n<li> <a href=\"https:\/\/g1.globo.com\/tudo-sobre\/ministerio-de-minas-e-energia\/\" class=\"entities__list-itemLink\" data-track-click=\"Minist\u00e9rio de Minas e Energia\"> Minist\u00e9rio de Minas e Energia <\/a> <\/li>\n<li> <a href=\"https:\/\/g1.globo.com\/tudo-sobre\/petrobras\/\" class=\"entities__list-itemLink\" data-track-click=\"Petrobras\"> Petrobras <\/a> <\/li>\n<\/ul>\n","protected":false},"excerpt":{"rendered":"<p>1 de 1&#013;O ministro de Minas e Energia, Alexandre Silveira. \u2014 Foto: Ton Molina\/Fotoarena\/Estad\u00e3o Conte\u00fado O ministro de Minas e Energia, Alexandre Silveira. \u2014 Foto: Ton Molina\/Fotoarena\/Estad\u00e3o Conte\u00fado O ministro de Minas e Energia, Alexandre Silveira, defendeu nesta ter\u00e7a-feira (11) a manuten\u00e7\u00e3o da nova pol\u00edtica de pre\u00e7os de combust\u00edveis da Petrobras e afirmou \u201cn\u00e3o h\u00e1 [&hellip;]<\/p>\n","protected":false},"author":1,"featured_media":0,"comment_status":"closed","ping_status":"closed","sticky":false,"template":"","format":"standard","meta":{"footnotes":""},"categories":[],"tags":[],"class_list":["post-50517","post","type-post","status-publish","format-standard","hentry"],"_links":{"self":[{"href":"https:\/\/blog.corretoraideal.com.br\/index.php\/wp-json\/wp\/v2\/posts\/50517","targetHints":{"allow":["GET"]}}],"collection":[{"href":"https:\/\/blog.corretoraideal.com.br\/index.php\/wp-json\/wp\/v2\/posts"}],"about":[{"href":"https:\/\/blog.corretoraideal.com.br\/index.php\/wp-json\/wp\/v2\/types\/post"}],"author":[{"embeddable":true,"href":"https:\/\/blog.corretoraideal.com.br\/index.php\/wp-json\/wp\/v2\/users\/1"}],"replies":[{"embeddable":true,"href":"https:\/\/blog.corretoraideal.com.br\/index.php\/wp-json\/wp\/v2\/comments?post=50517"}],"version-history":[{"count":1,"href":"https:\/\/blog.corretoraideal.com.br\/index.php\/wp-json\/wp\/v2\/posts\/50517\/revisions"}],"predecessor-version":[{"id":50520,"href":"https:\/\/blog.corretoraideal.com.br\/index.php\/wp-json\/wp\/v2\/posts\/50517\/revisions\/50520"}],"wp:attachment":[{"href":"https:\/\/blog.corretoraideal.com.br\/index.php\/wp-json\/wp\/v2\/media?parent=50517"}],"wp:term":[{"taxonomy":"category","embeddable":true,"href":"https:\/\/blog.corretoraideal.com.br\/index.php\/wp-json\/wp\/v2\/categories?post=50517"},{"taxonomy":"post_tag","embeddable":true,"href":"https:\/\/blog.corretoraideal.com.br\/index.php\/wp-json\/wp\/v2\/tags?post=50517"}],"curies":[{"name":"wp","href":"https:\/\/api.w.org\/{rel}","templated":true}]}}