{"id":50548,"date":"2023-07-12T12:29:35","date_gmt":"2023-07-12T12:29:35","guid":{"rendered":"https:\/\/blog.corretoraideal.com.br\/?p=50548"},"modified":"2023-07-12T12:29:35","modified_gmt":"2023-07-12T12:29:35","slug":"confira-as-vagas-de-emprego-disponiveis-esta-semana-em-campos-macae-e-itaperuna-norte-fluminense-g1-3","status":"publish","type":"post","link":"https:\/\/blog.corretoraideal.com.br\/index.php\/2023\/07\/12\/confira-as-vagas-de-emprego-disponiveis-esta-semana-em-campos-macae-e-itaperuna-norte-fluminense-g1-3\/","title":{"rendered":"Confira as vagas de emprego dispon\u00edveis esta semana em Campos, Maca\u00e9 e Itaperuna | Norte Fluminense | G1"},"content":{"rendered":"<p>      1 de 1&#013;Vagas nos balc\u00f5es de emprego em Campos, Maca\u00e9 e Itaperuna s\u00e3o atualizadas diariamente \u2014 Foto: Rodrigo Marinelli\/g1    <\/p>\n<p> Vagas nos balc\u00f5es de emprego em Campos, Maca\u00e9 e Itaperuna s\u00e3o atualizadas diariamente \u2014 Foto: Rodrigo Marinelli\/g1 <\/p>\n<p> As prefeituras de <a class href=\"https:\/\/g1.globo.com\/rj\/norte-fluminense\/cidade\/campos-dos-goytacazes\/\">Campos dos Goytacazes<\/a>, <a class href=\"https:\/\/g1.globo.com\/rj\/regiao-dos-lagos\/cidade\/macae\/\">Maca\u00e9<\/a> e <a class href=\"https:\/\/g1.globo.com\/rj\/norte-fluminense\/cidade\/itaperuna\/\">Itaperuna<\/a> divulgaram as vagas de emprego disponibilizadas para as regi\u00f5es Norte e Noroeste do Estado do Rio. As oportunidades s\u00e3o atualizadas diariamente e h\u00e1 vagas para todos os n\u00edveis de escolaridade. <\/p>\n<p> Em Campos, h\u00e1 um total de 235 vagas em diferentes \u00e1reas, dentre elas: <\/p>\n<ul>\n<li>Atendente<\/li>\n<li>Balconista<\/li>\n<li>Professor de ingl\u00eas<\/li>\n<li>Auxiliar administrativo<\/li>\n<li>Soldador<\/li>\n<li>Pedreiro<\/li>\n<\/ul>\n<p> Em Maca\u00e9, s\u00e3o 63 oportunidades e algumas dessas vagas s\u00e3o para: <\/p>\n<ul>\n<li>Mec\u00e2nico de refrigera\u00e7\u00e3o<\/li>\n<li>Balconista<\/li>\n<li>Assistente fiscal<\/li>\n<li>Marceneiro<\/li>\n<li>Instalador<\/li>\n<li>Vendedor<\/li>\n<\/ul>\n<p> J\u00e1 em Itaperuna, quatro vagas est\u00e3o dispon\u00edveis para o seguintes cargos: <\/p>\n<ul>\n<li>Costureira<\/li>\n<li>Auxiliar de costura Arrematadeira com experi\u00eancia<\/li>\n<li>Vendedora com experi\u00eancia<\/li>\n<\/ul>\n<p> Os interessados nas oportunidades podem entrar em contato com os \u00f3rg\u00e3os atrav\u00e9s dos sites: <\/p>\n<p> Em Maca\u00e9 &#8211; <a class href=\"https:\/\/sistemas.macae.rj.gov.br:84\/trabalhoerenda\/index\/mural\" target=\"_blank\" rel=\"noopener noreferrer\">https:\/\/sistemas.macae.rj.gov.br:84\/trabalhoerenda\/index\/mural<\/a> <\/p>\n<p> Em Campos &#8211; <a class href=\"https:\/\/sistemas.campos.rj.gov.br\/sgbemp\/vagas\" target=\"_blank\" rel=\"noopener noreferrer\">https:\/\/sistemas.campos.rj.gov.br\/sgbemp\/vagas<\/a> <\/p>\n<p> E atrav\u00e9s do e-mail acessuastrabalhoitaperuna@gmail.com em Itaperuna. <\/p>\n<p> Lembrando que neste caso, quem n\u00e3o tem curr\u00edculo, pode comparecer pessoalmente ao Acessuas &#8211; Acesso ao Mundo do Trabalho, na Rua S\u00e3o Jos\u00e9, 104 &#8211; Centro -Itaperuna, munido com a identidade, CPF, comprovante de resid\u00eancia e carteira de trabalho (caso tenha), das 8h \u00e0s 17h, de segunda a sexta-feira. <\/p>\n<ul>\n<li> <a href=\"https:\/\/g1.globo.com\/rj\/norte-fluminense\/cidade\/campos-dos-goytacazes\/\" class=\"entities__list-itemLink\" data-track-click=\"Campos dos Goytacazes\"> Campos dos Goytacazes <\/a> <\/li>\n<li> <a href=\"https:\/\/g1.globo.com\/rj\/norte-fluminense\/cidade\/itaperuna\/\" class=\"entities__list-itemLink\" data-track-click=\"Itaperuna\"> Itaperuna <\/a> <\/li>\n<li> <a href=\"https:\/\/g1.globo.com\/rj\/regiao-dos-lagos\/cidade\/macae\/\" class=\"entities__list-itemLink\" data-track-click=\"Maca\u00e9\"> Maca\u00e9 <\/a> <\/li>\n<\/ul>\n","protected":false},"excerpt":{"rendered":"<p>1 de 1&#013;Vagas nos balc\u00f5es de emprego em Campos, Maca\u00e9 e Itaperuna s\u00e3o atualizadas diariamente \u2014 Foto: Rodrigo Marinelli\/g1 Vagas nos balc\u00f5es de emprego em Campos, Maca\u00e9 e Itaperuna s\u00e3o atualizadas diariamente \u2014 Foto: Rodrigo Marinelli\/g1 As prefeituras de Campos dos Goytacazes, Maca\u00e9 e Itaperuna divulgaram as vagas de emprego disponibilizadas para as regi\u00f5es Norte [&hellip;]<\/p>\n","protected":false},"author":1,"featured_media":0,"comment_status":"closed","ping_status":"closed","sticky":false,"template":"","format":"standard","meta":{"footnotes":""},"categories":[],"tags":[],"class_list":["post-50548","post","type-post","status-publish","format-standard","hentry"],"_links":{"self":[{"href":"https:\/\/blog.corretoraideal.com.br\/index.php\/wp-json\/wp\/v2\/posts\/50548","targetHints":{"allow":["GET"]}}],"collection":[{"href":"https:\/\/blog.corretoraideal.com.br\/index.php\/wp-json\/wp\/v2\/posts"}],"about":[{"href":"https:\/\/blog.corretoraideal.com.br\/index.php\/wp-json\/wp\/v2\/types\/post"}],"author":[{"embeddable":true,"href":"https:\/\/blog.corretoraideal.com.br\/index.php\/wp-json\/wp\/v2\/users\/1"}],"replies":[{"embeddable":true,"href":"https:\/\/blog.corretoraideal.com.br\/index.php\/wp-json\/wp\/v2\/comments?post=50548"}],"version-history":[{"count":1,"href":"https:\/\/blog.corretoraideal.com.br\/index.php\/wp-json\/wp\/v2\/posts\/50548\/revisions"}],"predecessor-version":[{"id":50550,"href":"https:\/\/blog.corretoraideal.com.br\/index.php\/wp-json\/wp\/v2\/posts\/50548\/revisions\/50550"}],"wp:attachment":[{"href":"https:\/\/blog.corretoraideal.com.br\/index.php\/wp-json\/wp\/v2\/media?parent=50548"}],"wp:term":[{"taxonomy":"category","embeddable":true,"href":"https:\/\/blog.corretoraideal.com.br\/index.php\/wp-json\/wp\/v2\/categories?post=50548"},{"taxonomy":"post_tag","embeddable":true,"href":"https:\/\/blog.corretoraideal.com.br\/index.php\/wp-json\/wp\/v2\/tags?post=50548"}],"curies":[{"name":"wp","href":"https:\/\/api.w.org\/{rel}","templated":true}]}}