{"id":50578,"date":"2023-07-13T03:29:37","date_gmt":"2023-07-13T03:29:37","guid":{"rendered":"https:\/\/blog.corretoraideal.com.br\/?p=50578"},"modified":"2023-07-13T03:29:37","modified_gmt":"2023-07-13T03:29:37","slug":"mei-completa-15-anos-e-atrai-cada-vez-mais-pequenos-e-micro-empresarios-em-campos-no-rj-norte-fluminense-g1","status":"publish","type":"post","link":"https:\/\/blog.corretoraideal.com.br\/index.php\/2023\/07\/13\/mei-completa-15-anos-e-atrai-cada-vez-mais-pequenos-e-micro-empresarios-em-campos-no-rj-norte-fluminense-g1\/","title":{"rendered":"MEI completa 15 anos e atrai cada vez mais pequenos e micro empres\u00e1rios em Campos, no RJ | Norte Fluminense | G1"},"content":{"rendered":"<p>      1 de 3&#013;Rayane \u00c1vila decidiu montar o pr\u00f3prio neg\u00f3cio na \u00e1rea de beleza e precisou se planejar \u2014 Foto: Aline Pessanha\/g1    <\/p>\n<p> Rayane \u00c1vila decidiu montar o pr\u00f3prio neg\u00f3cio na \u00e1rea de beleza e precisou se planejar \u2014 Foto: Aline Pessanha\/g1 <\/p>\n<p> Ap\u00f3s dez anos de cria\u00e7\u00e3o da lei que instituiu e regulamentou o Microempreendedor Individual (MEI), o empreendedorismo no Brasil tem crescido ainda mais depois da pandemia. S\u00e3o cerca de 15 milh\u00f5es de microempreendedores individuais no Brasil e 1,7 milh\u00e3o no estado do Rio de Janeiro, que representam 11,2% do total do pa\u00eds. <\/p>\n<p> De acordo com o Servi\u00e7o Brasileiro de Apoio ao micro e pequeno empreendedor, o Rio de Janeiro \u00e9 o segundo estado com mais micro empreendedores individuais do Brasil, ficando atr\u00e1s apenas do Estado de S\u00e3o Paulo. Na maior cidade do interior do Rio, <a class href=\"https:\/\/g1.globo.com\/rj\/norte-fluminense\/cidade\/campos-dos-goytacazes\/\">Campos dos Goytacazes<\/a>, no Norte Fluminense, atuam 38.407 MEIs. E o setor que vem puxando a abertura de neg\u00f3cios nessa modalidade na cidade \u00e9 o de servi\u00e7os, segundo dados do Sebrae. <\/p>\n<p><h2>Veja dados por setor em Campos<\/h2>\n<\/p>\n<ul>\n<li>Servi\u00e7os: 44,97%<\/li>\n<li>Com\u00e9rcio: 31,56%<\/li>\n<li>Ind\u00fastria: 17,82%<\/li>\n<li>Economia criativa: 2,79%<\/li>\n<li>Agropecu\u00e1ria: 0,32%<\/li>\n<\/ul>\n<p>         2 de 3&#013;O setor de servi\u00e7os vem puxando a abertura de neg\u00f3cios na modalidade MEI em Campos \u2014 Foto: Aline Pessanha\/g1    <\/p>\n<p> O setor de servi\u00e7os vem puxando a abertura de neg\u00f3cios na modalidade MEI em Campos \u2014 Foto: Aline Pessanha\/g1 <\/p>\n<p> Mas manter os neg\u00f3cios funcionando requer mais que entender de compra e venda. \u00c9 preciso estudar sobre administra\u00e7\u00e3o, planejamento e finan\u00e7as. <\/p>\n<p> Mais da metade dos MEIs (57,4%) estabeleceram um ponto fixo para funcionar seu neg\u00f3cio. \u00c9 o caso da Rayane \u00c1vila. Ap\u00f3s trabalhar com carteira assinada por cerca de tr\u00eas anos, mas insatisfeita com o reconhecimento financeiro, ela decidiu que a melhor sa\u00edda era ser dona do seu pr\u00f3prio neg\u00f3cio, e empreender. <\/p>\n<p>         3 de 3&#013;Rayane \u00c1vila decidiu montar o pr\u00f3prio neg\u00f3cio na \u00e1rea de beleza e precisou se planejar \u2014 Foto: Aline Pessanha\/g1    <\/p>\n<p> Rayane \u00c1vila decidiu montar o pr\u00f3prio neg\u00f3cio na \u00e1rea de beleza e precisou se planejar \u2014 Foto: Aline Pessanha\/g1 <\/p>\n<p> Mas Rayane sabia que a tarefa n\u00e3o seria f\u00e1cil e, por isso, come\u00e7ou a se planejar cinco anos antes do sonho se tornar realidade. <\/p>\n<p> \u201cGanhar um sal\u00e1rio m\u00ednimo n\u00e3o rola. Foi da\u00ed que eu entendi que precisava me organizar, me planejar e juntar dinheiro para abrir o meu sal\u00e3o \u201c, disse a Nail Designer, que coordena hoje uma equipe de cinco pessoas em seu sal\u00e3o. <\/p>\n<p> Al\u00e9m de trabalhar com unhas, Rayane vende roupas e acess\u00f3rios em seu sal\u00e3o. E como ela mesma diz, morar no interior a obrigou a se reinventar e criar suas pr\u00f3prias estrat\u00e9gias. De acordo com ela, foram cinco anos de estudo do local, comprando equipamentos, definindo o p\u00fablico-alvo para dar in\u00edcio a empreitada de ser sua pr\u00f3pria chefe. <\/p>\n<p> Segundo o administrador e mestre em Educa\u00e7\u00e3o continuada em Finan\u00e7as e Estrat\u00e9gias pela Harvard Business School, Manoel Lins, alguns fatores que est\u00e3o relacionados ao crescimento do empreendedorismo est\u00e3o ligados a busca de aproveitamento das oportunidades do mercado para otimiza\u00e7\u00e3o do capital. <\/p>\n<p> \u201cAl\u00e9m da vis\u00e3o de mercado, h\u00e1 outros fatores de alto impacto, que s\u00e3o cr\u00edticos na sociedade relacionados ao contexto pol\u00edtico e econ\u00f4mico, como o alto \u00edndice de desemprego ou uma dificuldade de recoloca\u00e7\u00e3o no mercado, em um mercado altamente competitivo\u201d, explicou o especialista e consultor na Auddas. <\/p>\n<p><h2>Registro de Microempreendedores<\/h2>\n<\/p>\n<p> O registro no caso dos microempreendedores \u00e9 gratuito e essa n\u00e3o \u00e9 a \u00fanica vantagem da formaliza\u00e7\u00e3o: tributa\u00e7\u00e3o reduzida, declara\u00e7\u00e3o de faturamento simplificada, garantia de benef\u00edcios previdenci\u00e1rios, possibilidade de contratar um funcion\u00e1rio, empr\u00e9stimos banc\u00e1rios com cr\u00e9dito diferenciado e a possibilidade de fazer neg\u00f3cios com outras empresas, os chamados neg\u00f3cios B2B. <\/p>\n<p> O coordenador do Sebrae na regi\u00e3o Norte Fluminense, Guilherme Reche destaca que, principalmente no interior do estado, os indiv\u00edduos est\u00e3o buscando sua pr\u00f3pria forma de gera\u00e7\u00e3o de renda, seja prestando um servi\u00e7o que ele j\u00e1 tenha conhecimento t\u00e9cnico ou vendendo um produto que j\u00e1 seja comercializado. Mas ele ainda completa: <\/p>\n<p> \u201c\u00c9 muito importante estar diferenciado no mercado. O mundo hoje est\u00e1 completamente competitivo. Estamos vendo cada vez mais empresas prestando atendimentos e o empreendedor precisa estar antenado em trazer seu cliente para um contato acolhedor e com experi\u00eancia que te destaque. Esse n\u00famero crescente de MEIs colabora e muito para a recupera\u00e7\u00e3o econ\u00f4mica de todo Norte Fluminense\u201d. <\/p>\n<ul>\n<li> <a href=\"https:\/\/g1.globo.com\/rj\/norte-fluminense\/cidade\/campos-dos-goytacazes\/\" class=\"entities__list-itemLink\" data-track-click=\"Campos dos Goytacazes\"> Campos dos Goytacazes <\/a> <\/li>\n<\/ul>\n","protected":false},"excerpt":{"rendered":"<p>1 de 3&#013;Rayane \u00c1vila decidiu montar o pr\u00f3prio neg\u00f3cio na \u00e1rea de beleza e precisou se planejar \u2014 Foto: Aline Pessanha\/g1 Rayane \u00c1vila decidiu montar o pr\u00f3prio neg\u00f3cio na \u00e1rea de beleza e precisou se planejar \u2014 Foto: Aline Pessanha\/g1 Ap\u00f3s dez anos de cria\u00e7\u00e3o da lei que instituiu e regulamentou o Microempreendedor Individual (MEI), [&hellip;]<\/p>\n","protected":false},"author":1,"featured_media":0,"comment_status":"closed","ping_status":"closed","sticky":false,"template":"","format":"standard","meta":{"footnotes":""},"categories":[],"tags":[],"class_list":["post-50578","post","type-post","status-publish","format-standard","hentry"],"_links":{"self":[{"href":"https:\/\/blog.corretoraideal.com.br\/index.php\/wp-json\/wp\/v2\/posts\/50578","targetHints":{"allow":["GET"]}}],"collection":[{"href":"https:\/\/blog.corretoraideal.com.br\/index.php\/wp-json\/wp\/v2\/posts"}],"about":[{"href":"https:\/\/blog.corretoraideal.com.br\/index.php\/wp-json\/wp\/v2\/types\/post"}],"author":[{"embeddable":true,"href":"https:\/\/blog.corretoraideal.com.br\/index.php\/wp-json\/wp\/v2\/users\/1"}],"replies":[{"embeddable":true,"href":"https:\/\/blog.corretoraideal.com.br\/index.php\/wp-json\/wp\/v2\/comments?post=50578"}],"version-history":[{"count":1,"href":"https:\/\/blog.corretoraideal.com.br\/index.php\/wp-json\/wp\/v2\/posts\/50578\/revisions"}],"predecessor-version":[{"id":50580,"href":"https:\/\/blog.corretoraideal.com.br\/index.php\/wp-json\/wp\/v2\/posts\/50578\/revisions\/50580"}],"wp:attachment":[{"href":"https:\/\/blog.corretoraideal.com.br\/index.php\/wp-json\/wp\/v2\/media?parent=50578"}],"wp:term":[{"taxonomy":"category","embeddable":true,"href":"https:\/\/blog.corretoraideal.com.br\/index.php\/wp-json\/wp\/v2\/categories?post=50578"},{"taxonomy":"post_tag","embeddable":true,"href":"https:\/\/blog.corretoraideal.com.br\/index.php\/wp-json\/wp\/v2\/tags?post=50578"}],"curies":[{"name":"wp","href":"https:\/\/api.w.org\/{rel}","templated":true}]}}