{"id":50604,"date":"2023-07-13T15:29:44","date_gmt":"2023-07-13T15:29:44","guid":{"rendered":"https:\/\/blog.corretoraideal.com.br\/?p=50604"},"modified":"2023-07-13T15:29:44","modified_gmt":"2023-07-13T15:29:44","slug":"governo-quer-enviar-segunda-parte-da-reforma-tributaria-ao-congresso-em-agosto-diz-randolfe-politica-g1","status":"publish","type":"post","link":"https:\/\/blog.corretoraideal.com.br\/index.php\/2023\/07\/13\/governo-quer-enviar-segunda-parte-da-reforma-tributaria-ao-congresso-em-agosto-diz-randolfe-politica-g1\/","title":{"rendered":"Governo quer enviar segunda parte da reforma tribut\u00e1ria ao Congresso em agosto, diz Randolfe | Pol\u00edtica | G1"},"content":{"rendered":"\n<p> O governo federal pretende enviar a segunda parte da reforma tribut\u00e1ria ao parlamento ainda em agosto, afirmou nesta quinta-feira (13) o l\u00edder do governo no Congresso, senador Randolfe Rodrigues (AP). <\/p>\n<p> Segundo Randolfe, a expectativa \u00e9 que o Congresso receba o texto j\u00e1 no pr\u00f3ximo m\u00eas, com tramita\u00e7\u00e3o iniciada pela C\u00e2mara. <\/p>\n<p> O pacote, ainda de acordo com o senador, deve ser composto por: <\/p>\n<ul>\n<li>leis complementares \u2013 por exemplo, para regulamentar temas inclu\u00eddos na proposta de Emenda \u00e0 Constitui\u00e7\u00e3o (PEC) que j\u00e1 tramita no Congresso;<\/li>\n<li>novas regras para impostos que incidem sobre a renda.<\/li>\n<\/ul>\n<p>&quot;Pelo que conversamos essa semana com o ministro Haddad, a nossa expectativa \u00e9 que, em agosto, possa j\u00e1 ser encaminhada a segunda parte [da reforma] para come\u00e7ar a ser apreciada pela C\u00e2mara. Ao passo que, no Senado, o senador Eduardo Braga avance com a primeira parte \u2013 que n\u00f3s temos a expectativa que at\u00e9 outubro termos ela aprovada no Senado e promulgada&quot;, disse.<\/p>\n<p>                   <img loading=\"lazy\" decoding=\"async\" class=\"aligncenter size-full wp-image-50606\" src=\"https:\/\/blog.corretoraideal.com.br\/wp-content\/uploads\/2023\/07\/senadores-se-preparam-para-analisar-texto-da-reforma-tributaria-que-muda-a-forma-de-arrecadar-e-pagar-impostos-no-pais-1.jpeg\" alt=\"Senadores se preparam para analisar texto da reforma tribut\u00e1ria, que muda a forma de arrecadar e pagar impostos no pa\u00eds\" width=\"800\" height=\"400\" \/>      <\/p>\n<p> Senadores se preparam para analisar texto da reforma tribut\u00e1ria, que muda a forma de arrecadar e pagar impostos no pa\u00eds <\/p>\n<p> A primeira etapa da reforma, aprovada pela C\u00e2mara na \u00faltima semana, tem foco nos impostos sobre o consumo \u2013 PIS, Cofins, IPI, ICMS e ISS, que devem ser simplificados em apenas dois tributos. O texto ainda vai tramitar no Senado e, se houver mudan\u00e7as significativas, pode voltar para a C\u00e2mara. <\/p>\n<p> O governo tenta reverter algumas exce\u00e7\u00f5es inclu\u00eddas pela C\u00e2mara no texto da reforma. O ministro da Fazenda, Fernando Haddad, disse que o Senado pode deixar o texto &quot;mais redondo, sem tantas exce\u00e7\u00f5es&quot;. <\/p>\n<p><h2>Taxa de juros<\/h2>\n<\/p>\n<p> Randolfe disse que o governo est\u00e1 com &quot;enormes expectativas&quot; para a pr\u00f3xima reuni\u00e3o do Comit\u00ea de Pol\u00edtica Monet\u00e1ria (Copom) do Banco Central. <\/p>\n<p> O Copom \u00e9 formado pelo presidente do BC, Roberto Campos Neto, e a diretoria da institui\u00e7\u00e3o. O comit\u00ea \u00e9 respons\u00e1vel por definir a taxa b\u00e1sica de juros da economia brasileira, em 13,75% desde 2022. <\/p>\n<p> &quot;O bolo est\u00e1 pronto, s\u00f3 falta a cereja. J\u00e1 estou batendo palma para o Roberto Campos Neto com anteced\u00eancia, confiante que o Banco Central vai reduzir a taxa de juros em agosto&quot;, afirmou. <\/p>\n<p> A pr\u00f3xima reuni\u00e3o, no in\u00edcio do m\u00eas que vem, ser\u00e1 a primeira com os dois novos diretores do Banco Central indicados pelo governo Lula: o funcion\u00e1rio de carreira do BC, Ailton Aquino; e o ex-secret\u00e1rio executivo do Minist\u00e9rio da Fazenda, Gabriel Gal\u00edpolo. <\/p>\n<p>                   <img loading=\"lazy\" decoding=\"async\" class=\"aligncenter size-full wp-image-50607\" src=\"https:\/\/blog.corretoraideal.com.br\/wp-content\/uploads\/2023\/07\/imagem13-07-2023-15-07-44.jpeg\" alt=\"imagem13-07-2023-15-07-44\" width=\"800\" height=\"400\" \/>      <\/p>\n<p> &#8216;Vai ficar muito chato se n\u00e3o cortar a taxa de juros&#8217;, diz economista ap\u00f3s resultado do IPCA <\/p>\n<ul> <\/ul>\n","protected":false},"excerpt":{"rendered":"<p>O governo federal pretende enviar a segunda parte da reforma tribut\u00e1ria ao parlamento ainda em agosto, afirmou nesta quinta-feira (13) o l\u00edder do governo no Congresso, senador Randolfe Rodrigues (AP). Segundo Randolfe, a expectativa \u00e9 que o Congresso receba o texto j\u00e1 no pr\u00f3ximo m\u00eas, com tramita\u00e7\u00e3o iniciada pela C\u00e2mara. O pacote, ainda de acordo [&hellip;]<\/p>\n","protected":false},"author":1,"featured_media":0,"comment_status":"closed","ping_status":"closed","sticky":false,"template":"","format":"standard","meta":{"footnotes":""},"categories":[],"tags":[],"class_list":["post-50604","post","type-post","status-publish","format-standard","hentry"],"_links":{"self":[{"href":"https:\/\/blog.corretoraideal.com.br\/index.php\/wp-json\/wp\/v2\/posts\/50604","targetHints":{"allow":["GET"]}}],"collection":[{"href":"https:\/\/blog.corretoraideal.com.br\/index.php\/wp-json\/wp\/v2\/posts"}],"about":[{"href":"https:\/\/blog.corretoraideal.com.br\/index.php\/wp-json\/wp\/v2\/types\/post"}],"author":[{"embeddable":true,"href":"https:\/\/blog.corretoraideal.com.br\/index.php\/wp-json\/wp\/v2\/users\/1"}],"replies":[{"embeddable":true,"href":"https:\/\/blog.corretoraideal.com.br\/index.php\/wp-json\/wp\/v2\/comments?post=50604"}],"version-history":[{"count":1,"href":"https:\/\/blog.corretoraideal.com.br\/index.php\/wp-json\/wp\/v2\/posts\/50604\/revisions"}],"predecessor-version":[{"id":50608,"href":"https:\/\/blog.corretoraideal.com.br\/index.php\/wp-json\/wp\/v2\/posts\/50604\/revisions\/50608"}],"wp:attachment":[{"href":"https:\/\/blog.corretoraideal.com.br\/index.php\/wp-json\/wp\/v2\/media?parent=50604"}],"wp:term":[{"taxonomy":"category","embeddable":true,"href":"https:\/\/blog.corretoraideal.com.br\/index.php\/wp-json\/wp\/v2\/categories?post=50604"},{"taxonomy":"post_tag","embeddable":true,"href":"https:\/\/blog.corretoraideal.com.br\/index.php\/wp-json\/wp\/v2\/tags?post=50604"}],"curies":[{"name":"wp","href":"https:\/\/api.w.org\/{rel}","templated":true}]}}