{"id":50609,"date":"2023-07-13T16:36:59","date_gmt":"2023-07-13T16:36:59","guid":{"rendered":"https:\/\/blog.corretoraideal.com.br\/?p=50609"},"modified":"2023-07-13T16:36:59","modified_gmt":"2023-07-13T16:36:59","slug":"zuckerberg-posta-foto-sem-camisa-em-treino-ao-lado-de-campeoes-de-ufc-apos-desafio-de-musk-tecnologia-g1","status":"publish","type":"post","link":"https:\/\/blog.corretoraideal.com.br\/index.php\/2023\/07\/13\/zuckerberg-posta-foto-sem-camisa-em-treino-ao-lado-de-campeoes-de-ufc-apos-desafio-de-musk-tecnologia-g1\/","title":{"rendered":"Zuckerberg posta foto sem camisa em treino ao lado de campe\u00f5es de UFC ap\u00f3s desafio de Musk | Tecnologia | G1"},"content":{"rendered":"<p>      1 de 2&#013;Post no Instagram de Mark Zuckerberg sem camisa treinando ao lado dos campe\u00f5es de UFC Israel Adesanya e Alexander Volkanovski \u2014 Foto: Reprodu\u00e7\u00e3o\/Instagram    <\/p>\n<p> Post no Instagram de Mark Zuckerberg sem camisa treinando ao lado dos campe\u00f5es de UFC Israel Adesanya e Alexander Volkanovski \u2014 Foto: Reprodu\u00e7\u00e3o\/Instagram <\/p>\n<p> <a class href=\"https:\/\/g1.globo.com\/tudo-sobre\/mark-zuckerberg\/\">Mark Zuckerberg<\/a>, presidente-executivo da Meta (controladora do <a class href=\"https:\/\/g1.globo.com\/tudo-sobre\/facebook\/\">Facebook<\/a>, do <a class href=\"https:\/\/g1.globo.com\/tudo-sobre\/instagram\/\">Instagram<\/a> e do <a class href=\"https:\/\/g1.globo.com\/tudo-sobre\/whatsapp\/\">WhatsApp<\/a>) postou uma foto em seu Instagram em que aparece sem camisa treinando ao lado dos campe\u00f5es de UFC Israel Adesanya e Alexander Volkanovski. <\/p>\n<p> A foto foi postada na ter\u00e7a-feira (11) em conjunto nos perfis de Mark e Israel, dias ap\u00f3s o bilion\u00e1rio<a class href=\"https:\/\/g1.globo.com\/tecnologia\/noticia\/2023\/06\/22\/donos-do-twitter-e-da-meta-se-desafiam-para-uma-luta.ghtml\"> Elon Musk, dono do Twitter, desafiar Zuckerberg para um combate<\/a>. <\/p>\n<p> Em junho, Musk tuitou que estava &quot;pronto para uma luta no &#x27;cage&#x27;&quot; com Zuckerberg. &quot;Cage&quot; (&quot;jaula&quot;, em ingl\u00eas) s\u00e3o palcos de luta de artes marciais mistas ou MMA. Ap\u00f3s o tu\u00edte, Zuckerberg respondeu com &quot;Me passa o local&quot;. Musk, ent\u00e3o, sugeriu o lugar: &quot;Oct\u00f3gono, Vegas&quot;. <\/p>\n<p> No post desta ter\u00e7a-feira, em que Zuckerberg aparece em forma ao lado dos lutadores, aparece a legenda: &quot;Sem brincadeiras com Mark ?Isso \u00e9 neg\u00f3cio s\u00e9rio!!&quot;. O dono da Meta comentou a postagem: &quot;\u00c9 uma honra treinar com voc\u00eas!&quot;. <\/p>\n<p><h2>Zuckerberg x Musk<\/h2>\n<\/p>\n<p> O desafio feito por <a class href=\"https:\/\/g1.globo.com\/tudo-sobre\/elon-musk\/\">Elon Musk<\/a> em junho para uma luta contra Mark Zuckerberg agitou as redes sociais. A disputa parecia n\u00e3o passar de uma brincadeira, mas o presidente do UFC, Dana White, disse ao TMZ Live que conversou com os bilion\u00e1rios e que <a class href=\"https:\/\/g1.globo.com\/tecnologia\/noticia\/2023\/06\/23\/chefao-do-ufc-tem-interesse-em-luta-entre-musk-e-zuckerberg-os-caras-estao-serios-com-isso.ghtml\">ambos est\u00e3o absolutamente s\u00e9rios em rela\u00e7\u00e3o \u00e0 luta<\/a>. <\/p>\n<p> <strong>O g1 preparou um comparativo dos dois bilion\u00e1rios<\/strong>: <\/p>\n<p>         2 de 2&#013;Luta entre Elon Musk e Mark Zuckerberg \u2014 Foto: G1    <\/p>\n<p> Luta entre Elon Musk e Mark Zuckerberg \u2014 Foto: G1 <\/p>\n<p> Zuckerberg j\u00e1 vinha usando as redes sociais para compartilhar sua evolu\u00e7\u00e3o nas artes marciais. No in\u00edcio de maio, ele ganhou uma medalha de ouro e outra de prata em um torneio amador de j\u00edu-jitsu. <\/p>\n<p> Em mar\u00e7o de 2022, Musk disse em entrevista ao podcast de Joe Rogan que praticou j\u00edu-jitsu brasileiro por um curto per\u00edodo e que, na inf\u00e2ncia, fez karat\u00ea, taekwondo e jud\u00f4. <\/p>\n<p> Em junho, ele admitiu que quase nunca malha e brincou sobre uma carta na manga para a luta: &quot;Eu tenho esse grande movimento que chamo de &#x27;A Morsa&#x27;, onde eu apenas me deito em cima do meu oponente e n\u00e3o fa\u00e7o nada&quot;. <\/p>\n<ul>\n<li> <a href=\"https:\/\/g1.globo.com\/tudo-sobre\/elon-musk\/\" class=\"entities__list-itemLink\" data-track-click=\"Elon Musk\"> Elon Musk <\/a> <\/li>\n<li> <a href=\"https:\/\/g1.globo.com\/tudo-sobre\/facebook\/\" class=\"entities__list-itemLink\" data-track-click=\"Facebook\"> Facebook <\/a> <\/li>\n<li> <a href=\"https:\/\/g1.globo.com\/tudo-sobre\/instagram\/\" class=\"entities__list-itemLink\" data-track-click=\"Instagram\"> Instagram <\/a> <\/li>\n<li> <a href=\"https:\/\/g1.globo.com\/tudo-sobre\/mark-zuckerberg\/\" class=\"entities__list-itemLink\" data-track-click=\"Mark Zuckerberg\"> Mark Zuckerberg <\/a> <\/li>\n<li> <a href=\"https:\/\/g1.globo.com\/tudo-sobre\/twitter\/\" class=\"entities__list-itemLink\" data-track-click=\"Twitter\"> Twitter <\/a> <\/li>\n<li> <a href=\"https:\/\/g1.globo.com\/tudo-sobre\/whatsapp\/\" class=\"entities__list-itemLink\" data-track-click=\"WhatsApp\"> WhatsApp <\/a> <\/li>\n<\/ul>\n","protected":false},"excerpt":{"rendered":"<p>1 de 2&#013;Post no Instagram de Mark Zuckerberg sem camisa treinando ao lado dos campe\u00f5es de UFC Israel Adesanya e Alexander Volkanovski \u2014 Foto: Reprodu\u00e7\u00e3o\/Instagram Post no Instagram de Mark Zuckerberg sem camisa treinando ao lado dos campe\u00f5es de UFC Israel Adesanya e Alexander Volkanovski \u2014 Foto: Reprodu\u00e7\u00e3o\/Instagram Mark Zuckerberg, presidente-executivo da Meta (controladora do [&hellip;]<\/p>\n","protected":false},"author":1,"featured_media":0,"comment_status":"closed","ping_status":"closed","sticky":false,"template":"","format":"standard","meta":{"footnotes":""},"categories":[],"tags":[],"class_list":["post-50609","post","type-post","status-publish","format-standard","hentry"],"_links":{"self":[{"href":"https:\/\/blog.corretoraideal.com.br\/index.php\/wp-json\/wp\/v2\/posts\/50609","targetHints":{"allow":["GET"]}}],"collection":[{"href":"https:\/\/blog.corretoraideal.com.br\/index.php\/wp-json\/wp\/v2\/posts"}],"about":[{"href":"https:\/\/blog.corretoraideal.com.br\/index.php\/wp-json\/wp\/v2\/types\/post"}],"author":[{"embeddable":true,"href":"https:\/\/blog.corretoraideal.com.br\/index.php\/wp-json\/wp\/v2\/users\/1"}],"replies":[{"embeddable":true,"href":"https:\/\/blog.corretoraideal.com.br\/index.php\/wp-json\/wp\/v2\/comments?post=50609"}],"version-history":[{"count":1,"href":"https:\/\/blog.corretoraideal.com.br\/index.php\/wp-json\/wp\/v2\/posts\/50609\/revisions"}],"predecessor-version":[{"id":50611,"href":"https:\/\/blog.corretoraideal.com.br\/index.php\/wp-json\/wp\/v2\/posts\/50609\/revisions\/50611"}],"wp:attachment":[{"href":"https:\/\/blog.corretoraideal.com.br\/index.php\/wp-json\/wp\/v2\/media?parent=50609"}],"wp:term":[{"taxonomy":"category","embeddable":true,"href":"https:\/\/blog.corretoraideal.com.br\/index.php\/wp-json\/wp\/v2\/categories?post=50609"},{"taxonomy":"post_tag","embeddable":true,"href":"https:\/\/blog.corretoraideal.com.br\/index.php\/wp-json\/wp\/v2\/tags?post=50609"}],"curies":[{"name":"wp","href":"https:\/\/api.w.org\/{rel}","templated":true}]}}