{"id":50612,"date":"2023-07-13T18:30:07","date_gmt":"2023-07-13T18:30:07","guid":{"rendered":"https:\/\/blog.corretoraideal.com.br\/?p=50612"},"modified":"2023-07-13T18:30:07","modified_gmt":"2023-07-13T18:30:07","slug":"jovem-de-19-anos-e-presa-por-homicidio-em-macae-norte-fluminense-g1","status":"publish","type":"post","link":"https:\/\/blog.corretoraideal.com.br\/index.php\/2023\/07\/13\/jovem-de-19-anos-e-presa-por-homicidio-em-macae-norte-fluminense-g1\/","title":{"rendered":"Jovem de 19 anos \u00e9 presa por homic\u00eddio em Maca\u00e9 | Norte Fluminense | G1"},"content":{"rendered":"<p>      1 de 1&#013;Mulher \u00e9 apontada como autora de diversos homic\u00eddios em Maca\u00e9 \u2014 Foto: Pol\u00edcia Civil\/Divulga\u00e7\u00e3o    <\/p>\n<p> Mulher \u00e9 apontada como autora de diversos homic\u00eddios em Maca\u00e9 \u2014 Foto: Pol\u00edcia Civil\/Divulga\u00e7\u00e3o <\/p>\n<p> Uma jovem de 19 anos foi presa nesta quarta-feira (12) em <a class href=\"https:\/\/g1.globo.com\/rj\/regiao-dos-lagos\/cidade\/macae\/\">Maca\u00e9<\/a>, no Norte Fluminense. Segundo a pol\u00edcia, contra ela havia um mandado de pris\u00e3o em aberto pelo crime de homic\u00eddio qualificado, expedido pela 1\u00aa Vara Criminal da Comarca de Maca\u00e9. <\/p>\n<p> A pris\u00e3o ocorreu na comunidade do Bosque Azul em uma a\u00e7\u00e3o conjunta entre policiais civis da 123\u00aa DP e policiais militares do 32\u00ba Batalh\u00e3o de Pol\u00edcia Militar. <\/p>\n<p> De acordo com as investiga\u00e7\u00f5es, ela \u00e9 apontada como autora de diversos homic\u00eddios ocorridos em Maca\u00e9 motivados pela rivalidade entre fac\u00e7\u00f5es criminosas. <\/p>\n<p> Ainda segundo informa\u00e7\u00f5es da pol\u00edcia, a mulher integrava uma organiza\u00e7\u00e3o criminosa e passou a fazer parte de uma fac\u00e7\u00e3o rival, fornecendo informa\u00e7\u00f5es de toda a movimenta\u00e7\u00e3o dos traficantes do antigo grupo para facilitar as execu\u00e7\u00f5es dos crimes. <\/p>\n<p> Ela foi levada para a delegacia de Maca\u00e9, e, na manh\u00e3 desta quinta-feira (13), foi transferida para um pres\u00eddio feminino em Campos dos Goytacazes. <\/p>\n<ul>\n<li> <a href=\"https:\/\/g1.globo.com\/rj\/regiao-dos-lagos\/cidade\/macae\/\" class=\"entities__list-itemLink\" data-track-click=\"Maca\u00e9\"> Maca\u00e9 <\/a> <\/li>\n<\/ul>\n","protected":false},"excerpt":{"rendered":"<p>1 de 1&#013;Mulher \u00e9 apontada como autora de diversos homic\u00eddios em Maca\u00e9 \u2014 Foto: Pol\u00edcia Civil\/Divulga\u00e7\u00e3o Mulher \u00e9 apontada como autora de diversos homic\u00eddios em Maca\u00e9 \u2014 Foto: Pol\u00edcia Civil\/Divulga\u00e7\u00e3o Uma jovem de 19 anos foi presa nesta quarta-feira (12) em Maca\u00e9, no Norte Fluminense. Segundo a pol\u00edcia, contra ela havia um mandado de pris\u00e3o [&hellip;]<\/p>\n","protected":false},"author":1,"featured_media":0,"comment_status":"closed","ping_status":"closed","sticky":false,"template":"","format":"standard","meta":{"footnotes":""},"categories":[],"tags":[],"class_list":["post-50612","post","type-post","status-publish","format-standard","hentry"],"_links":{"self":[{"href":"https:\/\/blog.corretoraideal.com.br\/index.php\/wp-json\/wp\/v2\/posts\/50612","targetHints":{"allow":["GET"]}}],"collection":[{"href":"https:\/\/blog.corretoraideal.com.br\/index.php\/wp-json\/wp\/v2\/posts"}],"about":[{"href":"https:\/\/blog.corretoraideal.com.br\/index.php\/wp-json\/wp\/v2\/types\/post"}],"author":[{"embeddable":true,"href":"https:\/\/blog.corretoraideal.com.br\/index.php\/wp-json\/wp\/v2\/users\/1"}],"replies":[{"embeddable":true,"href":"https:\/\/blog.corretoraideal.com.br\/index.php\/wp-json\/wp\/v2\/comments?post=50612"}],"version-history":[{"count":1,"href":"https:\/\/blog.corretoraideal.com.br\/index.php\/wp-json\/wp\/v2\/posts\/50612\/revisions"}],"predecessor-version":[{"id":50614,"href":"https:\/\/blog.corretoraideal.com.br\/index.php\/wp-json\/wp\/v2\/posts\/50612\/revisions\/50614"}],"wp:attachment":[{"href":"https:\/\/blog.corretoraideal.com.br\/index.php\/wp-json\/wp\/v2\/media?parent=50612"}],"wp:term":[{"taxonomy":"category","embeddable":true,"href":"https:\/\/blog.corretoraideal.com.br\/index.php\/wp-json\/wp\/v2\/categories?post=50612"},{"taxonomy":"post_tag","embeddable":true,"href":"https:\/\/blog.corretoraideal.com.br\/index.php\/wp-json\/wp\/v2\/tags?post=50612"}],"curies":[{"name":"wp","href":"https:\/\/api.w.org\/{rel}","templated":true}]}}