{"id":50623,"date":"2023-07-13T23:29:33","date_gmt":"2023-07-13T23:29:33","guid":{"rendered":"https:\/\/blog.corretoraideal.com.br\/?p=50623"},"modified":"2023-07-13T23:29:33","modified_gmt":"2023-07-13T23:29:33","slug":"inscricoes-para-curso-tecnico-em-teatro-podem-ser-feitas-ate-sabado-em-macae-norte-fluminense-g1","status":"publish","type":"post","link":"https:\/\/blog.corretoraideal.com.br\/index.php\/2023\/07\/13\/inscricoes-para-curso-tecnico-em-teatro-podem-ser-feitas-ate-sabado-em-macae-norte-fluminense-g1\/","title":{"rendered":"Inscri\u00e7\u00f5es para curso t\u00e9cnico em teatro podem ser feitas at\u00e9 s\u00e1bado em Maca\u00e9 | Norte Fluminense | G1"},"content":{"rendered":"\n<p> A Escola Municipal de Artes Maria Jos\u00e9 Guedes (Emart), em <a class href=\"https:\/\/g1.globo.com\/rj\/regiao-dos-lagos\/cidade\/macae\/\">Maca\u00e9<\/a>, prorrogou as pr\u00e9-inscri\u00e7\u00f5es para o Curso T\u00e9cnico em Teatro, at\u00e9 \u00e0s 17h, deste s\u00e1bado (14). Para concorrer a uma das 40 vagas oferecidas \u00e9 preciso ser maior de 16 anos, ter conclu\u00eddo o Ensino M\u00e9dio (E.M), ou estar cursando o 2\u00ba ano do E.M. <\/p>\n<p> O procedimento \u00e9 gratuito e online. <\/p>\n<p> A primeira etapa do processo seletivo \u00e9 uma apresenta\u00e7\u00e3o de tr\u00eas minutos, por v\u00eddeo em canal do YouTube, que dever\u00e1 ser remetido no ato da pr\u00e9-inscri\u00e7\u00e3o. As orienta\u00e7\u00f5es sobre a elabora\u00e7\u00e3o do v\u00eddeo est\u00e3o no edital. <\/p>\n<p> Esta etapa, assim como a seguinte, \u00e9 eliminat\u00f3ria e classificat\u00f3ria. <\/p>\n<p> Este v\u00eddeo de tr\u00eas minutos vale 10 pontos, com m\u00e9dia 6, para o candidato prosseguir para a etapa seguinte. <\/p>\n<p> A listagem dos aptos para a segunda etapa ser\u00e1 publicada no Portal da Prefeitura, na ter\u00e7a-feira (18). <\/p>\n<p> A segunda etapa do concurso ser\u00e1 presencial e dividida em duas partes. <\/p>\n<p> Inicialmente, os candidatos dever\u00e3o encenar um mon\u00f3logo (dispon\u00edvel no edital) para a banca de sele\u00e7\u00e3o. <\/p>\n<p> Esta fase ir\u00e1 acontecer no Col\u00e9gio Municipal Maria Isabel Damasceno Sim\u00e3o, no Centro da cidade, em data e hor\u00e1rio sorteados pela Comiss\u00e3o do Processo Seletivo, entre os dias 27 e 28 (quinta e sexta-feira), e entre as 16h e 21h. <\/p>\n<p> A segunda parte, uma aula pr\u00e1tica de teatro, com jogos teatrais e performance corporal, acontecer\u00e1 no dia 29 (s\u00e1bado), feriado municipal, das 15h \u00e0s 17h. <\/p>\n<p> Cada fase da segunda etapa vale 20 pontos, com m\u00e9dia de 12 pontos. <\/p>\n<p> O resultado final ser\u00e1 divulgado no Portal da Prefeitura e na Emart no dia 7 de agosto. Somente aqueles que obtiverem m\u00e9dia maior ou igual a 24 pontos poder\u00e3o efetivar matr\u00edcula na escola. <\/p>\n<p> Os participantes ser\u00e3o chamados de acordo com a sua classifica\u00e7\u00e3o e o n\u00famero de vagas para preenchimento da turma, podendo haver reclassifica\u00e7\u00f5es, caso ocorram desist\u00eancias ou abertura de novas vagas. <\/p>\n<p> O Curso T\u00e9cnico em Teatro, que era de 808 horas, passou para 1.034 horas, com tempo m\u00ednimo de forma\u00e7\u00e3o de dois anos letivos e m\u00e1ximo de quatro anos. A proposta tem \u00eanfase na profissionaliza\u00e7\u00e3o em artes c\u00eanicas. <\/p>\n<p> As aulas de teatro acontecer\u00e3o em per\u00edodo noturno, de segunda a sexta-feira, das 18h \u00e0s 22h, em formato presencial ou, excepcionalmente, em formato virtual, de acordo com as necessidades da institui\u00e7\u00e3o e se a ementa da disciplina for compat\u00edvel ao formato online. <\/p>\n<p> O aluno dever\u00e1 cursar, no m\u00ednimo, duas disciplinas por semestre. <\/p>\n<p> A sede da Emart, na Avenida Rui Barbosa, 780, Centro da cidade, est\u00e1 passando por obras de revitaliza\u00e7\u00e3o para garantir maior mobilidade aos usu\u00e1rios. <\/p>\n<p> Por isso, a escola est\u00e1 funcionando provisoriamente no Col\u00e9gio Municipal Maria Isabel Damasceno Sim\u00e3o, localizado na rua Francisco Portela, 410, Centro. <\/p>\n<ul>\n<li> <a href=\"https:\/\/g1.globo.com\/rj\/regiao-dos-lagos\/cidade\/macae\/\" class=\"entities__list-itemLink\" data-track-click=\"Maca\u00e9\"> Maca\u00e9 <\/a> <\/li>\n<\/ul>\n","protected":false},"excerpt":{"rendered":"<p>A Escola Municipal de Artes Maria Jos\u00e9 Guedes (Emart), em Maca\u00e9, prorrogou as pr\u00e9-inscri\u00e7\u00f5es para o Curso T\u00e9cnico em Teatro, at\u00e9 \u00e0s 17h, deste s\u00e1bado (14). Para concorrer a uma das 40 vagas oferecidas \u00e9 preciso ser maior de 16 anos, ter conclu\u00eddo o Ensino M\u00e9dio (E.M), ou estar cursando o 2\u00ba ano do E.M. [&hellip;]<\/p>\n","protected":false},"author":1,"featured_media":0,"comment_status":"closed","ping_status":"closed","sticky":false,"template":"","format":"standard","meta":{"footnotes":""},"categories":[],"tags":[],"class_list":["post-50623","post","type-post","status-publish","format-standard","hentry"],"_links":{"self":[{"href":"https:\/\/blog.corretoraideal.com.br\/index.php\/wp-json\/wp\/v2\/posts\/50623","targetHints":{"allow":["GET"]}}],"collection":[{"href":"https:\/\/blog.corretoraideal.com.br\/index.php\/wp-json\/wp\/v2\/posts"}],"about":[{"href":"https:\/\/blog.corretoraideal.com.br\/index.php\/wp-json\/wp\/v2\/types\/post"}],"author":[{"embeddable":true,"href":"https:\/\/blog.corretoraideal.com.br\/index.php\/wp-json\/wp\/v2\/users\/1"}],"replies":[{"embeddable":true,"href":"https:\/\/blog.corretoraideal.com.br\/index.php\/wp-json\/wp\/v2\/comments?post=50623"}],"version-history":[{"count":1,"href":"https:\/\/blog.corretoraideal.com.br\/index.php\/wp-json\/wp\/v2\/posts\/50623\/revisions"}],"predecessor-version":[{"id":50625,"href":"https:\/\/blog.corretoraideal.com.br\/index.php\/wp-json\/wp\/v2\/posts\/50623\/revisions\/50625"}],"wp:attachment":[{"href":"https:\/\/blog.corretoraideal.com.br\/index.php\/wp-json\/wp\/v2\/media?parent=50623"}],"wp:term":[{"taxonomy":"category","embeddable":true,"href":"https:\/\/blog.corretoraideal.com.br\/index.php\/wp-json\/wp\/v2\/categories?post=50623"},{"taxonomy":"post_tag","embeddable":true,"href":"https:\/\/blog.corretoraideal.com.br\/index.php\/wp-json\/wp\/v2\/tags?post=50623"}],"curies":[{"name":"wp","href":"https:\/\/api.w.org\/{rel}","templated":true}]}}