{"id":50626,"date":"2023-07-14T01:29:47","date_gmt":"2023-07-14T01:29:47","guid":{"rendered":"https:\/\/blog.corretoraideal.com.br\/?p=50626"},"modified":"2023-07-14T01:29:47","modified_gmt":"2023-07-14T01:29:47","slug":"trocas-no-governo-ficam-para-volta-dos-trabalhos-no-congresso-lula-quer-negociar-termos-blog-ana-flor-g1","status":"publish","type":"post","link":"https:\/\/blog.corretoraideal.com.br\/index.php\/2023\/07\/14\/trocas-no-governo-ficam-para-volta-dos-trabalhos-no-congresso-lula-quer-negociar-termos-blog-ana-flor-g1\/","title":{"rendered":"Trocas no governo ficam para volta dos trabalhos no Congresso; Lula quer negociar termos | Blog Ana Flor | G1"},"content":{"rendered":"\n<p> O presidente Luiz In\u00e1cio Lula da Silva (PT) deve deixar para agosto trocas no governo a fim de abarcar mais partidos do Centr\u00e3o, segundo fontes do blog no Planalto. O presidente tamb\u00e9m quer negociar bem os termos dessas trocas. <\/p>\n<p> Lula tem sido pressionado por siglas do Centr\u00e3o \u2014 um bloco informal na C\u00e2mara que re\u00fane parlamentares de legendas de centro e centro-direita \u2014 a ceder o comando de \u00f3rg\u00e3os a aliados do grupo. Em troca das mudan\u00e7as, a base aliada ao Planalto na C\u00e2mara ganharia corpo. <\/p>\n<p> Lideran\u00e7as de siglas alinhadas ao bloco t\u00eam demandado, por exemplo, os minist\u00e9rios do Desenvolvimento Social e do Esporte, al\u00e9m da gest\u00e3o dos Correios e da Caixa Econ\u00f4mica Federal. <\/p>\n<p> Lula n\u00e3o quer esvaziar o seu minist\u00e9rio de mulheres. Por isso, tenta dar outra pasta para o deputado Silvio Costa Filho (Republicanos-PE) e poupar a Ana Moser no Esporte. <\/p>\n<p> Ao blog, assessores de Lula avaliaram que, por ora, somente a troca no Minist\u00e9rio do Turismo est\u00e1 &quot;madura&quot;. Outras mudan\u00e7as ainda dependem do avan\u00e7o das negocia\u00e7\u00f5es. <\/p>\n<p> Com o retorno dos congressistas, a expectativa no Planalto \u00e9 que as negocia\u00e7\u00f5es para trocas em outras pastas tamb\u00e9m avancem. <\/p>\n<p> O governo avalia que as movimenta\u00e7\u00f5es dever\u00e3o ocorrer para aumentar a governabilidade e ampliar, em especial, a base aliada na C\u00e2mara. <\/p>\n<ul> <\/ul>\n","protected":false},"excerpt":{"rendered":"<p>O presidente Luiz In\u00e1cio Lula da Silva (PT) deve deixar para agosto trocas no governo a fim de abarcar mais partidos do Centr\u00e3o, segundo fontes do blog no Planalto. O presidente tamb\u00e9m quer negociar bem os termos dessas trocas. Lula tem sido pressionado por siglas do Centr\u00e3o \u2014 um bloco informal na C\u00e2mara que re\u00fane [&hellip;]<\/p>\n","protected":false},"author":1,"featured_media":0,"comment_status":"closed","ping_status":"closed","sticky":false,"template":"","format":"standard","meta":{"footnotes":""},"categories":[],"tags":[],"class_list":["post-50626","post","type-post","status-publish","format-standard","hentry"],"_links":{"self":[{"href":"https:\/\/blog.corretoraideal.com.br\/index.php\/wp-json\/wp\/v2\/posts\/50626","targetHints":{"allow":["GET"]}}],"collection":[{"href":"https:\/\/blog.corretoraideal.com.br\/index.php\/wp-json\/wp\/v2\/posts"}],"about":[{"href":"https:\/\/blog.corretoraideal.com.br\/index.php\/wp-json\/wp\/v2\/types\/post"}],"author":[{"embeddable":true,"href":"https:\/\/blog.corretoraideal.com.br\/index.php\/wp-json\/wp\/v2\/users\/1"}],"replies":[{"embeddable":true,"href":"https:\/\/blog.corretoraideal.com.br\/index.php\/wp-json\/wp\/v2\/comments?post=50626"}],"version-history":[{"count":1,"href":"https:\/\/blog.corretoraideal.com.br\/index.php\/wp-json\/wp\/v2\/posts\/50626\/revisions"}],"predecessor-version":[{"id":50628,"href":"https:\/\/blog.corretoraideal.com.br\/index.php\/wp-json\/wp\/v2\/posts\/50626\/revisions\/50628"}],"wp:attachment":[{"href":"https:\/\/blog.corretoraideal.com.br\/index.php\/wp-json\/wp\/v2\/media?parent=50626"}],"wp:term":[{"taxonomy":"category","embeddable":true,"href":"https:\/\/blog.corretoraideal.com.br\/index.php\/wp-json\/wp\/v2\/categories?post=50626"},{"taxonomy":"post_tag","embeddable":true,"href":"https:\/\/blog.corretoraideal.com.br\/index.php\/wp-json\/wp\/v2\/tags?post=50626"}],"curies":[{"name":"wp","href":"https:\/\/api.w.org\/{rel}","templated":true}]}}