{"id":50632,"date":"2023-07-14T04:30:25","date_gmt":"2023-07-14T04:30:25","guid":{"rendered":"https:\/\/blog.corretoraideal.com.br\/?p=50632"},"modified":"2023-07-14T04:30:25","modified_gmt":"2023-07-14T04:30:25","slug":"festival-sesc-de-inverno-2023-comeca-neste-fim-de-semana-em-cidades-do-rj-confira-a-programacao-regiao-dos-lagos-g1","status":"publish","type":"post","link":"https:\/\/blog.corretoraideal.com.br\/index.php\/2023\/07\/14\/festival-sesc-de-inverno-2023-comeca-neste-fim-de-semana-em-cidades-do-rj-confira-a-programacao-regiao-dos-lagos-g1\/","title":{"rendered":"Festival Sesc de Inverno 2023 come\u00e7a neste fim de semana em cidades do RJ; confira a programa\u00e7\u00e3o | Regi\u00e3o dos Lagos | G1"},"content":{"rendered":"<p>      1 de 1&#013;B\u00fazios receber\u00e1 shows dos m\u00fasicos Ed Motta e Lenine neste fim de semana \u2014 Foto: Divulga\u00e7\u00e3o    <\/p>\n<p> B\u00fazios receber\u00e1 shows dos m\u00fasicos Ed Motta e Lenine neste fim de semana \u2014 Foto: Divulga\u00e7\u00e3o <\/p>\n<p> Come\u00e7a nesta sexta-feira (15) a 21\u00aa edi\u00e7\u00e3o do Festival Sesc de Inverno em cidades das regi\u00f5es dos Lagos, Serrana e Norte Fluminense. O evento acontece entre os dias 15 e 30 de julho e reune renomados artistas brasileiros de diferentes manifesta\u00e7\u00f5es culturais. <\/p>\n<p> Neste ano, o festival vai percorrer 17 localidades do estado com programa\u00e7\u00e3o gratuita. <\/p>\n<p> Em <a class href=\"https:\/\/g1.globo.com\/rj\/regiao-dos-lagos\/cidade\/armacao-de-buzios\/\">Arma\u00e7\u00e3o dos B\u00fazios<\/a>, na Regi\u00e3o dos Lagos, as atra\u00e7\u00f5es acontecem nesta sexta-feira (15), e no s\u00e1bado (16). A pra\u00e7a Santos Dumont, no Centro, recebe interven\u00e7\u00f5es art\u00edsticas, atividades recreativas, oficinas e shows. As grandes atra\u00e7\u00f5es musicais do festival no balne\u00e1rio ser\u00e3o as apresenta\u00e7\u00f5es dos cantores e compositores Lenine e Ed Motta. <\/p>\n<p> Em Sana, distrito de <a class href=\"https:\/\/g1.globo.com\/rj\/regiao-dos-lagos\/cidade\/macae\/\">Maca\u00e9<\/a>, no Norte Fluminense, as atra\u00e7\u00f5es musicais acontecem no Campo do Sana, com shows de George Israel, no s\u00e1bado (15), e Teresa Cristina, no domingo (16). A programa\u00e7\u00e3o tamb\u00e9m conta com batalhas de ritmos e conta\u00e7\u00e3o de hist\u00f3ria. <\/p>\n<p> J\u00e1 em Teres\u00f3polis, na Regi\u00e3o Serrana, tem atividades na Pra\u00e7a Ol\u00edmpica Lu\u00eds de Cam\u00f5es e na Pra\u00e7a Baltazar da Silveira, na V\u00e1rzea. <\/p>\n<p><h2><strong>Confira, abaixo, a programa\u00e7\u00e3o em cada uma das cidades<\/strong><\/h2>\n<\/p>\n<p><h2><strong>B\u00fazios<\/strong><\/h2>\n<\/p>\n<p> <strong>Sexta-feira (15\/07)<\/strong> <\/p>\n<p> <strong>Local: Pra\u00e7a Santos Dumont<\/strong> <\/p>\n<ul>\n<li> Apresenta\u00e7\u00e3o circense: \u201cCarrossel Brincante\u201d &#8211; 16h<\/li>\n<li>Oficina de arte visual \u201cXilopretura\u201d &#8211; 15h e 19h<\/li>\n<li>Experi\u00eancia de audiovisual \u201cO Sumidouro de \u00c1greda\u201d, por meio de \u00f3culos de realidade virtual -15h \u00e0s 19h<\/li>\n<li>\u201cPonto de Leitura e Media\u00e7\u00e3o de Leitura Criativa\u201d, com Keker\u00ea Inf\u00e2ncias &#8211; 15h \u00e0s 17h<\/li>\n<li>Shows: DJ L\u00e9a (18h) e Lenine (20h) <\/li>\n<\/ul>\n<p> <strong>S\u00e1bado (16\/07)<\/strong> <\/p>\n<ul>\n<li>Apresenta\u00e7\u00e3o circense: \u201cO Homem Foca\u201d -16h<\/li>\n<li>Oficina de arte visual \u201cXilopretura\u201d &#8211; 15h e 19h<\/li>\n<li>Experi\u00eancia de audiovisual \u201cO Sumidouro de \u00c1greda\u201d, por meio de \u00f3culos de realidade virtual -15h \u00e0s 19h<\/li>\n<li>\u201cPonto de Leitura e Media\u00e7\u00e3o de Leitura Criativa\u201d, com Keker\u00ea Inf\u00e2ncias &#8211; 15h \u00e0s 17h<\/li>\n<li>Shows: Ed Motta (20h) e DJ L\u00e9a (18h)<\/li>\n<\/ul>\n<p><h2><strong>Sana (Maca\u00e9)<\/strong><\/h2>\n<\/p>\n<p> <strong>Sexta (15\/07)<\/strong> <\/p>\n<p> <strong>Local: Campo do Sana<\/strong> <\/p>\n<ul>\n<li>Artes visuais \u201cAmbientes Infl\u00e1veis\u201d &#8211; 13h \u00e0s 18h<\/li>\n<li>Dan\u00e7as Coreografadas: grupo Cochicho &#8211; 13h \u00e0s 18h<\/li>\n<li>Conta\u00e7\u00e3o de hist\u00f3ria: \u201cContos Iorub\u00e1s para Crian\u00e7as\u201d &#8211; 14h<\/li>\n<li>Shows:<strong> <\/strong>DJ Sapucaia (18h) e George Israel (20h) <\/li>\n<\/ul>\n<p> <strong>S\u00e1bado (16\/07)<\/strong> <\/p>\n<ul>\n<li>Artes visuais \u201cAmbientes Infl\u00e1veis\u201d &#8211; 13h \u00e0s 18h<\/li>\n<li>Batalhas de Ritmos entre os Imperadores da Dan\u00e7a x GW Cia da Dan\u00e7a &#8211; 15h<\/li>\n<li>Dan\u00e7as Coreografadas: grupo Cochicho &#8211; 13h \u00e0s 18h<\/li>\n<li>Conta\u00e7\u00e3o de hist\u00f3ria: \u201cContos Iorub\u00e1s para Crian\u00e7as\u201d &#8211; 14h<\/li>\n<li>Shows:<strong> <\/strong>DJ Sapucaia (15h e 17h30) e Teresa Cristina (16h)<\/li>\n<\/ul>\n<p><h2><strong>Teres\u00f3polis<\/strong><\/h2>\n<\/p>\n<p> <strong>Sexta-feira (15\/07)<\/strong> <\/p>\n<p> <strong>Local: Pra\u00e7a Ol\u00edmpica Lu\u00eds de Cam\u00f5es<\/strong> <\/p>\n<ul>\n<li>Ponto de leitura- Tenda Literaria &#8211; 10h \u00e0s 16h<\/li>\n<\/ul>\n<p><h2><strong>S\u00e1bado (16\/07)<\/strong><\/h2>\n<\/p>\n<p> <strong>Local: Pra\u00e7a Baltazar da Silveira &#8211; V\u00e1rzea Centro<\/strong> <\/p>\n<ul>\n<li>Teatro- SI-P\u00d3 &#8211; 14h<\/li>\n<li>Teatro VRAAA &#8211; 15h<\/li>\n<\/ul>\n<p> A programa\u00e7\u00e3o completa est\u00e1 dispon\u00edvel no <a class href=\"https:\/\/www.festivalsescdeinverno.com.br\/\" target=\"_blank\" rel=\"noopener noreferrer\">site do festival<\/a>. <\/p>\n<ul>\n<li> <a href=\"https:\/\/g1.globo.com\/rj\/regiao-dos-lagos\/cidade\/armacao-de-buzios\/\" class=\"entities__list-itemLink\" data-track-click=\"Arma\u00e7\u00e3o dos B\u00fazios\"> Arma\u00e7\u00e3o dos B\u00fazios <\/a> <\/li>\n<li> <a href=\"https:\/\/g1.globo.com\/rj\/regiao-dos-lagos\/cidade\/macae\/\" class=\"entities__list-itemLink\" data-track-click=\"Maca\u00e9\"> Maca\u00e9 <\/a> <\/li>\n<\/ul>\n","protected":false},"excerpt":{"rendered":"<p>1 de 1&#013;B\u00fazios receber\u00e1 shows dos m\u00fasicos Ed Motta e Lenine neste fim de semana \u2014 Foto: Divulga\u00e7\u00e3o B\u00fazios receber\u00e1 shows dos m\u00fasicos Ed Motta e Lenine neste fim de semana \u2014 Foto: Divulga\u00e7\u00e3o Come\u00e7a nesta sexta-feira (15) a 21\u00aa edi\u00e7\u00e3o do Festival Sesc de Inverno em cidades das regi\u00f5es dos Lagos, Serrana e Norte [&hellip;]<\/p>\n","protected":false},"author":1,"featured_media":0,"comment_status":"closed","ping_status":"closed","sticky":false,"template":"","format":"standard","meta":{"footnotes":""},"categories":[],"tags":[],"class_list":["post-50632","post","type-post","status-publish","format-standard","hentry"],"_links":{"self":[{"href":"https:\/\/blog.corretoraideal.com.br\/index.php\/wp-json\/wp\/v2\/posts\/50632","targetHints":{"allow":["GET"]}}],"collection":[{"href":"https:\/\/blog.corretoraideal.com.br\/index.php\/wp-json\/wp\/v2\/posts"}],"about":[{"href":"https:\/\/blog.corretoraideal.com.br\/index.php\/wp-json\/wp\/v2\/types\/post"}],"author":[{"embeddable":true,"href":"https:\/\/blog.corretoraideal.com.br\/index.php\/wp-json\/wp\/v2\/users\/1"}],"replies":[{"embeddable":true,"href":"https:\/\/blog.corretoraideal.com.br\/index.php\/wp-json\/wp\/v2\/comments?post=50632"}],"version-history":[{"count":1,"href":"https:\/\/blog.corretoraideal.com.br\/index.php\/wp-json\/wp\/v2\/posts\/50632\/revisions"}],"predecessor-version":[{"id":50634,"href":"https:\/\/blog.corretoraideal.com.br\/index.php\/wp-json\/wp\/v2\/posts\/50632\/revisions\/50634"}],"wp:attachment":[{"href":"https:\/\/blog.corretoraideal.com.br\/index.php\/wp-json\/wp\/v2\/media?parent=50632"}],"wp:term":[{"taxonomy":"category","embeddable":true,"href":"https:\/\/blog.corretoraideal.com.br\/index.php\/wp-json\/wp\/v2\/categories?post=50632"},{"taxonomy":"post_tag","embeddable":true,"href":"https:\/\/blog.corretoraideal.com.br\/index.php\/wp-json\/wp\/v2\/tags?post=50632"}],"curies":[{"name":"wp","href":"https:\/\/api.w.org\/{rel}","templated":true}]}}