{"id":50644,"date":"2023-07-14T11:29:34","date_gmt":"2023-07-14T11:29:34","guid":{"rendered":"https:\/\/blog.corretoraideal.com.br\/?p=50644"},"modified":"2023-07-14T11:29:34","modified_gmt":"2023-07-14T11:29:34","slug":"confira-as-vagas-de-emprego-disponiveis-em-petrolina-e-salgueiro-nesta-sexta-feira-14-petrolina-e-regiao-g1","status":"publish","type":"post","link":"https:\/\/blog.corretoraideal.com.br\/index.php\/2023\/07\/14\/confira-as-vagas-de-emprego-disponiveis-em-petrolina-e-salgueiro-nesta-sexta-feira-14-petrolina-e-regiao-g1\/","title":{"rendered":"Confira as vagas de emprego dispon\u00edveis em Petrolina e Salgueiro nesta sexta-feira (14) | Petrolina e Regi\u00e3o | G1"},"content":{"rendered":"<p>      1 de 1&#013;Carteira de trabalho \u2014 Foto: L\u00edlian Veronezi\/Prefeitura de Uberaba    <\/p>\n<p> Carteira de trabalho \u2014 Foto: L\u00edlian Veronezi\/Prefeitura de Uberaba <\/p>\n<p> A Ag\u00eancia de Trabalho de Pernambuco divulgou as vagas de emprego disponibilizadas paras o munic\u00edpios de <a class href=\"https:\/\/g1.globo.com\/pe\/petrolina-regiao\/cidade\/petrolina\/\">Petrolina<\/a> e <a class href=\"https:\/\/g1.globo.com\/pe\/petrolina-regiao\/cidade\/salgueiro\/\">Salgueiro<\/a> , no Sert\u00e3o de Pernambuco, nesta sexta-feira (14). As oportunidades s\u00e3o atualizadas diariamente pelo <a class href=\"https:\/\/g1.globo.com\/pe\/petrolina-regiao\/\">g1<\/a> <a class href=\"https:\/\/g1.globo.com\/pe\/petrolina-regiao\/cidade\/petrolina\/\">Petrolina<\/a>. <\/p>\n<p> Os interessados nas oportunidades podem entrar em contato com a Sedepe atrav\u00e9s da internet. O atendimento na ag\u00eancia de <a class href=\"https:\/\/g1.globo.com\/pe\/petrolina-regiao\/cidade\/salgueiro\/\">Salgueiro<\/a> \u00e9 feito a partir de um agendamento pr\u00e9vio, feito<a class href=\"https:\/\/www.seteq.pe.gov.br\/index.php?option=com_content&amp;view=article&amp;id=7507\" target=\"_blank\" rel=\"noopener noreferrer\"> pelo site da secretaria<\/a>. Em <a class href=\"https:\/\/g1.globo.com\/pe\/petrolina-regiao\/cidade\/petrolina\/\">Petrolina<\/a> basta ir at\u00e9 a Ag\u00eancia de Trabalho. <\/p>\n<p><h2><a class href=\"https:\/\/g1.globo.com\/pe\/petrolina-regiao\/cidade\/petrolina\/\">Petrolina<\/a><\/h2>\n<\/p>\n<p> <strong>Contato: (87) 3866 &#8211; 6540<\/strong> <\/p>\n<p>  Vagas dispon\u00edveis  <\/p>\n<p><h2><a class href=\"https:\/\/g1.globo.com\/pe\/petrolina-regiao\/cidade\/salgueiro\/\">Salgueiro<\/a><\/h2>\n<\/p>\n<p> <strong>Contato: (87) 3871 &#8211; 8467<\/strong> <\/p>\n<p>  Vagas dispon\u00edveis   <\/p>\n<p><h2>V\u00eddeos: mais assistidos do Sert\u00e3o de PE<\/h2>\n<\/p>\n<p>   <a href=\"https:\/\/g1.globo.com\/pe\/petrolina-regiao\/edicao\/2021\/02\/15\/veja-os-videos-mais-assistidos-da-tv-grande-rio.ghtml\">    50 v\u00eddeos      <\/a>   <\/p>\n<ul>\n<li> <a href=\"https:\/\/g1.globo.com\/pe\/petrolina-regiao\/cidade\/petrolina\/\" class=\"entities__list-itemLink\" data-track-click=\"Petrolina\"> Petrolina <\/a> <\/li>\n<li> <a href=\"https:\/\/g1.globo.com\/pe\/petrolina-regiao\/cidade\/salgueiro\/\" class=\"entities__list-itemLink\" data-track-click=\"Salgueiro\"> Salgueiro <\/a> <\/li>\n<\/ul>\n","protected":false},"excerpt":{"rendered":"<p>1 de 1&#013;Carteira de trabalho \u2014 Foto: L\u00edlian Veronezi\/Prefeitura de Uberaba Carteira de trabalho \u2014 Foto: L\u00edlian Veronezi\/Prefeitura de Uberaba A Ag\u00eancia de Trabalho de Pernambuco divulgou as vagas de emprego disponibilizadas paras o munic\u00edpios de Petrolina e Salgueiro , no Sert\u00e3o de Pernambuco, nesta sexta-feira (14). As oportunidades s\u00e3o atualizadas diariamente pelo g1 Petrolina. [&hellip;]<\/p>\n","protected":false},"author":1,"featured_media":0,"comment_status":"closed","ping_status":"closed","sticky":false,"template":"","format":"standard","meta":{"footnotes":""},"categories":[],"tags":[],"class_list":["post-50644","post","type-post","status-publish","format-standard","hentry"],"_links":{"self":[{"href":"https:\/\/blog.corretoraideal.com.br\/index.php\/wp-json\/wp\/v2\/posts\/50644","targetHints":{"allow":["GET"]}}],"collection":[{"href":"https:\/\/blog.corretoraideal.com.br\/index.php\/wp-json\/wp\/v2\/posts"}],"about":[{"href":"https:\/\/blog.corretoraideal.com.br\/index.php\/wp-json\/wp\/v2\/types\/post"}],"author":[{"embeddable":true,"href":"https:\/\/blog.corretoraideal.com.br\/index.php\/wp-json\/wp\/v2\/users\/1"}],"replies":[{"embeddable":true,"href":"https:\/\/blog.corretoraideal.com.br\/index.php\/wp-json\/wp\/v2\/comments?post=50644"}],"version-history":[{"count":1,"href":"https:\/\/blog.corretoraideal.com.br\/index.php\/wp-json\/wp\/v2\/posts\/50644\/revisions"}],"predecessor-version":[{"id":50646,"href":"https:\/\/blog.corretoraideal.com.br\/index.php\/wp-json\/wp\/v2\/posts\/50644\/revisions\/50646"}],"wp:attachment":[{"href":"https:\/\/blog.corretoraideal.com.br\/index.php\/wp-json\/wp\/v2\/media?parent=50644"}],"wp:term":[{"taxonomy":"category","embeddable":true,"href":"https:\/\/blog.corretoraideal.com.br\/index.php\/wp-json\/wp\/v2\/categories?post=50644"},{"taxonomy":"post_tag","embeddable":true,"href":"https:\/\/blog.corretoraideal.com.br\/index.php\/wp-json\/wp\/v2\/tags?post=50644"}],"curies":[{"name":"wp","href":"https:\/\/api.w.org\/{rel}","templated":true}]}}