{"id":50661,"date":"2023-07-14T19:29:34","date_gmt":"2023-07-14T19:29:34","guid":{"rendered":"https:\/\/blog.corretoraideal.com.br\/?p=50661"},"modified":"2023-07-14T19:29:34","modified_gmt":"2023-07-14T19:29:34","slug":"tecnica-de-enfermagem-e-morta-a-tiros-pelo-ex-marido-que-cometeu-suicidio-diz-policia-norte-fluminense-g1","status":"publish","type":"post","link":"https:\/\/blog.corretoraideal.com.br\/index.php\/2023\/07\/14\/tecnica-de-enfermagem-e-morta-a-tiros-pelo-ex-marido-que-cometeu-suicidio-diz-policia-norte-fluminense-g1\/","title":{"rendered":"T\u00e9cnica de enfermagem \u00e9 morta a tiros pelo ex-marido, que cometeu suic\u00eddio, diz pol\u00edcia | Norte Fluminense | G1"},"content":{"rendered":"<p>      1 de 1&#013;Eduarda Souza, t\u00e9cnica de enfermagem, foi morta a tiros quando chegava na casa da m\u00e3e em Campos \u2014 Foto: Arquivo pessoal    <\/p>\n<p> Eduarda Souza, t\u00e9cnica de enfermagem, foi morta a tiros quando chegava na casa da m\u00e3e em Campos \u2014 Foto: Arquivo pessoal <\/p>\n<p> A t\u00e9cnica de enfermagem, Eduarda Souza, de 32 anos, foi morta a tiros na manh\u00e3 desta sexta-feira (14) em Campos dos Goitacazes, no Norte Fluminense. <\/p>\n<p> Segundo a Pol\u00edcia Civil, o ex-companheiro dela foi o respons\u00e1vel pelos disparos. Ele tentou se matar e acabou morrendo logo depois de dar entrada no Hospital Ferreira Machado. <\/p>\n<p> O crime ocorreu em frente \u00e0 casa da m\u00e3e da v\u00edtima, no Parque Rosario. Segundo a fam\u00edlia, o ex-companheiro n\u00e3o aceitava o fim do relacionamento. <\/p>\n<p> Eduarda Souza chegava \u00e0 casa da m\u00e3e por volta das 7h depois de um plant\u00e3o no hospital que trabalhava quando foi baleada. De acordo com a pol\u00edcia, o suspeito estava com um carro que n\u00e3o era dele, justamente para n\u00e3o chamar a aten\u00e7\u00e3o da ex-mulher. <\/p>\n<p> Segundo a irm\u00e3 de Eduarda, ela tinha uma medida protetiva desde novembro. Eles tinham uma filha de 12 anos. <\/p>\n<p> A Pol\u00edcia Civil investiga o caso e contou que o casal ficou junto por aproximadamente 12 anos e estava separado h\u00e1 cerca de oito meses. <\/p>\n<p> &quot;J\u00e1 havia registro na Delegacia da Mulher e medida protetiva, judicialmente deferida, contra ele. Nesse registro essa v\u00edtima relatava que ele amea\u00e7ava de mat\u00e1-la e posteriormente se matar. Ontem, ele come\u00e7ou a perguntar a filha se a m\u00e3e estava indo sozinha pro trabalho, voltando sozinha, e se ela estava de plant\u00e3o&quot;, disse a delegada Nat\u00e1lia Patr\u00e3o, titular da 134\u00aa DP. <\/p>\n<p> Segundo a Pol\u00edcia Civil, os corpos est\u00e3o no Instituto M\u00e9dico Legal (IML) de Campos. <\/p>\n<ul>\n<li> <a href=\"https:\/\/g1.globo.com\/rj\/norte-fluminense\/cidade\/campos-dos-goytacazes\/\" class=\"entities__list-itemLink\" data-track-click=\"Campos dos Goytacazes\"> Campos dos Goytacazes <\/a> <\/li>\n<\/ul>\n","protected":false},"excerpt":{"rendered":"<p>1 de 1&#013;Eduarda Souza, t\u00e9cnica de enfermagem, foi morta a tiros quando chegava na casa da m\u00e3e em Campos \u2014 Foto: Arquivo pessoal Eduarda Souza, t\u00e9cnica de enfermagem, foi morta a tiros quando chegava na casa da m\u00e3e em Campos \u2014 Foto: Arquivo pessoal A t\u00e9cnica de enfermagem, Eduarda Souza, de 32 anos, foi morta [&hellip;]<\/p>\n","protected":false},"author":1,"featured_media":0,"comment_status":"closed","ping_status":"closed","sticky":false,"template":"","format":"standard","meta":{"footnotes":""},"categories":[],"tags":[],"class_list":["post-50661","post","type-post","status-publish","format-standard","hentry"],"_links":{"self":[{"href":"https:\/\/blog.corretoraideal.com.br\/index.php\/wp-json\/wp\/v2\/posts\/50661","targetHints":{"allow":["GET"]}}],"collection":[{"href":"https:\/\/blog.corretoraideal.com.br\/index.php\/wp-json\/wp\/v2\/posts"}],"about":[{"href":"https:\/\/blog.corretoraideal.com.br\/index.php\/wp-json\/wp\/v2\/types\/post"}],"author":[{"embeddable":true,"href":"https:\/\/blog.corretoraideal.com.br\/index.php\/wp-json\/wp\/v2\/users\/1"}],"replies":[{"embeddable":true,"href":"https:\/\/blog.corretoraideal.com.br\/index.php\/wp-json\/wp\/v2\/comments?post=50661"}],"version-history":[{"count":1,"href":"https:\/\/blog.corretoraideal.com.br\/index.php\/wp-json\/wp\/v2\/posts\/50661\/revisions"}],"predecessor-version":[{"id":50663,"href":"https:\/\/blog.corretoraideal.com.br\/index.php\/wp-json\/wp\/v2\/posts\/50661\/revisions\/50663"}],"wp:attachment":[{"href":"https:\/\/blog.corretoraideal.com.br\/index.php\/wp-json\/wp\/v2\/media?parent=50661"}],"wp:term":[{"taxonomy":"category","embeddable":true,"href":"https:\/\/blog.corretoraideal.com.br\/index.php\/wp-json\/wp\/v2\/categories?post=50661"},{"taxonomy":"post_tag","embeddable":true,"href":"https:\/\/blog.corretoraideal.com.br\/index.php\/wp-json\/wp\/v2\/tags?post=50661"}],"curies":[{"name":"wp","href":"https:\/\/api.w.org\/{rel}","templated":true}]}}