{"id":50664,"date":"2023-07-14T21:30:02","date_gmt":"2023-07-14T21:30:02","guid":{"rendered":"https:\/\/blog.corretoraideal.com.br\/?p=50664"},"modified":"2023-07-14T21:30:02","modified_gmt":"2023-07-14T21:30:02","slug":"tebet-critica-juros-a-1375-e-diz-que-brasil-nao-comporta-um-desenrola-por-ano-economia-g1","status":"publish","type":"post","link":"https:\/\/blog.corretoraideal.com.br\/index.php\/2023\/07\/14\/tebet-critica-juros-a-1375-e-diz-que-brasil-nao-comporta-um-desenrola-por-ano-economia-g1\/","title":{"rendered":"Tebet critica juros a 13,75% e diz que Brasil &#039;n\u00e3o comporta um Desenrola por ano&#039; | Economia | G1"},"content":{"rendered":"<p>                <img loading=\"lazy\" decoding=\"async\" class=\"aligncenter size-full wp-image-50666\" src=\"https:\/\/blog.corretoraideal.com.br\/wp-content\/uploads\/2023\/07\/tebet.jpeg\" alt=\"Tebet: \" width=\"800\" height=\"400\" \/>      <\/p>\n<p> Tebet: &#8216;Brasil n\u00e3o comporta um Desenrola por ano&#8217; <\/p>\n<p> A ministra do Planejamento, <a class href=\"https:\/\/g1.globo.com\/tudo-sobre\/simone-tebet\/\">Simone Tebet<\/a>, criticou nesta sexta-feira (14) a taxa de juros do Brasil, <a class href=\"https:\/\/g1.globo.com\/economia\/noticia\/2023\/06\/21\/pela-quarta-vez-em-2023-copom-decide-manter-selic-em-1375percent.ghtml\"><strong>atualmente em 13,75% <\/strong><\/a>e apontou como causa do endividamento das fam\u00edlias brasileiras. <\/p>\n<p>\u201cN\u00e3o adianta fazer o &#x27;Desenrola&#x27;, aliviarmos a vida das pessoas e apresentar um programa eficiente sob todos os aspectos, com juros de 13,75%. O Brasil n\u00e3o comporta um Desenrola por ano. N\u00f3s precisamos de espa\u00e7o fiscal para investir naquilo que verdadeiramente precisamos, como Sa\u00fade, Educa\u00e7\u00e3o, obras de infraestrutura e tudo mais\u201d, disse.<\/p>\n<ul>\n<li><a class href=\"https:\/\/api.whatsapp.com\/send?text=https:\/\/g1.globo.com\/economia\/noticia\/2023\/07\/14\/portaria-inicio-desenrola.ghtml?utm_source%3Dwhatsapp%26utm_medium%3Dshare-engagement%26utm_campaign%3Dte-materias\" target=\"_blank\" rel=\"noopener noreferrer\"><strong>Compartilhe no WhatsApp<\/strong><\/a><\/li>\n<li><a class href=\"https:\/\/telegram.me\/share\/url?url=https:\/\/g1.globo.com\/economia\/noticia\/2023\/07\/14\/portaria-inicio-desenrola.ghtml?utm_source%3Dtelegram%26utm_medium%3Dshare-engagement%26utm_campaign%3Dte-materias\" target=\"_blank\" rel=\"noopener noreferrer\"><strong>Compartilhe no Telegram<\/strong><\/a><\/li>\n<\/ul>\n<p> O ministro da Secretaria-Geral da Presid\u00eancia, M\u00e1rcio Macedo, que participava da entrevista coletiva junto \u00e0 Tebet, ainda refor\u00e7ou o papel do Banco Central (BC) na redu\u00e7\u00e3o de juros. <\/p>\n<p> &quot;Ele [Roberto Campos Neto, presidente da autarquia] n\u00e3o pode se esconder atr\u00e1s da autonomia do Banco Central para n\u00e3o cumprir o seu papel constitucional, que \u00e9 garantir o controle fiscal e da infla\u00e7\u00e3o [&#8230;] e ajudar a criar as condi\u00e7\u00f5es para o Brasil crescer, a economia girar e gerar emprego e renda&quot;, disse Macedo. <\/p>\n<p> Campos Neto e o Banco Central t\u00eam sido alvos frequentes de cr\u00edticas de membros do governo Lula ao longo deste ano. <\/p>\n<p> &quot;O Brasil inteiro est\u00e1 pedindo. N\u00e3o \u00e9 poss\u00edvel um pa\u00eds crescer o suficiente para resolver os problemas do povo com a taxa Selic de 13,75%, quando a infla\u00e7\u00e3o est\u00e1 3,16%. [&#8230;] Isso \u00e9 inadmiss\u00edvel&quot;, acrescentou Macedo. <\/p>\n<p> Ap\u00f3s a queda de 0,08% da infla\u00e7\u00e3o de junho divulgada na \u00faltima ter\u00e7a-feira (11), o ministro da Fazenda, Fernando Haddad, <a class href=\"https:\/\/g1.globo.com\/economia\/noticia\/2023\/07\/11\/apos-queda-na-inflacao-haddad-diz-esperar-mais-boas-noticias-em-agosto.ghtml\">afirmou que espera mais not\u00edcias &quot;boas&quot; em agosto<\/a>, quando o Comit\u00ea de Pol\u00edtica Monet\u00e1ria (Copom) se re\u00fane para definir a taxa b\u00e1sica de juros do pa\u00eds. <\/p>\n<p><h2>Desenrola Brasil<\/h2>\n<\/p>\n<p> O programa <a class href=\"https:\/\/g1.globo.com\/economia\/noticia\/2023\/07\/14\/portaria-inicio-desenrola.ghtml\"><strong>&quot;Desenrola Brasil&quot;, criado pelo governo federal para a renegocia\u00e7\u00e3o de d\u00edvidas, come\u00e7ar\u00e1 a operar j\u00e1 na pr\u00f3xima segunda-feira (17).<\/strong><\/a> A data foi antecipada pelo <a class href=\"https:\/\/g1.globo.com\/tudo-sobre\/ministerio-da-fazenda\/\">Minist\u00e9rio da Fazenda<\/a> em uma portaria, publicada nesta sexta (14). Por enquanto, a renegocia\u00e7\u00e3o vale apenas para a <strong>faixa 2<\/strong> do programa, para pessoas com renda mensal de at\u00e9 R$ 20 mil. <strong>(Veja mais detalhes abaixo)<\/strong> <\/p>\n<p> Em entrevista a jornalistas nesta sexta-feira, a ministra Simone Tebet ainda explicou que programas como o &quot;Desenrola&quot; s\u00e3o feitos de tempos em tempos dentro de uma determinada realidade. <\/p>\n<p> &quot;Ficarmos todos os anos abarcando essas pessoas e essa fam\u00edlias porque n\u00e3o estamos conseguindo baixar os juros, que \u00e9 a verdadeira causa, dentro de outras coisas, do endividamenteo das fam\u00edlias brasileiras. A\u00ed n\u00e3o tem raz\u00e3o&quot;, completou Tebet. <\/p>\n<p> Segundo o governo, <strong>tamb\u00e9m a partir de segunda-feira, os maiores bancos do pa\u00eds ter\u00e3o que &quot;limpar o nome&quot; de at\u00e9 1,5 milh\u00e3o de correntistas que t\u00eam d\u00edvidas inferiores a R$ 100.<\/strong> Esse processo tem que ser conclu\u00eddo at\u00e9 o pr\u00f3ximo dia 28. <\/p>\n<p>                   <img loading=\"lazy\" decoding=\"async\" class=\"aligncenter size-full wp-image-50667\" src=\"https:\/\/blog.corretoraideal.com.br\/wp-content\/uploads\/2023\/07\/imagem14-07-2023-21-07-00.jpeg\" alt=\"imagem14-07-2023-21-07-00\" width=\"800\" height=\"400\" \/>      <\/p>\n<p> &#8216;Desenrola come\u00e7a a valer a partir de segunda-feira (17) <\/p>\n<p><h2>Detalhes do programa<\/h2>\n<\/p>\n<p> <strong>A medida n\u00e3o \u00e9 um perd\u00e3o de d\u00edvidas<\/strong>. O d\u00e9bito inferior a R$ 100 continuar\u00e1 existindo, mas os bancos se comprometem, pelo programa, a n\u00e3o usar essa d\u00edvida para inserir os correntistas no cadastro negativo. <\/p>\n<p> Na pr\u00e1tica, se a pessoa n\u00e3o tiver outras d\u00edvidas inscritas no cadastro negativo, fica com o &quot;nome limpo&quot; \u2013 e pode voltar a comprar a prazo, contrair empr\u00e9stimo ou fechar contrato de aluguel, por exemplo. <\/p>\n<p> Esse compromisso foi um pr\u00e9-requisito estabelecido pelo governo para que os grandes bancos pudessem participar do Desenrola. O prazo original iria at\u00e9 o fim de julho, mas foi antecipado junto com a nova data do programa. <\/p>\n<p> A <strong>faixa 1 do programa Desenrola<\/strong>, para quem tem renda de at\u00e9 R$ 2.640 (dois sal\u00e1rios m\u00ednimos) ou est\u00e1 inscrito no Cadastro \u00danico do governo federal (Cad\u00danico), deve come\u00e7ar a operar em setembro . Nessa faixa, os descontos devem ser ainda mais vantajosos. <\/p>\n<p>                   <img loading=\"lazy\" decoding=\"async\" class=\"aligncenter size-full wp-image-50668\" src=\"https:\/\/blog.corretoraideal.com.br\/wp-content\/uploads\/2023\/07\/myrian-lund-da-dicas-para-familias-muito-endividadas.jpeg\" alt=\"Myrian Lund d\u00e1 dicas para fam\u00edlias muito endividadas\" width=\"800\" height=\"400\" \/>      <\/p>\n<p> Myrian Lund d\u00e1 dicas para fam\u00edlias muito endividadas <\/p>\n<p><h2>As regras para a faixa 2<\/h2>\n<\/p>\n<p> As renegocia\u00e7\u00f5es da faixa 2 poder\u00e3o ser feitas diretamente entre os clientes e as institui\u00e7\u00f5es financeiras onde os d\u00e9bitos existem. Em troca, o governo vai oferecer aos bancos um incentivo para que aumente a oferta de cr\u00e9dito. <\/p>\n<p> O programa n\u00e3o atender\u00e1 renegocia\u00e7\u00f5es de d\u00edvidas dos seguintes tipos: <\/p>\n<ul>\n<li>d\u00edvidas de cr\u00e9dito rural;<\/li>\n<li>d\u00e9bitos com garantia da Uni\u00e3o ou de entidade p\u00fablica<\/li>\n<li>d\u00edvidas que n\u00e3o tenham o risco de cr\u00e9dito integralmente assumido pelos agentes financeiros;<\/li>\n<li>d\u00edvidas com qualquer tipo de previs\u00e3o de aporte de recursos p\u00fablicos;<\/li>\n<li>d\u00e9bitos com qualquer equaliza\u00e7\u00e3o de taxa de juros por parte da Uni\u00e3o.<\/li>\n<\/ul>\n<p> Cerca de 30 milh\u00f5es de pessoas devem ser beneficiadas nesta faixa, segundo o Minist\u00e9rio da Fazenda. <\/p>\n<p> <strong>LEIA TAMB\u00c9M<\/strong> <\/p>\n<ul>\n<li><a class href=\"https:\/\/g1.globo.com\/economia\/noticia\/2023\/07\/14\/portaria-inicio-desenrola.ghtml\"><strong>Desenrola: 1,5 milh\u00e3o com d\u00edvidas at\u00e9 R$ 100 v\u00e3o ter nome limpo a partir desta segunda<\/strong><\/a><\/li>\n<li><a class href=\"https:\/\/g1.globo.com\/economia\/noticia\/2023\/07\/14\/desenrola-veja-perguntas-e-respostas-sobre-o-programa.ghtml\"><strong>Desenrola: veja perguntas e respostas sobre o programa de renegocia\u00e7\u00e3o de d\u00edvidas<\/strong><\/a><\/li>\n<li><a class href=\"https:\/\/g1.globo.com\/economia\/noticia\/2023\/06\/28\/desenrola-governo-publica-regras-do-programa-para-renegociacao-de-dividas-veja-quem-pode-participar.ghtml\"><strong>Desenrola: governo publica regras do programa para renegocia\u00e7\u00e3o de d\u00edvidas; veja quem pode participar<\/strong><\/a><\/li>\n<\/ul>\n<p>                   <img loading=\"lazy\" decoding=\"async\" class=\"aligncenter size-full wp-image-50669\" src=\"https:\/\/blog.corretoraideal.com.br\/wp-content\/uploads\/2023\/07\/myrian-lund-da-dicas-de-como-negociar-com-bancos-e-como-evitar-que-dividas-virem-bola-de-neve.jpeg\" alt=\"Myrian Lund d\u00e1 dicas de como negociar com bancos e como evitar que d\u00edvidas virem bola de neve\" width=\"800\" height=\"400\" \/>      <\/p>\n<p> Myrian Lund d\u00e1 dicas de como negociar com bancos e como evitar que d\u00edvidas virem bola de neve <\/p>\n<p><h2>V\u00cdDEOS: mais assistidos do g1<\/h2>\n<\/p>\n<p>   <a href=\"https:\/\/g1.globo.com\/playlist\/videos-mais-assistidos-do-g1-nos-ultimos-7-dias.ghtml\">    50 v\u00eddeos      <\/a>   <\/p>\n<ul>\n<li> <a href=\"https:\/\/g1.globo.com\/tudo-sobre\/ministerio-da-fazenda\/\" class=\"entities__list-itemLink\" data-track-click=\"Minist\u00e9rio da Fazenda\"> Minist\u00e9rio da Fazenda <\/a> <\/li>\n<li> <a href=\"https:\/\/g1.globo.com\/tudo-sobre\/ministerio-do-planejamento\/\" class=\"entities__list-itemLink\" data-track-click=\"Minist\u00e9rio do Planejamento\"> Minist\u00e9rio do Planejamento <\/a> <\/li>\n<li> <a href=\"https:\/\/g1.globo.com\/tudo-sobre\/marcio-macedo\/\" class=\"entities__list-itemLink\" data-track-click=\"M\u00e1rcio Mac\u00eado\"> M\u00e1rcio Mac\u00eado <\/a> <\/li>\n<li> <a href=\"https:\/\/g1.globo.com\/tudo-sobre\/simone-tebet\/\" class=\"entities__list-itemLink\" data-track-click=\"Simone Tebet\"> Simone Tebet <\/a> <\/li>\n<\/ul>\n","protected":false},"excerpt":{"rendered":"<p>Tebet: &#8216;Brasil n\u00e3o comporta um Desenrola por ano&#8217; A ministra do Planejamento, Simone Tebet, criticou nesta sexta-feira (14) a taxa de juros do Brasil, atualmente em 13,75% e apontou como causa do endividamento das fam\u00edlias brasileiras. \u201cN\u00e3o adianta fazer o &#x27;Desenrola&#x27;, aliviarmos a vida das pessoas e apresentar um programa eficiente sob todos os aspectos, [&hellip;]<\/p>\n","protected":false},"author":1,"featured_media":0,"comment_status":"closed","ping_status":"closed","sticky":false,"template":"","format":"standard","meta":{"footnotes":""},"categories":[],"tags":[],"class_list":["post-50664","post","type-post","status-publish","format-standard","hentry"],"_links":{"self":[{"href":"https:\/\/blog.corretoraideal.com.br\/index.php\/wp-json\/wp\/v2\/posts\/50664","targetHints":{"allow":["GET"]}}],"collection":[{"href":"https:\/\/blog.corretoraideal.com.br\/index.php\/wp-json\/wp\/v2\/posts"}],"about":[{"href":"https:\/\/blog.corretoraideal.com.br\/index.php\/wp-json\/wp\/v2\/types\/post"}],"author":[{"embeddable":true,"href":"https:\/\/blog.corretoraideal.com.br\/index.php\/wp-json\/wp\/v2\/users\/1"}],"replies":[{"embeddable":true,"href":"https:\/\/blog.corretoraideal.com.br\/index.php\/wp-json\/wp\/v2\/comments?post=50664"}],"version-history":[{"count":1,"href":"https:\/\/blog.corretoraideal.com.br\/index.php\/wp-json\/wp\/v2\/posts\/50664\/revisions"}],"predecessor-version":[{"id":50670,"href":"https:\/\/blog.corretoraideal.com.br\/index.php\/wp-json\/wp\/v2\/posts\/50664\/revisions\/50670"}],"wp:attachment":[{"href":"https:\/\/blog.corretoraideal.com.br\/index.php\/wp-json\/wp\/v2\/media?parent=50664"}],"wp:term":[{"taxonomy":"category","embeddable":true,"href":"https:\/\/blog.corretoraideal.com.br\/index.php\/wp-json\/wp\/v2\/categories?post=50664"},{"taxonomy":"post_tag","embeddable":true,"href":"https:\/\/blog.corretoraideal.com.br\/index.php\/wp-json\/wp\/v2\/tags?post=50664"}],"curies":[{"name":"wp","href":"https:\/\/api.w.org\/{rel}","templated":true}]}}