{"id":50679,"date":"2023-07-15T00:29:47","date_gmt":"2023-07-15T00:29:47","guid":{"rendered":"https:\/\/blog.corretoraideal.com.br\/?p=50679"},"modified":"2023-07-15T00:29:47","modified_gmt":"2023-07-15T00:29:47","slug":"sao-joao-da-barra-abre-recadastramento-do-cartao-universitario-na-segunda-norte-fluminense-g1","status":"publish","type":"post","link":"https:\/\/blog.corretoraideal.com.br\/index.php\/2023\/07\/15\/sao-joao-da-barra-abre-recadastramento-do-cartao-universitario-na-segunda-norte-fluminense-g1\/","title":{"rendered":"S\u00e3o Jo\u00e3o da Barra abre recadastramento do Cart\u00e3o Universit\u00e1rio na segunda | Norte Fluminense | G1"},"content":{"rendered":"\n<p> A Prefeitura de S\u00e3o Jo\u00e3o da Barra, no Norte Fluminense, divulgou o recadastramento do Cart\u00e3o Universit\u00e1rio para estudantes de ensino superior beneficiados com o programa de bolsas de estudos da Prefeitura. <\/p>\n<p> O recadastramento referente ao segundo semestre de 2023 come\u00e7a na pr\u00f3xima segunda-feira (17) e deve ser realizado at\u00e9 o dia 20 julho (quinta). <\/p>\n<p> Os documentos necess\u00e1rios para o recadastramento s\u00e3o: <\/p>\n<ul>\n<li>Boleto e comprovante de pagamento referente a julho de 2023<\/li>\n<li>Declara\u00e7\u00e3o de matr\u00edcula emitida pela institui\u00e7\u00e3o constando que o aluno est\u00e1 matriculado no segundo semestre de 2023 e em qual per\u00edodo<\/li>\n<li>Declara\u00e7\u00e3o de frequ\u00eancia emitida pela institui\u00e7\u00e3o referente ao primeiro semestre de 2023<\/li>\n<li>e declara\u00e7\u00e3o de CR (coeficiente de rendimento semestral), tamb\u00e9m emitido pela institui\u00e7\u00e3o, referente ao primeiro semestre de 2023.<\/li>\n<\/ul>\n<p> A Prefeitura explica que na declara\u00e7\u00e3o de matr\u00edcula podem constar o CR semestral e a frequ\u00eancia semestral. <\/p>\n<p> &quot;Os documentos devem ser originais, assinados e carimbados pela institui\u00e7\u00e3o ou assinatura com o endere\u00e7o eletr\u00f4nico&quot;, diz o munic\u00edpio. <\/p>\n<p> Os alunos devem levar a documenta\u00e7\u00e3o solicitada ao setor de Bolsa Universit\u00e1ria da Secretaria Municipal de Educa\u00e7\u00e3o (Rua Coronel Cintra, 141 \u2013 Sede) de segunda a quinta-feira, das 9h \u00e0s 16h. <\/p>\n<p><h2><strong>Veja o cronograma dos bolsistas:<\/strong><\/h2>\n<\/p>\n<ul>\n<li>17\/07 \u2013 Ucam e Uniflu<\/li>\n<li>18\/07 \u2013 Isecensa e Unig<\/li>\n<li>19\/07 \u2013 Est\u00e1cio de S\u00e1 e Redentor<\/li>\n<li>20\/07 \u2013 Universo e demais faculdades<\/li>\n<\/ul>\n<ul> <\/ul>\n","protected":false},"excerpt":{"rendered":"<p>A Prefeitura de S\u00e3o Jo\u00e3o da Barra, no Norte Fluminense, divulgou o recadastramento do Cart\u00e3o Universit\u00e1rio para estudantes de ensino superior beneficiados com o programa de bolsas de estudos da Prefeitura. O recadastramento referente ao segundo semestre de 2023 come\u00e7a na pr\u00f3xima segunda-feira (17) e deve ser realizado at\u00e9 o dia 20 julho (quinta). Os [&hellip;]<\/p>\n","protected":false},"author":1,"featured_media":0,"comment_status":"closed","ping_status":"closed","sticky":false,"template":"","format":"standard","meta":{"footnotes":""},"categories":[],"tags":[],"class_list":["post-50679","post","type-post","status-publish","format-standard","hentry"],"_links":{"self":[{"href":"https:\/\/blog.corretoraideal.com.br\/index.php\/wp-json\/wp\/v2\/posts\/50679","targetHints":{"allow":["GET"]}}],"collection":[{"href":"https:\/\/blog.corretoraideal.com.br\/index.php\/wp-json\/wp\/v2\/posts"}],"about":[{"href":"https:\/\/blog.corretoraideal.com.br\/index.php\/wp-json\/wp\/v2\/types\/post"}],"author":[{"embeddable":true,"href":"https:\/\/blog.corretoraideal.com.br\/index.php\/wp-json\/wp\/v2\/users\/1"}],"replies":[{"embeddable":true,"href":"https:\/\/blog.corretoraideal.com.br\/index.php\/wp-json\/wp\/v2\/comments?post=50679"}],"version-history":[{"count":1,"href":"https:\/\/blog.corretoraideal.com.br\/index.php\/wp-json\/wp\/v2\/posts\/50679\/revisions"}],"predecessor-version":[{"id":50681,"href":"https:\/\/blog.corretoraideal.com.br\/index.php\/wp-json\/wp\/v2\/posts\/50679\/revisions\/50681"}],"wp:attachment":[{"href":"https:\/\/blog.corretoraideal.com.br\/index.php\/wp-json\/wp\/v2\/media?parent=50679"}],"wp:term":[{"taxonomy":"category","embeddable":true,"href":"https:\/\/blog.corretoraideal.com.br\/index.php\/wp-json\/wp\/v2\/categories?post=50679"},{"taxonomy":"post_tag","embeddable":true,"href":"https:\/\/blog.corretoraideal.com.br\/index.php\/wp-json\/wp\/v2\/tags?post=50679"}],"curies":[{"name":"wp","href":"https:\/\/api.w.org\/{rel}","templated":true}]}}