{"id":50689,"date":"2023-07-15T05:29:35","date_gmt":"2023-07-15T05:29:35","guid":{"rendered":"https:\/\/blog.corretoraideal.com.br\/?p=50689"},"modified":"2023-07-15T05:29:35","modified_gmt":"2023-07-15T05:29:35","slug":"ufrj-busca-diabeticas-ou-hipertensas-do-carp-para-avaliar-interferencia-da-covid-19-nas-pacientes-norte-fluminense-g1","status":"publish","type":"post","link":"https:\/\/blog.corretoraideal.com.br\/index.php\/2023\/07\/15\/ufrj-busca-diabeticas-ou-hipertensas-do-carp-para-avaliar-interferencia-da-covid-19-nas-pacientes-norte-fluminense-g1\/","title":{"rendered":"UFRJ busca diab\u00e9ticas ou hipertensas do Carp para avaliar interfer\u00eancia da Covid-19 nas pacientes | Norte Fluminense | G1"},"content":{"rendered":"\n<p> Um projeto de sa\u00fade, que visa avaliar a interfer\u00eancia da Covid-19 na vida de mulheres diab\u00e9ticas n\u00e3o insulino dependentes ou hipertensas, entre 18 e 59 anos, que tenham tido Covid depois de tomarem pelo menos uma dose da vacina, est\u00e1 convocando participantes em <a class href=\"https:\/\/g1.globo.com\/rj\/regiao-dos-lagos\/cidade\/macae\/\">Maca\u00e9<\/a>, no Norte Fluminsen. <\/p>\n<p> O projeto \u00e9 fruto de uma parceria entre a prefeitura de Maca\u00e9, atrav\u00e9s do Centro de Acolhimento e Reabilita\u00e7\u00e3o P\u00f3s-Covid (Carp), e o Instituto de Alimenta\u00e7\u00e3o e Nutri\u00e7\u00e3o (IAN) do Centro Multidisciplinar da Universidade Federal do Rio de Janeiro (UFRJ-Maca\u00e9). <\/p>\n<p> As interessadas em participar do estudo devem estar cadastradas no D. Sid, onde a pesquisa est\u00e1 em andamento. <\/p>\n<p> As volunt\u00e1rias que se enquadram no perfil de crit\u00e9rios de inclus\u00e3o devem preencher o formul\u00e1rio online, com nome completo, informando se teve Covid alguma vez ap\u00f3s a vacina\u00e7\u00e3o, o tipo de doen\u00e7a que tem e o contato para o pesquisador. <\/p>\n<p> A pesquisa \u00e9 intitulada \u201cAvalia\u00e7\u00e3o de Marcadores de Risco \u00e0 Sa\u00fade em Mulheres P\u00f3s-Infec\u00e7\u00e3o por SARS-COV-2 Portadoras de Diabetes Melitus e Hipertens\u00e3o Arterial\u201d, orientada pela professora Kelse Albuquerque, no Programa de P\u00f3s-gradua\u00e7\u00e3o Multic\u00eantrico em Ci\u00eancias Fisiol\u00f3gicas (PPGMCF) do Nupem\/UFRJ. <\/p>\n<p> \u201cA universidade est\u00e1 captando essas volunt\u00e1rias para que o estudo tenha maior ades\u00e3o. Nesta fase v\u00e3o come\u00e7ar a coleta de sangue e as medidas corporais\u201d, destacou Kelse Albuquerque. <\/p>\n<p> A professora explicou que a ideia \u00e9 fazer a compara\u00e7\u00e3o e, na conclus\u00e3o do estudo, obter os diagn\u00f3sticos nutricional, em rela\u00e7\u00e3o \u00e0 avalia\u00e7\u00e3o de medidas corporais; e o bioqu\u00edmico para avaliar marcadores de risco cardiovascular, processos inflamat\u00f3rios de diabetes e homeostase glic\u00eamica e gorduras s\u00e9ricas (regula\u00e7\u00e3o dos n\u00edveis de a\u00e7\u00facar e gordura no sangue), insulina e outros. Como a Covid-19 interfere nesses marcadores de risco \u00e9 o que o estudo, em andamento, vai avaliar. <\/p>\n<p> \u201cParcerias com a UFRJ s\u00e3o sempre importantes para a popula\u00e7\u00e3o e agregam dados para o setor de p\u00f3s-Covid. \u00c9 uma satisfa\u00e7\u00e3o estarmos contribuindo com pesquisas\u201d, enfatizou a coordenadora do D. Sid, Janiane Nunes. <\/p>\n<p> O Carp pertence ao D. Sid, que funciona no D. Alba, no Centro da cidade, vinculado \u00e0 Secretaria Municipal de Sa\u00fade. <\/p>\n<ul>\n<li> <a href=\"https:\/\/g1.globo.com\/rj\/regiao-dos-lagos\/cidade\/macae\/\" class=\"entities__list-itemLink\" data-track-click=\"Maca\u00e9\"> Maca\u00e9 <\/a> <\/li>\n<\/ul>\n","protected":false},"excerpt":{"rendered":"<p>Um projeto de sa\u00fade, que visa avaliar a interfer\u00eancia da Covid-19 na vida de mulheres diab\u00e9ticas n\u00e3o insulino dependentes ou hipertensas, entre 18 e 59 anos, que tenham tido Covid depois de tomarem pelo menos uma dose da vacina, est\u00e1 convocando participantes em Maca\u00e9, no Norte Fluminsen. O projeto \u00e9 fruto de uma parceria entre [&hellip;]<\/p>\n","protected":false},"author":1,"featured_media":0,"comment_status":"closed","ping_status":"closed","sticky":false,"template":"","format":"standard","meta":{"footnotes":""},"categories":[],"tags":[],"class_list":["post-50689","post","type-post","status-publish","format-standard","hentry"],"_links":{"self":[{"href":"https:\/\/blog.corretoraideal.com.br\/index.php\/wp-json\/wp\/v2\/posts\/50689","targetHints":{"allow":["GET"]}}],"collection":[{"href":"https:\/\/blog.corretoraideal.com.br\/index.php\/wp-json\/wp\/v2\/posts"}],"about":[{"href":"https:\/\/blog.corretoraideal.com.br\/index.php\/wp-json\/wp\/v2\/types\/post"}],"author":[{"embeddable":true,"href":"https:\/\/blog.corretoraideal.com.br\/index.php\/wp-json\/wp\/v2\/users\/1"}],"replies":[{"embeddable":true,"href":"https:\/\/blog.corretoraideal.com.br\/index.php\/wp-json\/wp\/v2\/comments?post=50689"}],"version-history":[{"count":1,"href":"https:\/\/blog.corretoraideal.com.br\/index.php\/wp-json\/wp\/v2\/posts\/50689\/revisions"}],"predecessor-version":[{"id":50691,"href":"https:\/\/blog.corretoraideal.com.br\/index.php\/wp-json\/wp\/v2\/posts\/50689\/revisions\/50691"}],"wp:attachment":[{"href":"https:\/\/blog.corretoraideal.com.br\/index.php\/wp-json\/wp\/v2\/media?parent=50689"}],"wp:term":[{"taxonomy":"category","embeddable":true,"href":"https:\/\/blog.corretoraideal.com.br\/index.php\/wp-json\/wp\/v2\/categories?post=50689"},{"taxonomy":"post_tag","embeddable":true,"href":"https:\/\/blog.corretoraideal.com.br\/index.php\/wp-json\/wp\/v2\/tags?post=50689"}],"curies":[{"name":"wp","href":"https:\/\/api.w.org\/{rel}","templated":true}]}}