{"id":50696,"date":"2023-07-15T10:30:13","date_gmt":"2023-07-15T10:30:13","guid":{"rendered":"https:\/\/blog.corretoraideal.com.br\/?p=50696"},"modified":"2023-07-15T10:30:13","modified_gmt":"2023-07-15T10:30:13","slug":"caso-letycia-segunda-audiencia-de-instrucao-e-julgamento-e-realizada-em-campos-norte-fluminense-g1","status":"publish","type":"post","link":"https:\/\/blog.corretoraideal.com.br\/index.php\/2023\/07\/15\/caso-letycia-segunda-audiencia-de-instrucao-e-julgamento-e-realizada-em-campos-norte-fluminense-g1\/","title":{"rendered":"&#039;Caso Letycia&#039;: segunda audi\u00eancia de instru\u00e7\u00e3o e julgamento \u00e9 realizada em Campos | Norte Fluminense | G1"},"content":{"rendered":"<p>      1 de 2&#013;A fam\u00edlia de Letycia esteve no F\u00f3rum Maria Tereza Gusm\u00e3o, em Campos, com cartazes pedindo justi\u00e7a \u2014 Foto: Monique Teixeira    <\/p>\n<p> A fam\u00edlia de Letycia esteve no F\u00f3rum Maria Tereza Gusm\u00e3o, em Campos, com cartazes pedindo justi\u00e7a \u2014 Foto: Monique Teixeira <\/p>\n<p> Foi realizada no F\u00f3rum Maria Tereza Gusm\u00e3o, em <a class href=\"https:\/\/g1.globo.com\/rj\/norte-fluminense\/cidade\/campos-dos-goytacazes\/\">Campos dos Goytacazes<\/a>, no Norte Fluminense, nesta quarta-feira (12), a segunda audi\u00eancia de instru\u00e7\u00e3o e julgamento do caso Letycia Peixoto, gr\u00e1vida de 8 meses assassinada em mar\u00e7o deste ano. A audi\u00eancia come\u00e7ou por volta das 13h e durou pouco mais de uma hora. <\/p>\n<p> Desta vez, segundo a decis\u00e3o do Juiz Adones Henrique Silva Ambr\u00f3sio Vieira, seriam ouvidas 25 testemunhas indicadas pela defesa t\u00e9cnica de Diogo Viola Nadai, ex-companheiro da v\u00edtima e acusado de ser o mandante do crime. <\/p>\n<p>         2 de 2&#013; Letycia Peixoto Fonseca estava gr\u00e1vida de 8 meses quando foi atingida por v\u00e1rios tiros em Campos \u2014 Foto: Reprodu\u00e7\u00e3o redes sociais e circuito de seguran\u00e7a    <\/p>\n<p> Letycia Peixoto Fonseca estava gr\u00e1vida de 8 meses quando foi atingida por v\u00e1rios tiros em Campos \u2014 Foto: Reprodu\u00e7\u00e3o redes sociais e circuito de seguran\u00e7a <\/p>\n<p> Das 25 pessoas intimadas, apenas onze compareceram, mas n\u00e3o prestaram depoimento por terem sido dispensadas pelo novo advogado de Diogo. <\/p>\n<p> A \u00fanica testemunha ouvida, segundo o advogado da fam\u00edlia de Letycia, M\u00e1rcio Marques, foi um policial civil respons\u00e1vel pela an\u00e1lise da localiza\u00e7\u00e3o geogr\u00e1fica dos telefones dos acusados. Os quatro acusados da justi\u00e7a de participa\u00e7\u00e3o do crime ficaram em sil\u00eancio. <\/p>\n<p> A defesa chegou a pedir que uma nova audi\u00eancia fosse marcada para interrogar os r\u00e9us, mas o ju\u00edz descartou a possibilidade. Depois que alguns laudos que ainda est\u00e3o pendentes forem anexados ao processo, defesa e acusa\u00e7\u00e3o v\u00e3o apresentar a peti\u00e7\u00e3o por escrito. <\/p>\n<p> A fam\u00edlia de Letycia, assim como na primeira audi\u00eancia, esteve no F\u00f3rum. Os familiares levaram cartazes com fotos da v\u00edtima e pediram justi\u00e7a pelo crime. <\/p>\n<p> O pr\u00f3ximo passo ser\u00e1 a senten\u00e7a do juiz que tamb\u00e9m vai determinar se o caso vai ou n\u00e3o a j\u00fari popular. <\/p>\n<p> A <a class href=\"https:\/\/g1.globo.com\/rj\/norte-fluminense\/noticia\/2023\/05\/20\/primeira-audiencia-de-instrucao-e-julgamento-do-caso-letycia-e-realizada-em-campos-no-rj.ghtml\">primeira audi\u00eancia aconteceu no dia 18 de maio<\/a>, mas das 50 testemunhas convocadas, entre familiares, amigos e policiais que participaram da investiga\u00e7\u00e3o, apenas 19 prestaram depoimento. <\/p>\n<p><h2><strong>Relembre o caso<\/strong><\/h2>\n<\/p>\n<p>                   <img loading=\"lazy\" decoding=\"async\" class=\"aligncenter size-full wp-image-50698\" src=\"https:\/\/blog.corretoraideal.com.br\/wp-content\/uploads\/2023\/07\/video-mostra-momento-em-que-gravida-de-8-meses-e-atingida-por-tiros-em-campos.jpeg\" alt=\"V\u00eddeo mostra momento em que gr\u00e1vida de 8 meses \u00e9 atingida por tiros, em Campos\" width=\"800\" height=\"400\" \/>      <\/p>\n<p> V\u00eddeo mostra momento em que gr\u00e1vida de 8 meses \u00e9 atingida por tiros, em Campos <\/p>\n<p> Letycia Peixoto Fonseca <a class href=\"https:\/\/g1.globo.com\/rj\/norte-fluminense\/noticia\/2023\/03\/03\/gravida-de-8-meses-e-morta-a-tiros-em-campos-bebe-chegou-a-ser-socorrido-com-vida-mas-morreu-no-hospital.ghtml\">foi assassinada no dia 2 de mar\u00e7o<\/a>, na Rua Sime\u00e3o Schremeth, no bairro Parque Aurora, em Campos. A v\u00edtima de 31 anos estava no carro da empresa em que trabalhava conversando com a m\u00e3e, que estava do lado de fora do ve\u00edculo, quando, por volta das 21h, as duas foram surpreendidas por dois homens em uma moto. O crime foi flagrado por c\u00e2meras de seguran\u00e7a. <\/p>\n<p> Letycia estava gr\u00e1vida de 8 meses, do beb\u00ea Hugo, e morreu na hora. A crian\u00e7a chegou a nascer atrav\u00e9s de um parto de emerg\u00eancia, mas faleceu na dia seguinte, em consequ\u00eancia de insufici\u00eancia respirat\u00f3ria e dist\u00farbio cardiovascular. <\/p>\n<ul>\n<li> <a href=\"https:\/\/g1.globo.com\/rj\/norte-fluminense\/cidade\/campos-dos-goytacazes\/\" class=\"entities__list-itemLink\" data-track-click=\"Campos dos Goytacazes\"> Campos dos Goytacazes <\/a> <\/li>\n<\/ul>\n","protected":false},"excerpt":{"rendered":"<p>1 de 2&#013;A fam\u00edlia de Letycia esteve no F\u00f3rum Maria Tereza Gusm\u00e3o, em Campos, com cartazes pedindo justi\u00e7a \u2014 Foto: Monique Teixeira A fam\u00edlia de Letycia esteve no F\u00f3rum Maria Tereza Gusm\u00e3o, em Campos, com cartazes pedindo justi\u00e7a \u2014 Foto: Monique Teixeira Foi realizada no F\u00f3rum Maria Tereza Gusm\u00e3o, em Campos dos Goytacazes, no Norte [&hellip;]<\/p>\n","protected":false},"author":1,"featured_media":0,"comment_status":"closed","ping_status":"closed","sticky":false,"template":"","format":"standard","meta":{"footnotes":""},"categories":[],"tags":[],"class_list":["post-50696","post","type-post","status-publish","format-standard","hentry"],"_links":{"self":[{"href":"https:\/\/blog.corretoraideal.com.br\/index.php\/wp-json\/wp\/v2\/posts\/50696","targetHints":{"allow":["GET"]}}],"collection":[{"href":"https:\/\/blog.corretoraideal.com.br\/index.php\/wp-json\/wp\/v2\/posts"}],"about":[{"href":"https:\/\/blog.corretoraideal.com.br\/index.php\/wp-json\/wp\/v2\/types\/post"}],"author":[{"embeddable":true,"href":"https:\/\/blog.corretoraideal.com.br\/index.php\/wp-json\/wp\/v2\/users\/1"}],"replies":[{"embeddable":true,"href":"https:\/\/blog.corretoraideal.com.br\/index.php\/wp-json\/wp\/v2\/comments?post=50696"}],"version-history":[{"count":1,"href":"https:\/\/blog.corretoraideal.com.br\/index.php\/wp-json\/wp\/v2\/posts\/50696\/revisions"}],"predecessor-version":[{"id":50699,"href":"https:\/\/blog.corretoraideal.com.br\/index.php\/wp-json\/wp\/v2\/posts\/50696\/revisions\/50699"}],"wp:attachment":[{"href":"https:\/\/blog.corretoraideal.com.br\/index.php\/wp-json\/wp\/v2\/media?parent=50696"}],"wp:term":[{"taxonomy":"category","embeddable":true,"href":"https:\/\/blog.corretoraideal.com.br\/index.php\/wp-json\/wp\/v2\/categories?post=50696"},{"taxonomy":"post_tag","embeddable":true,"href":"https:\/\/blog.corretoraideal.com.br\/index.php\/wp-json\/wp\/v2\/tags?post=50696"}],"curies":[{"name":"wp","href":"https:\/\/api.w.org\/{rel}","templated":true}]}}