{"id":50700,"date":"2023-07-15T12:29:45","date_gmt":"2023-07-15T12:29:45","guid":{"rendered":"https:\/\/blog.corretoraideal.com.br\/?p=50700"},"modified":"2023-07-15T12:29:45","modified_gmt":"2023-07-15T12:29:45","slug":"por-que-ha-montanhas-de-milho-ao-relento-no-interior-do-brasil-agronegocios-g1","status":"publish","type":"post","link":"https:\/\/blog.corretoraideal.com.br\/index.php\/2023\/07\/15\/por-que-ha-montanhas-de-milho-ao-relento-no-interior-do-brasil-agronegocios-g1\/","title":{"rendered":"Por que h\u00e1 montanhas de milho ao relento no interior do Brasil | Agroneg\u00f3cios | G1"},"content":{"rendered":"<p>      1 de 6&#013;Maior safra de gr\u00e3os da hist\u00f3ria e pre\u00e7os baixos da soja e do milho resultam em armaz\u00e9ns lotados e toneladas de milho expostas a temperaturas elevadas, a poss\u00edveis chuvas e a ataques de insetos e roedores \u2014 Foto: COOAVIL\/ Divulga\u00e7\u00e3o    <\/p>\n<p> Maior safra de gr\u00e3os da hist\u00f3ria e pre\u00e7os baixos da soja e do milho resultam em armaz\u00e9ns lotados e toneladas de milho expostas a temperaturas elevadas, a poss\u00edveis chuvas e a ataques de insetos e roedores \u2014 Foto: COOAVIL\/ Divulga\u00e7\u00e3o <\/p>\n<p> As imagens feitas com um drone impressionam: uma montanha dourada se ergue ao lado de um conjunto de silos gigantescos para armazenagem de gr\u00e3os. <\/p>\n<p> Ao lado da pilha, um caminh\u00e3o graneleiro parece um caminh\u00e3ozinho de brinquedo e um homem de capacete torna-se um pontinho quase impercept\u00edvel. <\/p>\n<p> A montanha de milho ao relento, registrada na Cooavil (Cooperativa Agropecu\u00e1ria Terra Viva) em Sorriso, no Mato Grosso, \u00e9 uma de muitas que se acumulam pelo interior do Brasil, em meio \u00e0 colheita da maior safra do gr\u00e3o da hist\u00f3ria do pa\u00eds. <\/p>\n<p> Segundo a <a class href=\"https:\/\/g1.globo.com\/tudo-sobre\/conab\/\">Conab<\/a> (Companhia Nacional de Abastecimento), em dados divulgados na quinta-feira (13\/7), o Brasil deve produzir 128 milh\u00f5es de toneladas de milho, somando as tr\u00eas safras do ciclo 2022\/2023 \u2014 num crescimento de 13% em rela\u00e7\u00e3o ao ciclo anterior, que j\u00e1 havia sido recorde. <\/p>\n<p> A safra gigante tem ajudado a reduzir a infla\u00e7\u00e3o no pa\u00eds ao baratear a ra\u00e7\u00e3o animal e o custo de produ\u00e7\u00e3o das carnes, que j\u00e1 acumulam queda de pre\u00e7os de quase 6% no ano, segundo o <a class href=\"https:\/\/g1.globo.com\/tudo-sobre\/ibge\/\">IBGE<\/a> (Instituto Brasileiro de Geografia e Estat\u00edstica). <\/p>\n<p> A safra tamb\u00e9m tem contribu\u00eddo para um PIB (Produto Interno Bruto) maior do que o esperado este ano e para super\u00e1vits recordes na balan\u00e7a comercial brasileira, com o pa\u00eds a caminho de desbancar os Estados Unidos como maior exportador de milho do mundo. <\/p>\n<ul>\n<li><strong>OU\u00c7A ?: <\/strong><a class href=\"https:\/\/g1.globo.com\/podcast\/de-onde-vem-o-que-eu-como\/noticia\/2022\/11\/14\/de-onde-vem-o-que-eu-como-15-milho.ghtml\">De onde vem o milho<\/a><\/li>\n<li><strong>ENTENDA ?:<\/strong> <a class href=\"https:\/\/g1.globo.com\/economia\/agronegocios\/agro-de-gente-pra-gente\/noticia\/2023\/01\/05\/de-onde-vem-o-que-eu-como-g1-ensina-a-escolher-o-milho-certo-pelo-cabelo.ghtml\">g1 ensina a escolher o milho certo pelo cabelo<\/a><\/li>\n<li><strong>QUIZ \u2714\ufe0f:<\/strong><a class href=\"https:\/\/g1.globo.com\/economia\/agronegocios\/quiz\/de-onde-vem-o-milho-teste-seus-conhecimentos-no-quiz.ghtml\"> De onde vem o milho? Teste seus conhecimentos<\/a><\/li>\n<\/ul>\n<p> Mas a safra recorde de milho, logo ap\u00f3s uma safra tamb\u00e9m recorde de soja, al\u00e9m dos pre\u00e7os em baixa de ambos os gr\u00e3os, resultaram em armaz\u00e9ns lotados e toneladas de milho armazenadas ao ar livre, expostas a temperaturas elevadas, \u00e0 possibilidade de chuvas e a ataques de insetos e roedores. <\/p>\n<p> O problema j\u00e1 aconteceu em anos anteriores, mas em 2023 est\u00e1 mais grave, de acordo com representantes do agroneg\u00f3cio ouvidos pela BBC News Brasil. <\/p>\n<p> Segundo a C\u00e2mara Setorial de Armazenagem de Gr\u00e3os da Associa\u00e7\u00e3o Brasileira da Ind\u00fastria de M\u00e1quinas e Equipamentos (CSEAG-Abimaq), o d\u00e9ficit de armazenagem de gr\u00e3os no Brasil cresceu de 83 milh\u00f5es de toneladas em 2022 para 118 milh\u00f5es de toneladas este ano \u2014 tamb\u00e9m um recorde. <\/p>\n<p> A foto citada no in\u00edcio do texto foi cedida \u00e0 BBC News Brasil pela pr\u00f3pria Cooavil. A reportagem tentou ainda ouvir um porta-voz da cooperativa, mas n\u00e3o foi poss\u00edvel por quest\u00e3o de agenda. <\/p>\n<p>         2 de 6&#013;    <\/p>\n<p><h2>Um problema cr\u00f4nico e crescente<\/h2>\n<\/p>\n<p> Paulo Bertolini, diretor da Abramilho (Associa\u00e7\u00e3o Brasileira dos Produtores de Miho), explica que o d\u00e9ficit de armazenagem \u00e9 um problema cr\u00f4nico do agroneg\u00f3cio brasileiro, mas que vem piorando ano ap\u00f3s ano. <\/p>\n<p> Isso porque a produ\u00e7\u00e3o de gr\u00e3os brasileira tem crescido a uma m\u00e9dia 9,4 milh\u00f5es de toneladas por ano, enquanto a capacidade de armazenagem cresce praticamente a metade disso: a um ritmo de 4,8 milh\u00f5es de toneladas por ano, segundo dados da <a class href=\"https:\/\/g1.globo.com\/tudo-sobre\/conab\/\">Conab<\/a> e da Abimaq. <\/p>\n<p>         3 de 6&#013;    <\/p>\n<p> Assim, com dois anos seguidos de safra recorde, a armazenagem de milho a c\u00e9u aberto na segunda safra este ano acontece em volume sem precedentes. <\/p>\n<p> &quot;\u00c9 bem mais do que em anos anteriores e o problema da falta de espa\u00e7o para armazenagem aconteceu aqui no Paran\u00e1 j\u00e1 na primeira safra, pela primeira vez na hist\u00f3ria&quot;, relata Bertolini. <\/p>\n<p> A t\u00edtulo de compara\u00e7\u00e3o, enquanto a primeira safra (colhida entre janeiro e fevereiro) somou 27 milh\u00f5es de toneladas, a segunda safra (atualmente em fase de colheita) deve chegar a 98 milh\u00f5es de toneladas, com um crescimento em volume de 14% em rela\u00e7\u00e3o \u00e0 segunda safra do ano passado, segundo a <a class href=\"https:\/\/g1.globo.com\/tudo-sobre\/conab\/\">Conab<\/a>. <\/p>\n<p> Antes chamada de &quot;safrinha&quot;, a segunda safra de milho brasileira supera a primeira desde o ciclo de 2011\/2012, chegando ao dobro de volume no per\u00edodo 2017\/2018 e a mais do que o triplo no ciclo 2022\/2023. <\/p>\n<p> &quot;Agora est\u00e1 entrando a segunda safra, com volume bastante grande de produ\u00e7\u00e3o, e ela encontrou os armaz\u00e9ns ainda repletos de soja. Ent\u00e3o \u00e9 um problema cr\u00f4nico, mas que esse ano se agravou substancialmente&quot;, diz o diretor da Abramilho. <\/p>\n<p> &quot;Quem mais sofre \u00e9 o milho, porque ele tem um valor agregado menor do que a soja \u2014 uma saca de milho vale menos do que a metade que a de soja&quot;, acrescenta. <\/p>\n<p> &quot;E ele produz duas vezes e meia a mais por hectare, ent\u00e3o ocupa duas vezes e meia mais espa\u00e7o do que a soja ocuparia e gasta duas vezes mais tempo para secar. Ent\u00e3o a situa\u00e7\u00e3o do milho \u00e9 mais grave, num cen\u00e1rio onde o Brasil n\u00e3o tem capacidade para processar sua produ\u00e7\u00e3o inteira.&quot; <\/p>\n<p>      <a href=\"https:\/\/g1.globo.com\/economia\/agronegocios\/stories\/2021\/08\/06\/milho-o-grao-que-alimenta-a-economia.ghtml\">Webstories<\/a>     <\/p>\n<p><h2>Pre\u00e7os em baixa<\/h2>\n<\/p>\n<p> Al\u00e9m da safra recorde, a queda de pre\u00e7os dos gr\u00e3os tamb\u00e9m explica o grande volume de milho armazenado a c\u00e9u aberto este ano, diz Sadi Beledelli, presidente do Sindicato Rural de Sorriso (MT). <\/p>\n<p> &quot;Como n\u00e3o s\u00f3 o pre\u00e7o do milho caiu, mas o pre\u00e7o da soja caiu, muitos produtores n\u00e3o fizeram negocia\u00e7\u00e3o de soja ainda, est\u00e3o mantendo a soja armazenada [\u00e0 espera de melhores pre\u00e7os]. Ent\u00e3o ela est\u00e1 tirando o espa\u00e7o que seria ocupado pelo milho nesse per\u00edodo&quot;, afirma. <\/p>\n<p> &quot;N\u00f3s n\u00e3o temos armaz\u00e9ns suficientes na regi\u00e3o para armazenar as duas safras, ent\u00e3o muitos armaz\u00e9ns est\u00e3o colocando milho a c\u00e9u aberto, do lado de fora.&quot; <\/p>\n<p> Beledelli explica que isso \u00e9 poss\u00edvel no Mato Grosso porque chuvas s\u00e3o raras na regi\u00e3o nessa \u00e9poca do ano. Mas a partir de setembro, quando voltam as \u00e1guas, ser\u00e1 necess\u00e1rio colocar todo esse milho em algum lugar, diz ele. <\/p>\n<p>         4 de 6&#013;Milho armazenado a c\u00e9u aberto no p\u00e1tio da cooperativa C.Vale, na comunidade S\u00e3o Luiz Gonzaga, a 70 km de Sorriso (MT) \u2014 Foto: Sadi Beledelli via BBC    <\/p>\n<p> Milho armazenado a c\u00e9u aberto no p\u00e1tio da cooperativa C.Vale, na comunidade S\u00e3o Luiz Gonzaga, a 70 km de Sorriso (MT) \u2014 Foto: Sadi Beledelli via BBC <\/p>\n<p> Jo\u00e3o Pedro Lopes, analista de intelig\u00eancia de mercado da StoneX, lembra que 2021 e 2022 foram anos de pre\u00e7os altos para os gr\u00e3os. <\/p>\n<p> Isso por conta de uma combina\u00e7\u00e3o de safras prejudicadas por quest\u00f5es clim\u00e1ticas no Brasil e no mundo; efeitos inflacion\u00e1rios da pandemia de covid-19; desvaloriza\u00e7\u00e3o cambial por aqui; e a guerra entre R\u00fassia e Ucr\u00e2nia, a partir de fevereiro de 2022, que afetou o embarque de gr\u00e3os ucranianos e o pre\u00e7o de insumos agr\u00edcolas, como os fertilizantes. <\/p>\n<p> Em 2023, no entanto, os pre\u00e7os apresentam tend\u00eancia de queda acentuada, devido \u00e0 expectativa de forte produ\u00e7\u00e3o no Brasil, elevada oferta tamb\u00e9m nos Estados Unidos e, mais recentemente, pela valoriza\u00e7\u00e3o do real, que torna as exporta\u00e7\u00f5es brasileiras menos atrativas. <\/p>\n<p> Assim, a soja, que chegou a ser negociada no porto de Paranagu\u00e1 (PR) acima de R$ 200 por saca de 60 kg em mar\u00e7o de 2022, \u00e9 cotada atualmente a R$ 145 \u2013 uma desvaloriza\u00e7\u00e3o de 30% em rela\u00e7\u00e3o ao pico, segundo dados do Cepea\/USP (Centro de Estudos Avan\u00e7ados em Economia Aplicada, da Universidade de S\u00e3o Paulo). <\/p>\n<p> J\u00e1 o milho chegou a R$ 104 a saca de 60 kg em mar\u00e7o do ano passado, sendo negociada atualmente a R$ 55, uma desvaloriza\u00e7\u00e3o de 47% em rela\u00e7\u00e3o ao pico, conforme o \u00edndice Esalq\/BM&amp;FBovespa. <\/p>\n<p>         5 de 6&#013;Milho chegou a ser cotado a R$ 104 a saca em mar\u00e7o de 2022, sendo negociado atualmente em R$ 55 \u2014 uma desvaloriza\u00e7\u00e3o de 47% em pouco mais de um ano \u2014 Foto: GETTY IMAGES via BBC    <\/p>\n<p> Milho chegou a ser cotado a R$ 104 a saca em mar\u00e7o de 2022, sendo negociado atualmente em R$ 55 \u2014 uma desvaloriza\u00e7\u00e3o de 47% em pouco mais de um ano \u2014 Foto: GETTY IMAGES via BBC <\/p>\n<p> E a falta de espa\u00e7o para armazenagem pressiona ainda mais os pre\u00e7os, diz Bertolini, da Abramilho. <\/p>\n<p> &quot;Quando as cooperativas ficam sem espa\u00e7o para receber a produ\u00e7\u00e3o dos seus cooperados, o agricultor que ainda n\u00e3o comercializou a produ\u00e7\u00e3o que est\u00e1 prestes a colher for\u00e7a o mercado, porque precisa se ver livre da produ\u00e7\u00e3o que ningu\u00e9m quer receber, fazendo os pre\u00e7os desabarem&quot;, relata. <\/p>\n<p> O preju\u00edzo aos produtores devido \u00e0 falta de estrutura para processamento e armazenagem dos gr\u00e3os \u00e9 estimado em R$ 30,5 bilh\u00f5es na safra 2022\/2023, segundo c\u00e1lculo de Carlos Cogo, da consultoria Cogo Intelig\u00eancia em Agroneg\u00f3cio, citado pelo diretor da Abramilho. <\/p>\n<p> &quot;Na nossa regi\u00e3o de Campos Gerais no Paran\u00e1, a safra passada do milho veio a R$ 100 a saca, hoje est\u00e1 em torno de R$ 40. Esse valor n\u00e3o remunera os custos de produ\u00e7\u00e3o e a atividade passa a operar no vermelho&quot;, diz Bertolini. <\/p>\n<p> &quot;\u00c9 um preju\u00edzo ao agricultor e um desest\u00edmulo para a pr\u00f3xima safra, quando provavelmente haver\u00e1 uma redu\u00e7\u00e3o de \u00e1rea de plantio.&quot; <\/p>\n<p><h2>&#x27;Falta pol\u00edtica de Estado&#x27;<\/h2>\n<\/p>\n<p> Segundo estimativa da Abimaq, seriam necess\u00e1rios R$ 15 bilh\u00f5es em investimentos por ano para frear o aumento do d\u00e9ficit em armazenagem. <\/p>\n<p> &quot;O que falta ao Brasil \u00e9 recurso para financiamento compat\u00edvel com o tipo de investimento necess\u00e1rio&quot;, avalia Bertolini. <\/p>\n<p> Ele defende a necessidade de mais verba para o PCA do BNDES (Programa para Constru\u00e7\u00e3o e Amplia\u00e7\u00e3o de Armaz\u00e9ns do Banco Nacional de Desenvolvimento Econ\u00f4mico e Social) e de que o financiamento para investimento em armazenagem chegue na ponta, aos agricultores. <\/p>\n<p>         6 de 6&#013;Milho armazenado ao ar livre na Fazenda Felicidade, em Porto Alegre do Norte, no Mato Grosso \u2014 Foto: Grupo Ouro Verde\/ Divulga\u00e7\u00e3o    <\/p>\n<p> Milho armazenado ao ar livre na Fazenda Felicidade, em Porto Alegre do Norte, no Mato Grosso \u2014 Foto: Grupo Ouro Verde\/ Divulga\u00e7\u00e3o <\/p>\n<p> Em 2022, apenas 15% da capacidade de armazenagem de gr\u00e3os no Brasil estava nas fazendas, enquanto 85% estavam em \u00e1reas urbanas e industriais, administradas em sua maioria por cooperativas e traders (grandes empresas dedicadas \u00e0 negocia\u00e7\u00e3o global de commodities). <\/p>\n<p> Nos EUA, em compara\u00e7\u00e3o, mais de 60% da capacidade de armazenagem est\u00e1 nas fazendas. O pa\u00eds tem capacidade de armazenar o equivalente a uma safra e meia, cita o diretor da Abramilho, com base nos dados da Abimaq. <\/p>\n<p> Procurado, o Minist\u00e9rio da Agricultura e Pecu\u00e1ria (Mapa) informou que, para a safra 2023\/2024, foram destinados R$ 6,65 bilh\u00f5es ao PCA. <\/p>\n<p> &quot;S\u00e3o R$ 2,85 bilh\u00f5es para financiar armaz\u00e9ns com capacidade de at\u00e9 6 mil toneladas, o que corresponde a 80,9% a mais de recursos comparativamente \u00e0 safra 2022\/2023, e R$ 3,80 bilh\u00f5es para financiar armaz\u00e9ns com capacidade acima de 6 mil toneladas, ou 60,8% acima do que foi programado na safra passada&quot;, informou a pasta. <\/p>\n<p> &quot;Al\u00e9m disso, existem outras medidas para ajudar o produtor a enfrentar a defasagem, como a linha dolarizada do BNDES que oferece recursos sem limite de volume e tamanho de armazenagem para que o produtor n\u00e3o tenha que vender uma safra a pre\u00e7os baixos para colocar outra no armaz\u00e9m.&quot; <\/p>\n<p> J\u00e1 o BNDES afirmou em nota que &quot;atento ao comportamento da demanda e \u00e0s necessidades do setor, mant\u00e9m aberto permanentemente o produto BNDES Cr\u00e9dito Rural&quot;. <\/p>\n<p> &quot;Vale destacar tamb\u00e9m que para atender aos projetos de armazenagem do segmento, al\u00e9m dos recursos do PCA, o BNDES tamb\u00e9m realiza opera\u00e7\u00f5es na modalidade direta, onde o banco assume o risco de cr\u00e9dito&quot;, disse o banco de fomento, citando as linhas BNDES Finem e Finame Direto. <\/p>\n<p> Para Beledelli, do Sindicato Rural de Sorriso, apenas ampliar o volume de financiamento n\u00e3o basta. <\/p>\n<p> &quot;Uma pol\u00edtica governamental a respeito de armazenagem tem que ser implantada de forma urgente no pa\u00eds&quot;, defende o ruralista. <\/p>\n<p> Segundo o representante do setor, \u00e9 preciso tamb\u00e9m uma pol\u00edtica de Estado para a quest\u00e3o log\u00edstica, com a melhora das condi\u00e7\u00f5es de transporte, principalmente atrav\u00e9s de ferrovias, e o aumento da capacidade dos portos brasileiros. <\/p>\n<p> Ele defende ainda a necessidade da desburocratiza\u00e7\u00e3o para que a iniciativa privada possa fazer isso acontecer. <\/p>\n<p>                   <img loading=\"lazy\" decoding=\"async\" class=\"aligncenter size-full wp-image-50702\" src=\"https:\/\/blog.corretoraideal.com.br\/wp-content\/uploads\/2023\/07\/de-onde-vem-o-que-eu-como-milho.jpeg\" alt=\"De onde vem o que eu como: Milho\" width=\"800\" height=\"400\" \/>      <\/p>\n<p> De onde vem o que eu como: Milho <\/p>\n<ul>\n<li> <a href=\"https:\/\/g1.globo.com\/tudo-sobre\/conab\/\" class=\"entities__list-itemLink\" data-track-click=\"CONAB\"> CONAB <\/a> <\/li>\n<li> <a href=\"https:\/\/g1.globo.com\/tudo-sobre\/ibge\/\" class=\"entities__list-itemLink\" data-track-click=\"IBGE\"> IBGE <\/a> <\/li>\n<\/ul>\n","protected":false},"excerpt":{"rendered":"<p>1 de 6&#013;Maior safra de gr\u00e3os da hist\u00f3ria e pre\u00e7os baixos da soja e do milho resultam em armaz\u00e9ns lotados e toneladas de milho expostas a temperaturas elevadas, a poss\u00edveis chuvas e a ataques de insetos e roedores \u2014 Foto: COOAVIL\/ Divulga\u00e7\u00e3o Maior safra de gr\u00e3os da hist\u00f3ria e pre\u00e7os baixos da soja e do [&hellip;]<\/p>\n","protected":false},"author":1,"featured_media":0,"comment_status":"closed","ping_status":"closed","sticky":false,"template":"","format":"standard","meta":{"footnotes":""},"categories":[],"tags":[],"class_list":["post-50700","post","type-post","status-publish","format-standard","hentry"],"_links":{"self":[{"href":"https:\/\/blog.corretoraideal.com.br\/index.php\/wp-json\/wp\/v2\/posts\/50700","targetHints":{"allow":["GET"]}}],"collection":[{"href":"https:\/\/blog.corretoraideal.com.br\/index.php\/wp-json\/wp\/v2\/posts"}],"about":[{"href":"https:\/\/blog.corretoraideal.com.br\/index.php\/wp-json\/wp\/v2\/types\/post"}],"author":[{"embeddable":true,"href":"https:\/\/blog.corretoraideal.com.br\/index.php\/wp-json\/wp\/v2\/users\/1"}],"replies":[{"embeddable":true,"href":"https:\/\/blog.corretoraideal.com.br\/index.php\/wp-json\/wp\/v2\/comments?post=50700"}],"version-history":[{"count":1,"href":"https:\/\/blog.corretoraideal.com.br\/index.php\/wp-json\/wp\/v2\/posts\/50700\/revisions"}],"predecessor-version":[{"id":50703,"href":"https:\/\/blog.corretoraideal.com.br\/index.php\/wp-json\/wp\/v2\/posts\/50700\/revisions\/50703"}],"wp:attachment":[{"href":"https:\/\/blog.corretoraideal.com.br\/index.php\/wp-json\/wp\/v2\/media?parent=50700"}],"wp:term":[{"taxonomy":"category","embeddable":true,"href":"https:\/\/blog.corretoraideal.com.br\/index.php\/wp-json\/wp\/v2\/categories?post=50700"},{"taxonomy":"post_tag","embeddable":true,"href":"https:\/\/blog.corretoraideal.com.br\/index.php\/wp-json\/wp\/v2\/tags?post=50700"}],"curies":[{"name":"wp","href":"https:\/\/api.w.org\/{rel}","templated":true}]}}