{"id":50708,"date":"2023-07-15T15:30:17","date_gmt":"2023-07-15T15:30:17","guid":{"rendered":"https:\/\/blog.corretoraideal.com.br\/?p=50708"},"modified":"2023-07-15T15:30:17","modified_gmt":"2023-07-15T15:30:17","slug":"idoso-de-75-anos-morre-apos-ser-atingido-por-cabo-de-energia-no-distrito-do-sana-em-macae-durante-vendaval-norte-fluminense-g1","status":"publish","type":"post","link":"https:\/\/blog.corretoraideal.com.br\/index.php\/2023\/07\/15\/idoso-de-75-anos-morre-apos-ser-atingido-por-cabo-de-energia-no-distrito-do-sana-em-macae-durante-vendaval-norte-fluminense-g1\/","title":{"rendered":"Idoso de 75 anos morre ap\u00f3s ser atingido por cabo de energia no distrito do Sana, em Maca\u00e9, durante vendaval | Norte Fluminense | G1"},"content":{"rendered":"<p>      1 de 2&#013;Alu\u00edzio Azevedo, de 75 anos, n\u00e3o resistiu aos ferimentos ap\u00f3s ser atingido por um cabo de energia durante vendaval no Sana, em Maca\u00e9 \u2014 Foto: Defesa Civil (imagem do local) e Arquivo pessoal (foto da v\u00edtima)    <\/p>\n<p> Alu\u00edzio Azevedo, de 75 anos, n\u00e3o resistiu aos ferimentos ap\u00f3s ser atingido por um cabo de energia durante vendaval no Sana, em Maca\u00e9 \u2014 Foto: Defesa Civil (imagem do local) e Arquivo pessoal (foto da v\u00edtima) <\/p>\n<p> Um idoso de 75 anos morreu ap\u00f3s ser atingido por um cabo de energia no distrito do Sana, em <a class href=\"https:\/\/g1.globo.com\/rj\/regiao-dos-lagos\/cidade\/macae\/\">Maca\u00e9<\/a>, no Norte Fluminense, durante o vendaval que atingiu a cidade na tarde desta quinta-feira (13). <\/p>\n<p> Alu\u00edzio Torres chegou a ser levado para o pronto-socorro, mas n\u00e3o resistiu aos ferimentos. O corpo foi encaminhado para o Instituto M\u00e9dico Legal (IML), onde permanecia na manh\u00e3 desta sexta-feira (14). <\/p>\n<p> Os cabos se romperam na localidade de Barra do Sana ap\u00f3s serem derrubados por galhos de uma \u00e1rvore. Segundo a Defesa Civil, foram registradas quedas de \u00e1rvores em pelo menos tr\u00eas pontos: no Sana, Frade e C\u00f3rrego do Ouro. <\/p>\n<p>         2 de 2&#013;Idoso foi atingido por cabo de energia em uma rua do distrito do Sana, em Maca\u00e9 \u2014 Foto: Defesa Civil    <\/p>\n<p> Idoso foi atingido por cabo de energia em uma rua do distrito do Sana, em Maca\u00e9 \u2014 Foto: Defesa Civil <\/p>\n<p> Tamb\u00e9m foi registrado um inc\u00eandio em um poste causado pela ventania, reflexo da passagem de um ciclone extratropical pelo estado do Rio de Janeiro. <\/p>\n<p> L\u00eddia Lima Torres Silva, filha de Alu\u00edzio, disse que durante o vendaval chegou a ligar para a Enel, companhia de energia, para relatar a preocupa\u00e7\u00e3o com as condi\u00e7\u00f5es da fia\u00e7\u00e3o no local, que, segundo ela, estava remendada. <\/p>\n<p> Em nota, a Enel Distribui\u00e7\u00e3o Rio lamentou o ocorrido e disse que enviou equipe ao local. Veja a nota: <\/p>\n<p> &quot;A Enel Distribui\u00e7\u00e3o Rio lamenta profundamente a fatalidade ocorrida ontem (13) em Barra do Sana. A distribuidora ressalta que enviou uma equipe ao local assim que tomou conhecimento do ocorrido e identificou uma \u00e1rvore de grande porte ca\u00edda no local, devido aos fortes ventos que t\u00eam atingido o Rio de Janeiro. A companhia esclarece que est\u00e1 em contato com a fam\u00edlia da v\u00edtima para oferecer todo o apoio necess\u00e1rio e est\u00e1 analisando as circunst\u00e2ncias do acidente&quot;, disse a companhia. <\/p>\n<ul>\n<li> <a href=\"https:\/\/g1.globo.com\/rj\/regiao-dos-lagos\/cidade\/macae\/\" class=\"entities__list-itemLink\" data-track-click=\"Maca\u00e9\"> Maca\u00e9 <\/a> <\/li>\n<\/ul>\n","protected":false},"excerpt":{"rendered":"<p>1 de 2&#013;Alu\u00edzio Azevedo, de 75 anos, n\u00e3o resistiu aos ferimentos ap\u00f3s ser atingido por um cabo de energia durante vendaval no Sana, em Maca\u00e9 \u2014 Foto: Defesa Civil (imagem do local) e Arquivo pessoal (foto da v\u00edtima) Alu\u00edzio Azevedo, de 75 anos, n\u00e3o resistiu aos ferimentos ap\u00f3s ser atingido por um cabo de energia [&hellip;]<\/p>\n","protected":false},"author":1,"featured_media":0,"comment_status":"closed","ping_status":"closed","sticky":false,"template":"","format":"standard","meta":{"footnotes":""},"categories":[],"tags":[],"class_list":["post-50708","post","type-post","status-publish","format-standard","hentry"],"_links":{"self":[{"href":"https:\/\/blog.corretoraideal.com.br\/index.php\/wp-json\/wp\/v2\/posts\/50708","targetHints":{"allow":["GET"]}}],"collection":[{"href":"https:\/\/blog.corretoraideal.com.br\/index.php\/wp-json\/wp\/v2\/posts"}],"about":[{"href":"https:\/\/blog.corretoraideal.com.br\/index.php\/wp-json\/wp\/v2\/types\/post"}],"author":[{"embeddable":true,"href":"https:\/\/blog.corretoraideal.com.br\/index.php\/wp-json\/wp\/v2\/users\/1"}],"replies":[{"embeddable":true,"href":"https:\/\/blog.corretoraideal.com.br\/index.php\/wp-json\/wp\/v2\/comments?post=50708"}],"version-history":[{"count":1,"href":"https:\/\/blog.corretoraideal.com.br\/index.php\/wp-json\/wp\/v2\/posts\/50708\/revisions"}],"predecessor-version":[{"id":50710,"href":"https:\/\/blog.corretoraideal.com.br\/index.php\/wp-json\/wp\/v2\/posts\/50708\/revisions\/50710"}],"wp:attachment":[{"href":"https:\/\/blog.corretoraideal.com.br\/index.php\/wp-json\/wp\/v2\/media?parent=50708"}],"wp:term":[{"taxonomy":"category","embeddable":true,"href":"https:\/\/blog.corretoraideal.com.br\/index.php\/wp-json\/wp\/v2\/categories?post=50708"},{"taxonomy":"post_tag","embeddable":true,"href":"https:\/\/blog.corretoraideal.com.br\/index.php\/wp-json\/wp\/v2\/tags?post=50708"}],"curies":[{"name":"wp","href":"https:\/\/api.w.org\/{rel}","templated":true}]}}