{"id":50717,"date":"2023-07-15T18:30:10","date_gmt":"2023-07-15T18:30:10","guid":{"rendered":"https:\/\/blog.corretoraideal.com.br\/?p=50717"},"modified":"2023-07-15T18:30:10","modified_gmt":"2023-07-15T18:30:10","slug":"ministerio-da-justica-e-discord-debatem-medidas-de-seguranca-e-colaboracao-em-investigacoes-tecnologia-g1","status":"publish","type":"post","link":"https:\/\/blog.corretoraideal.com.br\/index.php\/2023\/07\/15\/ministerio-da-justica-e-discord-debatem-medidas-de-seguranca-e-colaboracao-em-investigacoes-tecnologia-g1\/","title":{"rendered":"Minist\u00e9rio da Justi\u00e7a e Discord debatem medidas de seguran\u00e7a e colabora\u00e7\u00e3o em investiga\u00e7\u00f5es | Tecnologia | G1"},"content":{"rendered":"\n<p> O Minist\u00e9rio da Justi\u00e7a e da Seguran\u00e7a P\u00fablica e executivos representantes da plataforma Discord se reuniram na quinta-feira (13) em Bras\u00edlia para discutir a seguran\u00e7a e modera\u00e7\u00e3o na rede social. A empresa divulgou nota reconhecendo a &quot;colabora\u00e7\u00e3o cont\u00ednua&quot; que tem tido com o Minist\u00e9rio da Justi\u00e7a. <\/p>\n<p> <a class href=\"https:\/\/g1.globo.com\/fantastico\/noticia\/2023\/06\/26\/o-que-e-discord-e-para-que-serve-entenda-como-plataforma-foi-usada-em-estupro-virtual-de-menores.ghtml\">O Discord \u00e9 uma plataforma de comunica\u00e7\u00e3o on-line que permite que os usu\u00e1rios conversem por meio de mensagens de v\u00eddeo, texto e \u00e1udio<\/a>. Popular entre os jogadores de videogames, a rede social tamb\u00e9m \u00e9 usada por crian\u00e7as e adolescentes para se comunicar com os amigos e participar de comunidades. <\/p>\n<p> De acordo com o Minist\u00e9rio da Justi\u00e7a, durante o encontro foi poss\u00edvel retomar quest\u00f5es que vem sendo debatidas com a empresa desde o in\u00edcio da Opera\u00e7\u00e3o Escola Segura, que busca identificar perfis e conte\u00fados de amea\u00e7a a escolas. <\/p>\n<p> A empresa informou que neste ano ela j\u00e1 forneceu dados que auxiliaram as autoridades policiais em pris\u00f5es e apreens\u00f5es de mais de 300 pessoas ligadas a ataques planejados a escolas, o que impediu que fossem realizados. <\/p>\n<p> O Discord informou que cerca de 65 mil contas de brasileiros violaram as pol\u00edticas da plataforma e foram removidos desde o in\u00edcio de 2023. <\/p>\n<p> Nos \u00faltimos meses, <a class href=\"https:\/\/g1.globo.com\/fantastico\/noticia\/2023\/05\/01\/desafios-perversos-como-o-aplicativo-discord-virou-ferramenta-para-envolver-adolescentes-em-um-submundo-de-violencia-extrema.ghtml\">reportagens do Fant\u00e1stico (TV Globo) mostraram como o Discord virou uma ferramenta para envolver jovens em casos de viol\u00eancia extrema.<\/a> <\/p>\n<p> A pasta informou que, entre os pontos abordados, est\u00e3o as &quot;respostas \u00e0s requisi\u00e7\u00f5es policiais, incluindo as de emerg\u00eancias&quot;, e o &quot;aprimoramento nos processos de informa\u00e7\u00f5es pelas autoridades de seguran\u00e7a&quot;. O minist\u00e9rio tamb\u00e9m incluiu entre as demandas &quot;medidas preventivas para al\u00e9m das respostas \u00e0s solicita\u00e7\u00f5es no curso de investiga\u00e7\u00f5es&quot;. <\/p>\n<p> Segundo a pasta, os representantes da plataforma, o diretor s\u00eanior Stephen Gikow e o gerente s\u00eanior Rolando Vega, apresentaram as pol\u00edticas de modera\u00e7\u00e3o da rede, os esfor\u00e7os para a remo\u00e7\u00e3o de usu\u00e1rios e as colabora\u00e7\u00f5es com as autoridades brasileiras. <\/p>\n<p> A empresa, segundo o minist\u00e9rio, tamb\u00e9m apresentou as medidas que t\u00eam sido estudadas para aprimorar a seguran\u00e7a dos usu\u00e1rios e atender \u00e0s demandas dos \u00f3rg\u00e3os de seguran\u00e7a p\u00fablica. <\/p>\n<p> Entre os exemplos de a\u00e7\u00e3o, foram citados<a class href=\"https:\/\/g1.globo.com\/tecnologia\/noticia\/2023\/07\/12\/novo-recurso-do-discord-permite-que-pais-supervisionem-contas-de-filhos-adolescentes-veja-como-usar.ghtml\"> o avan\u00e7o nos recursos de controle dos pais dentro da plataforma<\/a>, apresentado ainda na quarta-feira (12) e o aperfei\u00e7oamento de requisi\u00e7\u00f5es as autoridades, incluindo o lan\u00e7amento de um guia em portugu\u00eas. <\/p>\n<p><h2>Controle para os pais<\/h2>\n<\/p>\n<p> Na quarta-feira (12), o Discrod lan\u00e7ou a ferramenta &quot;Central da Fam\u00edlia&quot; (ou &quot;Family Center&quot;, em ingl\u00eas), que permite que pais ou respons\u00e1veis sejam informados sobre parte das atividades de seus filhos na plataforma. <\/p>\n<p> De acordo com a rede, a Central da Fam\u00edlia foi apresentada para &quot;ajudar a promover um di\u00e1logo produtivo sobre h\u00e1bitos de internet mais seguros e criar maneiras mutuamente ben\u00e9ficas para pais e adolescentes se conectarem sobre experi\u00eancias online&quot;. <\/p>\n<p> A ferramenta permite que os respons\u00e1veis saibam com quais usu\u00e1rios seu filho adolescente est\u00e1 conversando e de quais comunidades do Discord ele participa. No entanto, eles n\u00e3o poder\u00e3o ver o conte\u00fado dessas conversas. <\/p>\n<ul> <\/ul>\n","protected":false},"excerpt":{"rendered":"<p>O Minist\u00e9rio da Justi\u00e7a e da Seguran\u00e7a P\u00fablica e executivos representantes da plataforma Discord se reuniram na quinta-feira (13) em Bras\u00edlia para discutir a seguran\u00e7a e modera\u00e7\u00e3o na rede social. A empresa divulgou nota reconhecendo a &quot;colabora\u00e7\u00e3o cont\u00ednua&quot; que tem tido com o Minist\u00e9rio da Justi\u00e7a. O Discord \u00e9 uma plataforma de comunica\u00e7\u00e3o on-line que [&hellip;]<\/p>\n","protected":false},"author":1,"featured_media":0,"comment_status":"closed","ping_status":"closed","sticky":false,"template":"","format":"standard","meta":{"footnotes":""},"categories":[],"tags":[],"class_list":["post-50717","post","type-post","status-publish","format-standard","hentry"],"_links":{"self":[{"href":"https:\/\/blog.corretoraideal.com.br\/index.php\/wp-json\/wp\/v2\/posts\/50717","targetHints":{"allow":["GET"]}}],"collection":[{"href":"https:\/\/blog.corretoraideal.com.br\/index.php\/wp-json\/wp\/v2\/posts"}],"about":[{"href":"https:\/\/blog.corretoraideal.com.br\/index.php\/wp-json\/wp\/v2\/types\/post"}],"author":[{"embeddable":true,"href":"https:\/\/blog.corretoraideal.com.br\/index.php\/wp-json\/wp\/v2\/users\/1"}],"replies":[{"embeddable":true,"href":"https:\/\/blog.corretoraideal.com.br\/index.php\/wp-json\/wp\/v2\/comments?post=50717"}],"version-history":[{"count":1,"href":"https:\/\/blog.corretoraideal.com.br\/index.php\/wp-json\/wp\/v2\/posts\/50717\/revisions"}],"predecessor-version":[{"id":50719,"href":"https:\/\/blog.corretoraideal.com.br\/index.php\/wp-json\/wp\/v2\/posts\/50717\/revisions\/50719"}],"wp:attachment":[{"href":"https:\/\/blog.corretoraideal.com.br\/index.php\/wp-json\/wp\/v2\/media?parent=50717"}],"wp:term":[{"taxonomy":"category","embeddable":true,"href":"https:\/\/blog.corretoraideal.com.br\/index.php\/wp-json\/wp\/v2\/categories?post=50717"},{"taxonomy":"post_tag","embeddable":true,"href":"https:\/\/blog.corretoraideal.com.br\/index.php\/wp-json\/wp\/v2\/tags?post=50717"}],"curies":[{"name":"wp","href":"https:\/\/api.w.org\/{rel}","templated":true}]}}