{"id":50720,"date":"2023-07-15T22:29:40","date_gmt":"2023-07-15T22:29:40","guid":{"rendered":"https:\/\/blog.corretoraideal.com.br\/?p=50720"},"modified":"2023-07-15T22:29:40","modified_gmt":"2023-07-15T22:29:40","slug":"por-que-o-governo-da-franca-ira-pagar-pelo-conserto-de-roupas-e-calcados-de-moradores-economia-g1","status":"publish","type":"post","link":"https:\/\/blog.corretoraideal.com.br\/index.php\/2023\/07\/15\/por-que-o-governo-da-franca-ira-pagar-pelo-conserto-de-roupas-e-calcados-de-moradores-economia-g1\/","title":{"rendered":"Por que o governo da Fran\u00e7a ir\u00e1 pagar pelo conserto de roupas e cal\u00e7ados de moradores | Economia | G1"},"content":{"rendered":"<p>      1 de 1&#013;Reparo gratuito: por que o governo da Fran\u00e7a ir\u00e1 pagar pelo conserto de roupas e cal\u00e7ados de moradores. \u2014 Foto: Sarah Brown \/ Unsplash    <\/p>\n<p> Reparo gratuito: por que o governo da Fran\u00e7a ir\u00e1 pagar pelo conserto de roupas e cal\u00e7ados de moradores. \u2014 Foto: Sarah Brown \/ Unsplash <\/p>\n<p> O governo da Fran\u00e7a anunciou nesta semana o pagamento de um b\u00f4nus para moradores que queiram consertar pe\u00e7as de roupas ou cal\u00e7ados danificados. <\/p>\n<p> O programa, que entrar\u00e1 em vigor em outubro, <strong>prev\u00ea o desconto de 6 a 25 euros sobre o reparo das pe\u00e7as <\/strong>\u2014 algo em torno de R$ 30 a R$ 134, pela cota\u00e7\u00e3o desta sexta-feira (14). <\/p>\n<p> O an\u00fancio foi feito pela secret\u00e1ria de estado da Ecologia do pa\u00eds, B\u00e9rang\u00e8re Couillard, em visita a um centro de moda sustent\u00e1vel em Paris, informou o jornal &quot;Le Monde&quot;. A previs\u00e3o \u00e9 que os descontos sejam aplicados diretamente na fatura do servi\u00e7o. <\/p>\n<p> De acordo com uma tabela divulgada pela secret\u00e1ria, parte da divis\u00e3o de consertos patrocinados pelo governo ser\u00e1 da seguinte forma: <\/p>\n<ul>\n<li>costurar um furo: <strong>7 euros;<\/strong><\/li>\n<li>mudar um salto:<strong> 7 euros;<\/strong><\/li>\n<li>colar uma sola de sapato: <strong>8 euros;<\/strong><\/li>\n<li>forrar uma roupa: <strong>at\u00e9 25 euros.<\/strong><\/li>\n<\/ul>\n<p> B\u00e9rang\u00e8re Couillard explicou que os servi\u00e7os ser\u00e3o financiados por um <strong>fundo de 154 milh\u00f5es de euros (cerca de R$ 830 milh\u00f5es) <\/strong>constitu\u00eddo a partir dos impostos pagos pelo setor t\u00eaxtil. O montante reservado deve valer para os pr\u00f3ximos cinco anos. <\/p>\n<p>&quot;Financiado pela contribui\u00e7\u00e3o dos fabricantes do setor, este aux\u00edlio reduzir\u00e1 o custo de seus reparos. A partir de outubro, ser\u00e1 mais f\u00e1cil consertar suas roupas e sapatos do que comprar novos&quot;, escreveu a secret\u00e1ria em sua conta no Twitter.<\/p>\n<p><h2>Por que o governo da Fran\u00e7a ir\u00e1 pagar pelos reparos?<\/h2>\n<\/p>\n<p> O principal objetivo do programa \u00e9 <strong>diminuir o desperd\u00edcio no pa\u00eds.<\/strong> De acordo com a secret\u00e1ria B\u00e9rang\u00e8re Couillard, a estimativa \u00e9 de que 700 mil toneladas de roupas s\u00e3o jogadas fora por ano na Fran\u00e7a \u2014 desse total, cerca de 466 mil toneladas acabam em aterros sanit\u00e1rios. <\/p>\n<p> O jornal brit\u00e2nico &quot;The Guardian&quot; informou que a secret\u00e1ria de Ecologia convidou todas as oficinas de costura e sapateiros do pa\u00eds a aderirem ao projeto, que ser\u00e1 gerido pela organiza\u00e7\u00e3o Refashion. <\/p>\n<p>\u201cO objetivo \u00e9 apoiar quem faz reparos\u201d, disse Couillard durante visita em Paris. Isso encorajaria oficinas e varejistas a oferecer servi\u00e7os de reparo com \u201ca esperan\u00e7a de recriar empregos\u201d, continuou.<\/p>\n<p> O projeto faz parte de um esfor\u00e7o mais amplo do governo franc\u00eas, iniciado no final do ano passado, para reformar a ind\u00fastria t\u00eaxtil, considerada uma das mais poluentes do mundo. <\/p>\n<p> No pa\u00eds, lojas de roupas e t\u00eaxteis tamb\u00e9m devem trazer nos r\u00f3tulos informa\u00e7\u00f5es do material usado e o pa\u00eds onde o item foi produzido e fabricado. <\/p>\n<ul> <\/ul>\n","protected":false},"excerpt":{"rendered":"<p>1 de 1&#013;Reparo gratuito: por que o governo da Fran\u00e7a ir\u00e1 pagar pelo conserto de roupas e cal\u00e7ados de moradores. \u2014 Foto: Sarah Brown \/ Unsplash Reparo gratuito: por que o governo da Fran\u00e7a ir\u00e1 pagar pelo conserto de roupas e cal\u00e7ados de moradores. \u2014 Foto: Sarah Brown \/ Unsplash O governo da Fran\u00e7a anunciou [&hellip;]<\/p>\n","protected":false},"author":1,"featured_media":0,"comment_status":"closed","ping_status":"closed","sticky":false,"template":"","format":"standard","meta":{"footnotes":""},"categories":[],"tags":[],"class_list":["post-50720","post","type-post","status-publish","format-standard","hentry"],"_links":{"self":[{"href":"https:\/\/blog.corretoraideal.com.br\/index.php\/wp-json\/wp\/v2\/posts\/50720","targetHints":{"allow":["GET"]}}],"collection":[{"href":"https:\/\/blog.corretoraideal.com.br\/index.php\/wp-json\/wp\/v2\/posts"}],"about":[{"href":"https:\/\/blog.corretoraideal.com.br\/index.php\/wp-json\/wp\/v2\/types\/post"}],"author":[{"embeddable":true,"href":"https:\/\/blog.corretoraideal.com.br\/index.php\/wp-json\/wp\/v2\/users\/1"}],"replies":[{"embeddable":true,"href":"https:\/\/blog.corretoraideal.com.br\/index.php\/wp-json\/wp\/v2\/comments?post=50720"}],"version-history":[{"count":1,"href":"https:\/\/blog.corretoraideal.com.br\/index.php\/wp-json\/wp\/v2\/posts\/50720\/revisions"}],"predecessor-version":[{"id":50722,"href":"https:\/\/blog.corretoraideal.com.br\/index.php\/wp-json\/wp\/v2\/posts\/50720\/revisions\/50722"}],"wp:attachment":[{"href":"https:\/\/blog.corretoraideal.com.br\/index.php\/wp-json\/wp\/v2\/media?parent=50720"}],"wp:term":[{"taxonomy":"category","embeddable":true,"href":"https:\/\/blog.corretoraideal.com.br\/index.php\/wp-json\/wp\/v2\/categories?post=50720"},{"taxonomy":"post_tag","embeddable":true,"href":"https:\/\/blog.corretoraideal.com.br\/index.php\/wp-json\/wp\/v2\/tags?post=50720"}],"curies":[{"name":"wp","href":"https:\/\/api.w.org\/{rel}","templated":true}]}}