{"id":50723,"date":"2023-07-16T03:30:50","date_gmt":"2023-07-16T03:30:50","guid":{"rendered":"https:\/\/blog.corretoraideal.com.br\/?p=50723"},"modified":"2023-07-16T03:30:50","modified_gmt":"2023-07-16T03:30:50","slug":"o-macarrao-feito-de-insetos-que-divide-italianos-agronegocios-g1","status":"publish","type":"post","link":"https:\/\/blog.corretoraideal.com.br\/index.php\/2023\/07\/16\/o-macarrao-feito-de-insetos-que-divide-italianos-agronegocios-g1\/","title":{"rendered":"O macarr\u00e3o feito de insetos que divide italianos | Agroneg\u00f3cios | G1"},"content":{"rendered":"<p>      1 de 3&#013;A reporter da BBC Sofia Bettiza experimentou o macarr\u00e3o de grilo \u2014 Foto: BBC    <\/p>\n<p> A reporter da BBC Sofia Bettiza experimentou o macarr\u00e3o de grilo \u2014 Foto: BBC <\/p>\n<p> Em uma fazenda perto dos Alpes, no norte da It\u00e1lia, cont\u00eaineres com milh\u00f5es de grilos pulando e cantando alto s\u00e3o empilhados uns sobre os outros. <\/p>\n<p> Esses grilos est\u00e3o prestes a se tornar comida. O processo \u00e9 simples: s\u00e3o congelados, fervidos, secos e depois pulverizados. <\/p>\n<p> Aqui na Italian Cricket Farm, a maior fazenda de insetos do pa\u00eds, cerca de um milh\u00e3o de grilos s\u00e3o transformados em ingredientes para alimenta\u00e7\u00e3o todos os dias. <\/p>\n<p> Ivan Albano, que administra a fazenda, abre um recipiente para revelar uma farinha marrom clara que pode ser usada na produ\u00e7\u00e3o de massas, p\u00e3es, panquecas, barrinhas energ\u00e9ticas &#8211; e at\u00e9 isot\u00f4nicos. <\/p>\n<p> Comer grilos, formigas e vermes \u00e9 comum em partes do mundo h\u00e1 milhares de anos. <\/p>\n<p> <strong>Leia tamb\u00e9m:<\/strong> <\/p>\n<ul>\n<li><strong>&#x27;Voc\u00ea sempre comeu insetos sem saber&#x27;: <\/strong><a class href=\"https:\/\/g1.globo.com\/economia\/agronegocios\/noticia\/2023\/02\/09\/voce-sempre-comeu-insetos-sem-saber-empresa-vende-farinha-de-grilo-que-vira-ate-salgadinho.ghtml\">empresa vende farinha de grilo que vira at\u00e9 salgadinho<\/a><\/li>\n<\/ul>\n<p> Agora, depois que a Uni\u00e3o Europeia (UE) aprovou a venda de insetos para consumo humano no in\u00edcio deste ano, haver\u00e1 uma mudan\u00e7a de atitude em toda a Europa? <\/p>\n<p> Bem, em nenhum lugar da Europa h\u00e1 mais resist\u00eancia a comer insetos do que na It\u00e1lia, segundo dados da empresa global de opini\u00e3o p\u00fablica YouGov, e as obje\u00e7\u00f5es v\u00eam de cima &#8211; o governo j\u00e1 tomou medidas para proibir seu uso em pizzas e massas. <\/p>\n<p> \u201cVamos nos opor, por qualquer meio e em qualquer lugar, a essa loucura que empobrece nossa agricultura e nossa cultura\u201d, escreveu o vice-primeiro-ministro Matteo Salvini no <a class href=\"https:\/\/g1.globo.com\/tudo-sobre\/facebook\/\">Facebook<\/a>. <\/p>\n<p> Mas ser\u00e1 que tudo isso est\u00e1 prestes a mudar? V\u00e1rios produtores italianos v\u00eam aperfei\u00e7oando massas, pizzas e lanches de grilo. <\/p>\n<p> &quot;O que fazemos aqui \u00e9 muito sustent\u00e1vel&quot;, diz Ivan. \u201cPara produzir um quilo de p\u00f3 de grilo, usamos apenas cerca de 12 litros de \u00e1gua\u201d, acrescenta, lembrando que produzir a mesma quantidade de prote\u00edna de vaca requer milhares de litros de \u00e1gua. <\/p>\n<p> A cria\u00e7\u00e3o de insetos tamb\u00e9m requer apenas uma fra\u00e7\u00e3o da terra usada para produzir carne. Dada a polui\u00e7\u00e3o causada pela ind\u00fastria de carne e latic\u00ednios, cada vez mais cientistas acreditam que os insetos podem ser a chave para combater as mudan\u00e7as clim\u00e1ticas. <\/p>\n<p> Em um restaurante perto de Turim, o chef Simone Loddo adaptou sua receita de massa fresca, que remonta a quase 1.000 anos &#8211; a massa agora \u00e9 15% de p\u00f3 de grilo. <\/p>\n<p> O local emana um cheiro forte de nozes. <\/p>\n<p> Alguns dos comensais se recusam a experimentar o tagliatelle de grilo, mas aqueles que o fazem &#8211; inclusive eu &#8211; ficam surpresos com o sabor. <\/p>\n<p>         2 de 3&#013;Tagliatelle de grilo servido com bacon e abobrinha \u2014 Foto: BBC    <\/p>\n<p> Tagliatelle de grilo servido com bacon e abobrinha \u2014 Foto: BBC <\/p>\n<p> Al\u00e9m do sabor, o p\u00f3 de grilo \u00e9 um alimento repleto de vitaminas, fibras, minerais e amino\u00e1cidos. Um prato cont\u00e9m mais fontes de ferro e magn\u00e9sio, por exemplo, do que um bife normal. <\/p>\n<p> Mas essa \u00e9 uma op\u00e7\u00e3o realista para quem quer comer menos carne? A quest\u00e3o principal \u00e9 o pre\u00e7o. <\/p>\n<p> &quot;Se voc\u00ea quiser comprar comida \u00e0 base de grilo, vai custar caro&quot;, diz Ivan. &quot;A farinha de grilo \u00e9 um produto de luxo. Custa cerca de 60 euros (R$ 323) por quilo. Se voc\u00ea levar macarr\u00e3o de grilo, por exemplo, um pacote pode custar at\u00e9 8 euros (R$ 48).&quot; <\/p>\n<p> Isso \u00e9 at\u00e9 oito vezes mais do que a massa normal do supermercado. <\/p>\n<p> Por enquanto, os alimentos com insetos continuam sendo uma op\u00e7\u00e3o de nicho nas sociedades ocidentais, j\u00e1 que os agricultores podem vender aves e carne bovina a pre\u00e7os mais baixos. <\/p>\n<p> &quot;A carne que produzo \u00e9 muito mais barata que a farinha de grilo e \u00e9 de muito boa qualidade&quot;, diz Claudio Lauteri, dono de uma fazenda perto de Roma que pertence a sua fam\u00edlia h\u00e1 quatro gera\u00e7\u00f5es. <\/p>\n<p> Mas n\u00e3o se trata apenas de pre\u00e7o. \u00c9 sobre aceita\u00e7\u00e3o social. <\/p>\n<p> Em toda a It\u00e1lia, o n\u00famero de pessoas que vivem at\u00e9 os 100 anos ou mais est\u00e1 aumentando rapidamente. Muitos apontam a dieta mediterr\u00e2nea como o Santo Graal para um estilo de vida saud\u00e1vel. <\/p>\n<p> &quot;Os italianos comem carne h\u00e1 s\u00e9culos. Com modera\u00e7\u00e3o, \u00e9 definitivamente saud\u00e1vel&quot;, diz Claudio. <\/p>\n<p> Ele acredita que a comida \u00e0 base insetos pode ser uma amea\u00e7a \u00e0 tradi\u00e7\u00e3o culin\u00e1ria italiana &#8211; algo universalmente sagrado neste pa\u00eds. <\/p>\n<p> &quot;Esses produtos s\u00e3o lixo&quot;, diz ele. \u201cN\u00e3o estamos acostumados com eles, n\u00e3o fazem parte da dieta mediterr\u00e2nea. E podem ser uma amea\u00e7a para as pessoas: n\u00e3o sabemos o que comer insetos pode fazer com nossos corpos.&quot; <\/p>\n<p> &quot;Sou absolutamente contra esses novos produtos aliment\u00edcios. Recuso-me a com\u00ea-los.&quot; <\/p>\n<p>         3 de 3&#013;Claudio Lauteri diz que alimentos com insetos s\u00e3o uma amea\u00e7a \u00e0 dieta mediterr\u00e2nea \u2014 Foto: BBC    <\/p>\n<p> Claudio Lauteri diz que alimentos com insetos s\u00e3o uma amea\u00e7a \u00e0 dieta mediterr\u00e2nea \u2014 Foto: BBC <\/p>\n<p> Conforme a cria\u00e7\u00e3o de insetos aumenta na Europa, tamb\u00e9m aumenta a hostilidade \u00e0 ideia. <\/p>\n<p> O assunto passou a ser mais um ponto na guerra cultural e mobiliza a direita radical. <\/p>\n<p> A decis\u00e3o da UE de aprovar insetos para consumo humano foi descrita por um membro do partido de direitaradical Irm\u00e3os da It\u00e1lia como &quot;beirando a loucura&quot;. <\/p>\n<p> A primeira-ministra Giorgia Meloni, que se referiu \u00e0 It\u00e1lia como uma &quot;superpot\u00eancia alimentar&quot;, criou um minist\u00e9rio para os produtos feitos na It\u00e1lia quando foi eleita, com o objetivo declarado de &quot;salvaguardar a tradi\u00e7\u00e3o&quot;. <\/p>\n<p> &quot;Produtos de insetos est\u00e3o chegando \u00e0s prateleiras dos supermercados! Farinha, larvas &#8211; bom, delicioso&quot;, disse ela em tom de desgosto em um v\u00eddeo. <\/p>\n<p> Em meio a preocupa\u00e7\u00f5es de que os insetos possam ser associados \u00e0 culin\u00e1ria italiana, tr\u00eas ministros do governo anunciaram quatro decretos buscando reprimir a pr\u00e1tica. &quot;\u00c9 fundamental que essas farinhas n\u00e3o sejam confundidas com alimentos feitos na It\u00e1lia&quot;, disse Francesco Lollobrigida, ministro da Agricultura. <\/p>\n<p> A alimenta\u00e7\u00e3o com insetos n\u00e3o est\u00e1 apenas dividindo opini\u00f5es na It\u00e1lia. <\/p>\n<p> Na Pol\u00f4nia, tornou-se um tema quente antes das elei\u00e7\u00f5es deste ano. Em mar\u00e7o, pol\u00edticos dos dois principais partidos acusaram-se mutuamente de aprovar pol\u00edticas que obrigariam os cidad\u00e3os a comer insetos \u2013 o l\u00edder do principal partido da oposi\u00e7\u00e3o, Donald Tusk, rotulou o governo de \u201cpromotor da sopa de minhocas\u201d. <\/p>\n<p> Enquanto isso, \u00c1ustria, B\u00e9lgica e Holanda s\u00e3o mais receptivos a comer insetos. Na \u00c1ustria, eles comem insetos secos como aperitivo, e os belgas est\u00e3o abertos a comer larvas em shakes e barras energ\u00e9ticas, hamb\u00fargueres e sopas. <\/p>\n<p> &quot;Infelizmente ainda h\u00e1 muita desinforma\u00e7\u00e3o sobre comer insetos&quot;, diz Daniel Scognamiglio, que dirige o restaurante que serve tagliatelle de grilo. <\/p>\n<p> &quot;Recebi \u00f3dio, fui criticado. A tradi\u00e7\u00e3o alimentar \u00e9 sagrada para muitas pessoas. Eles n\u00e3o querem mudar seus h\u00e1bitos alimentares.&quot; <\/p>\n<p> Mas ele identificou uma mudan\u00e7a e diz que mais pessoas &#8211; muitas vezes por curiosidade &#8211; est\u00e3o pedindo os produtos \u00e0 base de grilo de seu card\u00e1pio. <\/p>\n<p> Com a popula\u00e7\u00e3o global agora ultrapassando oito bilh\u00f5es, teme-se que os recursos do planeta n\u00e3o possam atender \u00e0s necessidades alimentares de tantas pessoas. <\/p>\n<p> A produ\u00e7\u00e3o agr\u00edcola mundial ter\u00e1 que aumentar em 70%, segundo estimativas da Organiza\u00e7\u00e3o das Na\u00e7\u00f5es Unidas para Agricultura e Alimenta\u00e7\u00e3o. <\/p>\n<p> Mudar para prote\u00ednas ecol\u00f3gicas &#8211; como insetos &#8211; pode se tornar uma necessidade. <\/p>\n<p> At\u00e9 agora, as possibilidades de produ\u00e7\u00e3o e comercializa\u00e7\u00e3o de alimentos para insetos eram limitadas. Com a aprova\u00e7\u00e3o da UE, a expectativa \u00e9 que, com o crescimento do setor, os pre\u00e7os caiam significativamente. <\/p>\n<p> Ivan conta que j\u00e1 recebe muitos pedidos de seus produtos em restaurantes e supermercados. <\/p>\n<p> &quot;O impacto no meio ambiente \u00e9 quase zero. Somos uma pe\u00e7a do quebra-cabe\u00e7a que pode salvar o planeta.&quot; <\/p>\n<p> <strong>Leia tamb\u00e9m:<\/strong> <\/p>\n<ul>\n<li><strong>Figo n\u00e3o \u00e9 fruta e &#x27;come&#x27; vespa; <\/strong><a class href=\"https:\/\/g1.globo.com\/economia\/agronegocios\/noticia\/2023\/06\/03\/figo-nao-e-fruta-e-come-vespa-entenda.ghtml\">entenda<\/a><\/li>\n<li><strong>O que faz um mel venenoso? Mel estraga?<\/strong> <a class href=\"https:\/\/g1.globo.com\/economia\/agronegocios\/noticia\/2023\/05\/20\/dia-mundial-da-abelha-o-que-faz-um-mel-venenoso-mel-estraga-teste-seus-conhecimentos.ghtml\">Teste seus conhecimentos<\/a><\/li>\n<li><strong>Tra\u00e7as que custam R$ 10 mil e bichinhos que se alimentam de cerveja:<\/strong> <a class href=\"https:\/\/g1.globo.com\/economia\/agronegocios\/noticia\/2023\/04\/20\/tracas-que-custam-r-10-mil-e-bichinhos-que-se-alimentam-de-cerveja-o-que-o-g1-descobriu-em-uma-fabrica-de-insetos.ghtml\">o que o g1 descobriu em uma f\u00e1brica de insetos\u00a0<\/a><\/li>\n<\/ul>\n<p><h2>Saiba tamb\u00e9m:<\/h2>\n<\/p>\n<p>                   <img loading=\"lazy\" decoding=\"async\" class=\"aligncenter size-full wp-image-50725\" src=\"https:\/\/blog.corretoraideal.com.br\/wp-content\/uploads\/2023\/07\/a-larva-de-mosca-que-consegue-roubar-a-comida-de-planta-carnivora.jpeg\" alt=\"A larva de mosca que consegue roubar a comida de planta carn\u00edvora\" width=\"800\" height=\"400\" \/>      <\/p>\n<p> A larva de mosca que consegue roubar a comida de planta carn\u00edvora <\/p>\n<p>                    <img loading=\"lazy\" decoding=\"async\" class=\"aligncenter size-full wp-image-50726\" src=\"https:\/\/blog.corretoraideal.com.br\/wp-content\/uploads\/2023\/07\/conheca-a-maca-que-tem-tamanho-de-perola.jpeg\" alt=\"Conhe\u00e7a a ma\u00e7\u00e3 que tem tamanho de p\u00e9rola\" width=\"800\" height=\"400\" \/>      <\/p>\n<p> Conhe\u00e7a a ma\u00e7\u00e3 que tem tamanho de p\u00e9rola <\/p>\n<ul>\n<li> <a href=\"https:\/\/g1.globo.com\/tudo-sobre\/facebook\/\" class=\"entities__list-itemLink\" data-track-click=\"Facebook\"> Facebook <\/a> <\/li>\n<\/ul>\n","protected":false},"excerpt":{"rendered":"<p>1 de 3&#013;A reporter da BBC Sofia Bettiza experimentou o macarr\u00e3o de grilo \u2014 Foto: BBC A reporter da BBC Sofia Bettiza experimentou o macarr\u00e3o de grilo \u2014 Foto: BBC Em uma fazenda perto dos Alpes, no norte da It\u00e1lia, cont\u00eaineres com milh\u00f5es de grilos pulando e cantando alto s\u00e3o empilhados uns sobre os outros. [&hellip;]<\/p>\n","protected":false},"author":1,"featured_media":0,"comment_status":"closed","ping_status":"closed","sticky":false,"template":"","format":"standard","meta":{"footnotes":""},"categories":[],"tags":[],"class_list":["post-50723","post","type-post","status-publish","format-standard","hentry"],"_links":{"self":[{"href":"https:\/\/blog.corretoraideal.com.br\/index.php\/wp-json\/wp\/v2\/posts\/50723","targetHints":{"allow":["GET"]}}],"collection":[{"href":"https:\/\/blog.corretoraideal.com.br\/index.php\/wp-json\/wp\/v2\/posts"}],"about":[{"href":"https:\/\/blog.corretoraideal.com.br\/index.php\/wp-json\/wp\/v2\/types\/post"}],"author":[{"embeddable":true,"href":"https:\/\/blog.corretoraideal.com.br\/index.php\/wp-json\/wp\/v2\/users\/1"}],"replies":[{"embeddable":true,"href":"https:\/\/blog.corretoraideal.com.br\/index.php\/wp-json\/wp\/v2\/comments?post=50723"}],"version-history":[{"count":1,"href":"https:\/\/blog.corretoraideal.com.br\/index.php\/wp-json\/wp\/v2\/posts\/50723\/revisions"}],"predecessor-version":[{"id":50727,"href":"https:\/\/blog.corretoraideal.com.br\/index.php\/wp-json\/wp\/v2\/posts\/50723\/revisions\/50727"}],"wp:attachment":[{"href":"https:\/\/blog.corretoraideal.com.br\/index.php\/wp-json\/wp\/v2\/media?parent=50723"}],"wp:term":[{"taxonomy":"category","embeddable":true,"href":"https:\/\/blog.corretoraideal.com.br\/index.php\/wp-json\/wp\/v2\/categories?post=50723"},{"taxonomy":"post_tag","embeddable":true,"href":"https:\/\/blog.corretoraideal.com.br\/index.php\/wp-json\/wp\/v2\/tags?post=50723"}],"curies":[{"name":"wp","href":"https:\/\/api.w.org\/{rel}","templated":true}]}}