{"id":50728,"date":"2023-07-16T04:29:40","date_gmt":"2023-07-16T04:29:40","guid":{"rendered":"https:\/\/blog.corretoraideal.com.br\/?p=50728"},"modified":"2023-07-16T04:29:40","modified_gmt":"2023-07-16T04:29:40","slug":"musk-diz-que-twitter-perdeu-50-da-receita-de-publicidade-e-continua-com-caixa-negativo-tecnologia-g1","status":"publish","type":"post","link":"https:\/\/blog.corretoraideal.com.br\/index.php\/2023\/07\/16\/musk-diz-que-twitter-perdeu-50-da-receita-de-publicidade-e-continua-com-caixa-negativo-tecnologia-g1\/","title":{"rendered":"Musk diz que Twitter perdeu 50% da receita de publicidade e continua com caixa negativo | Tecnologia | G1"},"content":{"rendered":"<p>      1 de 2&#013;O empres\u00e1rio norte-americano Elon Musk disse que lan\u00e7aria o Truth GPT para concorrer com o Chat GPT oferecido pela startup OpenAI \u2014 Foto: Hannibal Hanschke\/ Reuters    <\/p>\n<p> O empres\u00e1rio norte-americano Elon Musk disse que lan\u00e7aria o Truth GPT para concorrer com o Chat GPT oferecido pela startup OpenAI \u2014 Foto: Hannibal Hanschke\/ Reuters <\/p>\n<p> Ex-CEO do <a class href=\"https:\/\/g1.globo.com\/tudo-sobre\/twitter\/\">Twitter<\/a>, o empres\u00e1rio <a class href=\"https:\/\/g1.globo.com\/tudo-sobre\/elon-musk\/\">Elon Musk<\/a> afirmou neste s\u00e1bado (15) que devido \u00e0 queda de 50% da receita de publicidade a plataforma continua com caixa negativo. <\/p>\n<p> Ele n\u00e3o detalhou o per\u00edodo no qual a queda de receita foi registrada. <\/p>\n<p> &quot;Ainda estamos com fluxo de caixa negativo, devido \u00e0 queda de aproximadamente 50% na receita de publicidade, al\u00e9m da pesada carga de d\u00edvidas&quot;, escreveu o empres\u00e1rio em sua conta pessoal do Twitter, em resposta um usu\u00e1rio. <\/p>\n<p> &quot;Precisamos alcan\u00e7ar um fluxo de caixa positivo antes de nos darmos ao luxo de qualquer outra coisa&quot;, completou. <\/p>\n<p>         2 de 2&#013;Elon Musk admite que Twitter teve queda de an\u00fancios em sua gest\u00e3o \u2014 Foto: Reprodu\u00e7\u00e3o\/Twitter    <\/p>\n<p> Elon Musk admite que Twitter teve queda de an\u00fancios em sua gest\u00e3o \u2014 Foto: Reprodu\u00e7\u00e3o\/Twitter <\/p>\n<p> Musk <a class href=\"https:\/\/g1.globo.com\/tecnologia\/noticia\/2022\/10\/27\/musk-conclui-compra-do-twitter-por-u-44-bilhoes-presidente-e-diretores-ja-foram-demitidos.ghtml\">comprou o Twitter no ano passado, por US$ 44 bilh\u00f5es<\/a>, e logo em seguida promoveu uma <a class href=\"https:\/\/g1.globo.com\/tecnologia\/noticia\/2022\/11\/04\/twitter-demitiu-50percent-dos-funcionarios-apos-ser-adquirido-por-musk-diz-executivo.ghtml\">demiss\u00e3o em massa para tentar equilibrar as contas<\/a>. <\/p>\n<p> A declara\u00e7\u00e3o admitindo o resultado ruim contradiz entrevista feita em abril deste ano, quando o bilion\u00e1rio afirmou que <a class href=\"https:\/\/g1.globo.com\/tecnologia\/noticia\/2023\/04\/12\/meu-cachorro-e-o-ceo-do-twitter-cortamos-80percent-da-equipe-diz-musk-sobre-a-empresa-em-entrevista-a-bbc.ghtml\">&quot;quase todos os anunciantes voltaram ou disseram que v\u00e3o voltar&quot;<\/a>. <\/p>\n<p> Um m\u00eas depois da entrevista, Musk cumpriu o que havia prometido e <a class href=\"https:\/\/g1.globo.com\/tecnologia\/noticia\/2023\/05\/11\/elon-musk-anuncia-nova-ceo-do-twitter.ghtml\">deixou a presid\u00eancia-executiva da rede social<\/a>. Atualmente, <a class href=\"https:\/\/g1.globo.com\/tecnologia\/noticia\/2023\/05\/12\/musk-escolhe-linda-yaccarino-como-ceo-do-twitter-diz-jornal.ghtml\">Linda Yaccarino est\u00e1 no cargo<\/a>. <\/p>\n<p> <strong>LEIA TAMB\u00c9M:<\/strong> <\/p>\n<ul>\n<li><a class href=\"https:\/\/g1.globo.com\/tecnologia\/noticia\/2023\/06\/24\/zuckerberg-ou-musk-quem-venceria-a-luta-dos-bilionarios.ghtml\">Zuckerberg ou Musk: quem venceria a &#x27;luta&#x27; dos bilion\u00e1rios?<\/a><\/li>\n<li><a class href=\"https:\/\/g1.globo.com\/tecnologia\/noticia\/2023\/07\/10\/suspenso-no-twitter-jovem-cria-conta-no-threads-para-rastrear-jatinho-de-elon-musk.ghtml\">Suspenso no Twitter, jovem migra para o Threads para rastrear jatinho de Elon Musk<\/a><\/li>\n<\/ul>\n<ul>\n<li> <a href=\"https:\/\/g1.globo.com\/tudo-sobre\/elon-musk\/\" class=\"entities__list-itemLink\" data-track-click=\"Elon Musk\"> Elon Musk <\/a> <\/li>\n<li> <a href=\"https:\/\/g1.globo.com\/tudo-sobre\/twitter\/\" class=\"entities__list-itemLink\" data-track-click=\"Twitter\"> Twitter <\/a> <\/li>\n<\/ul>\n","protected":false},"excerpt":{"rendered":"<p>1 de 2&#013;O empres\u00e1rio norte-americano Elon Musk disse que lan\u00e7aria o Truth GPT para concorrer com o Chat GPT oferecido pela startup OpenAI \u2014 Foto: Hannibal Hanschke\/ Reuters O empres\u00e1rio norte-americano Elon Musk disse que lan\u00e7aria o Truth GPT para concorrer com o Chat GPT oferecido pela startup OpenAI \u2014 Foto: Hannibal Hanschke\/ Reuters Ex-CEO [&hellip;]<\/p>\n","protected":false},"author":1,"featured_media":0,"comment_status":"closed","ping_status":"closed","sticky":false,"template":"","format":"standard","meta":{"footnotes":""},"categories":[],"tags":[],"class_list":["post-50728","post","type-post","status-publish","format-standard","hentry"],"_links":{"self":[{"href":"https:\/\/blog.corretoraideal.com.br\/index.php\/wp-json\/wp\/v2\/posts\/50728","targetHints":{"allow":["GET"]}}],"collection":[{"href":"https:\/\/blog.corretoraideal.com.br\/index.php\/wp-json\/wp\/v2\/posts"}],"about":[{"href":"https:\/\/blog.corretoraideal.com.br\/index.php\/wp-json\/wp\/v2\/types\/post"}],"author":[{"embeddable":true,"href":"https:\/\/blog.corretoraideal.com.br\/index.php\/wp-json\/wp\/v2\/users\/1"}],"replies":[{"embeddable":true,"href":"https:\/\/blog.corretoraideal.com.br\/index.php\/wp-json\/wp\/v2\/comments?post=50728"}],"version-history":[{"count":1,"href":"https:\/\/blog.corretoraideal.com.br\/index.php\/wp-json\/wp\/v2\/posts\/50728\/revisions"}],"predecessor-version":[{"id":50730,"href":"https:\/\/blog.corretoraideal.com.br\/index.php\/wp-json\/wp\/v2\/posts\/50728\/revisions\/50730"}],"wp:attachment":[{"href":"https:\/\/blog.corretoraideal.com.br\/index.php\/wp-json\/wp\/v2\/media?parent=50728"}],"wp:term":[{"taxonomy":"category","embeddable":true,"href":"https:\/\/blog.corretoraideal.com.br\/index.php\/wp-json\/wp\/v2\/categories?post=50728"},{"taxonomy":"post_tag","embeddable":true,"href":"https:\/\/blog.corretoraideal.com.br\/index.php\/wp-json\/wp\/v2\/tags?post=50728"}],"curies":[{"name":"wp","href":"https:\/\/api.w.org\/{rel}","templated":true}]}}