{"id":50731,"date":"2023-07-16T08:29:37","date_gmt":"2023-07-16T08:29:37","guid":{"rendered":"https:\/\/blog.corretoraideal.com.br\/?p=50731"},"modified":"2023-07-16T08:29:37","modified_gmt":"2023-07-16T08:29:37","slug":"nova-gestora-da-shefa-se-manifesta-pela-1a-vez-apos-empresa-ter-falencia-decretada-preservacao-e-valorizacao-do-ativo-campinas-e-regiao-g1","status":"publish","type":"post","link":"https:\/\/blog.corretoraideal.com.br\/index.php\/2023\/07\/16\/nova-gestora-da-shefa-se-manifesta-pela-1a-vez-apos-empresa-ter-falencia-decretada-preservacao-e-valorizacao-do-ativo-campinas-e-regiao-g1\/","title":{"rendered":"Nova gestora da Shefa se manifesta pela 1\u00aa vez ap\u00f3s empresa ter fal\u00eancia decretada: &#039;Preserva\u00e7\u00e3o e valoriza\u00e7\u00e3o do ativo&#039; | Campinas e Regi\u00e3o | G1"},"content":{"rendered":"\n<ul>\n<li>\n<p> Justi\u00e7a decretou a fal\u00eancia da Shefa na \u00faltima quarta-feira <\/p>\n<\/li>\n<li>\n<p> Segundo o juiz, ind\u00edcios de fraudes durante o processo basearam a decis\u00e3o <\/p>\n<\/li>\n<li>\n<p> A atividade empresarial ser\u00e1 mantida at\u00e9 a liquida\u00e7\u00e3o do bloco <\/p>\n<\/li>\n<li>\n<p> Nova gestora da empresa afirma que decis\u00e3o permite &#x27;preserva\u00e7\u00e3o e valoriza\u00e7\u00e3o do ativo&#x27; <\/p>\n<\/li>\n<\/ul>\n<p> Justi\u00e7a decretou a fal\u00eancia da Shefa na \u00faltima quarta-feira <\/p>\n<p> Segundo o juiz, ind\u00edcios de fraudes durante o processo basearam a decis\u00e3o <\/p>\n<p> A atividade empresarial ser\u00e1 mantida at\u00e9 a liquida\u00e7\u00e3o do bloco <\/p>\n<p> Nova gestora da empresa afirma que decis\u00e3o permite &#x27;preserva\u00e7\u00e3o e valoriza\u00e7\u00e3o do ativo&#x27; <\/p>\n<p>         1 de 1&#013;Sede da Shefa em Amparo \u2014 Foto: Heitor Moreira\/EPTV    <\/p>\n<p> Sede da Shefa em Amparo \u2014 Foto: Heitor Moreira\/EPTV <\/p>\n<p> A nova gestora judicial da Agropecu\u00e1ria Tuiuti S\/A, empresa de latic\u00ednios conhecida como Shefa, manifestou-se nesta sexta-feira (14) pela primeira vez desde que a empresa <a class href=\"https:\/\/g1.globo.com\/sp\/campinas-regiao\/noticia\/2023\/07\/13\/justica-decreta-falencia-da-shefa-empresa-de-laticinios.ghtml\">teve a fal\u00eancia decretada pela Justi\u00e7a, na quarta (12)<\/a>. <\/p>\n<p> Na decis\u00e3o, a Justi\u00e7a tamb\u00e9m determinou o afastamento imediato dos antigo respons\u00e1veis, sob acusa\u00e7\u00f5es de fraudes (<strong>veja abaixo<\/strong>), e a manuten\u00e7\u00e3o tempor\u00e1ria do funcionamento da empresa, com a gestora judicial \u00e0 frente dos trabalhos. <\/p>\n<p>&quot;A decis\u00e3o judicial permite a melhor preserva\u00e7\u00e3o e valoriza\u00e7\u00e3o do ativo, com a finalidade de otimiza\u00e7\u00e3o de uma via de sa\u00edda que permita prestigiar, na melhor extens\u00e3o poss\u00edvel, a todos os stakeholders, conservando as rela\u00e7\u00f5es de emprego, os contratos, o recolhimento de impostos e demais reflexos sociais relevantes&quot;, diz nota da gestora.<\/p>\n<p> <strong>LEIA TAMB\u00c9M<\/strong> <\/p>\n<ul>\n<li><a class href=\"https:\/\/g1.globo.com\/sp\/campinas-regiao\/noticia\/2023\/07\/13\/entenda-as-acusacoes-de-fraude-que-levaram-a-shefa-a-falencia.ghtml\">Entenda as acusa\u00e7\u00f5es de fraude que levaram a Shefa \u00e0 fal\u00eancia<\/a><\/li>\n<\/ul>\n<p> A atividade empresarial ser\u00e1 mantida at\u00e9 a liquida\u00e7\u00e3o do bloco, como forma de preservar o emprego dos mais de 300 funcion\u00e1rios e para o benef\u00edcio da coletividade dos credores. O juiz tamb\u00e9m determinou que nenhum contrato ou obriga\u00e7\u00e3o vinculado \u00e0 Shefa seja suspenso. <\/p>\n<p> <strong>Confira na \u00edntegra o comunicado da nova gestora da Shefa:<\/strong> <\/p>\n<p> &quot;A decis\u00e3o judicial proferida em 12 de julho de 2023, pela 1\u00aa Vara C\u00edvel de <a class href=\"https:\/\/g1.globo.com\/sp\/campinas-regiao\/cidade\/amparo-sp\/\">Amparo<\/a>, decretou a fal\u00eancia da companhia, mas tamb\u00e9m determinou a continua\u00e7\u00e3o das atividades empresariais, com a manuten\u00e7\u00e3o da vig\u00eancia de todos os empregos e contratos, assim como a nomea\u00e7\u00e3o de uma Gestora Judicial, a FKConsulting.PRO (FK), representada pelo s\u00f3cio-diretor Sr. Frank K. Migiyama, em substitui\u00e7\u00e3o aos administradores da companhia.  <\/p>\n<p> Assim, as atividades da companhia foram integralmente mantidas pela decis\u00e3o judicial, tendo a Gestora Judicial assumido a gest\u00e3o da companhia. A decis\u00e3o judicial permite a melhor preserva\u00e7\u00e3o e valoriza\u00e7\u00e3o do ativo, com a finalidade de otimiza\u00e7\u00e3o de uma via de sa\u00edda que permita prestigiar, na melhor extens\u00e3o poss\u00edvel, a todos os stakeholders, conservando as rela\u00e7\u00f5es de emprego, os contratos, o recolhimento de impostos e demais reflexos sociais relevantes.&quot; <\/p>\n<p><h2>Acusa\u00e7\u00f5es de fraudes<\/h2>\n<\/p>\n<p> Acusa\u00e7\u00f5es de fraudes durante o processo de recupera\u00e7\u00e3o judicial levaram o Tribunal de Justi\u00e7a de S\u00e3o Paulo (TJ-SP) a decretar a fal\u00eancia da Shefa. <\/p>\n<p> O <a class href=\"https:\/\/g1.globo.com\/sp\/campinas-regiao\/\">g1<\/a> obteve acesso \u00e0 decis\u00e3o de fal\u00eancia, na qual o juiz Fernando Leonardi Campanella, da 1\u00aa Vara do Foro de Amparo, detalhou os ind\u00edcios de fraudes relacionados \u00e0 empresa. <\/p>\n<p> Segundo Campanella, em 2015, a Shefa j\u00e1 vivia dificuldades financeiras. Foi ent\u00e3o que um empres\u00e1rio come\u00e7ou a injetar capital na empresa e ganhou como garantia a posse da marca. <\/p>\n<p> No ano seguinte, a venda da Shefa foi oficializada a um terceiro, mas com duas empresas do empres\u00e1rio que injetava o capital como &quot;garantidoras&quot; das obriga\u00e7\u00f5es assumidas pelo comprador. Uma delas tamb\u00e9m era credora da Shefa. <\/p>\n<ul>\n<li>Pouco tempo depois da venda, de acordo com o magistrado, houve o primeiro ind\u00edcio de fraude. O ent\u00e3o dono teria prestado garantias em prol da empresa garantidora\/credora, de modo a abranger d\u00edvidas passadas no valor de R$ 35 milh\u00f5es, o que seria ilegal.<\/li>\n<\/ul>\n<p>&quot;A concess\u00e3o de garantias por d\u00edvidas contra\u00eddas anteriormente, sem dispor de bens livres e desembara\u00e7ados suficientes para saldar o passivo, \u00e9 expressamente vedada&quot;, diz trecho.<\/p>\n<ul>\n<li>Outro ind\u00edcio apontado foi quando o dono reconheceu uma d\u00edvida no valor de R$ 14.556.389,80, a ser paga em 60 presta\u00e7\u00f5es de R$ 795.999,39. O parcelamento, com os juros, elevou a d\u00edvida para <strong>R$ 47.759.963,40<\/strong>.<\/li>\n<\/ul>\n<p>&quot;Ou seja, s\u00f3 de juros o dono da Shefa consentiu que sua empresa pagasse 228% a mais em rela\u00e7\u00e3o ao montante da d\u00edvida existente&quot;, afirma.<\/p>\n<ul>\n<li>Por fim, em outra confiss\u00e3o de d\u00edvida, o propriet\u00e1rio teria dado como garantia \u00e0 credora e garantidora a &quot;Fazenda S\u00e3o Francisco&quot;, im\u00f3vel onde est\u00e1 instalada a sede da empresa em Amparo.<\/li>\n<\/ul>\n<p>&quot;Observando-se que as finan\u00e7as da empresa Shefa caminhavam mal e antevendo futuro pedido de recupera\u00e7\u00e3o judicial, buscou-se proteger o referido bem de raiz, de elevado valor de mercado e poss\u00edvel arrecada\u00e7\u00e3o naquele pedido de recupera\u00e7\u00e3o&quot;, cita o juiz.<\/p>\n<p><h2>O que concluiu o juiz?<\/h2>\n<\/p>\n<p> De acordo com a Justi\u00e7a, o empres\u00e1rio garantidor\/credor se relacionou ao processo de compra da Shefa para atuar na empresa e, ao mesmo tempo, beneficiar-se como credor. <strong>Veja os pontos destacados pelo juiz Fernando Leonardi Campanella<\/strong>: <\/p>\n<ul>\n<li>O ent\u00e3o dono nunca foi, de fato, o acionista controlador da recuperanda, <strong>atuando como verdadeiro \u201claranja\u201d<\/strong>, visando assegurar interesses de terceiros, contr\u00e1rios aos da &quot;sua&quot; pr\u00f3pria empresa, futura recuperanda;<\/li>\n<li>a empresa credora n\u00e3o exercia, na pr\u00e1tica, atividade predominante de fomento em prol da recuperanda, mas, sim, <strong>atividade voltada a gerar lucros por meio de empr\u00e9stimos disfar\u00e7ados e controlava a recuperanda<\/strong>, sua devedora;<\/li>\n<li>as confiss\u00f5es de d\u00edvidas e institui\u00e7\u00f5es de garantias n\u00e3o tinham por escopo salvaguardar interesses da recuperanda, mas, sim, <strong>aqueles exclusivamente de credores vinculados ao garantidor<\/strong>.<\/li>\n<\/ul>\n<p> &quot;Sem d\u00favidas, houve abuso de direito e quebra do dever de boa-f\u00e9 objetiva, ao transmitir ao Poder Judici\u00e1rio, num primeiro momento, por meio do presente pedido de recupera\u00e7\u00e3o judicial, a busca por ajuda; um alento para equilibrar finan\u00e7as e organizar d\u00edvidas desenfreadas, quando, em verdade, o verdadeiro escopo era fraudar credores&quot;, destacou Campanella. <\/p>\n<p><h2>V\u00cdDEOS: Tudo sobre Campinas e regi\u00e3o<\/h2>\n<\/p>\n<p>   <a href=\"https:\/\/g1.globo.com\/sp\/campinas-regiao\/playlist\/videos-tudo-sobre-campinas-e-regiao.ghtml\">    50 v\u00eddeos      <\/a>   <\/p>\n<p> <a class href=\"https:\/\/g1.globo.com\/sp\/campinas-regiao\/\">Veja mais not\u00edcias da regi\u00e3o no g1 Campinas<\/a> <\/p>\n<ul>\n<li> <a href=\"https:\/\/g1.globo.com\/sp\/campinas-regiao\/cidade\/amparo-sp\/\" class=\"entities__list-itemLink\" data-track-click=\"Amparo\"> Amparo <\/a> <\/li>\n<\/ul>\n","protected":false},"excerpt":{"rendered":"<p>Justi\u00e7a decretou a fal\u00eancia da Shefa na \u00faltima quarta-feira Segundo o juiz, ind\u00edcios de fraudes durante o processo basearam a decis\u00e3o A atividade empresarial ser\u00e1 mantida at\u00e9 a liquida\u00e7\u00e3o do bloco Nova gestora da empresa afirma que decis\u00e3o permite &#x27;preserva\u00e7\u00e3o e valoriza\u00e7\u00e3o do ativo&#x27; Justi\u00e7a decretou a fal\u00eancia da Shefa na \u00faltima quarta-feira Segundo o [&hellip;]<\/p>\n","protected":false},"author":1,"featured_media":0,"comment_status":"closed","ping_status":"closed","sticky":false,"template":"","format":"standard","meta":{"footnotes":""},"categories":[],"tags":[],"class_list":["post-50731","post","type-post","status-publish","format-standard","hentry"],"_links":{"self":[{"href":"https:\/\/blog.corretoraideal.com.br\/index.php\/wp-json\/wp\/v2\/posts\/50731","targetHints":{"allow":["GET"]}}],"collection":[{"href":"https:\/\/blog.corretoraideal.com.br\/index.php\/wp-json\/wp\/v2\/posts"}],"about":[{"href":"https:\/\/blog.corretoraideal.com.br\/index.php\/wp-json\/wp\/v2\/types\/post"}],"author":[{"embeddable":true,"href":"https:\/\/blog.corretoraideal.com.br\/index.php\/wp-json\/wp\/v2\/users\/1"}],"replies":[{"embeddable":true,"href":"https:\/\/blog.corretoraideal.com.br\/index.php\/wp-json\/wp\/v2\/comments?post=50731"}],"version-history":[{"count":1,"href":"https:\/\/blog.corretoraideal.com.br\/index.php\/wp-json\/wp\/v2\/posts\/50731\/revisions"}],"predecessor-version":[{"id":50733,"href":"https:\/\/blog.corretoraideal.com.br\/index.php\/wp-json\/wp\/v2\/posts\/50731\/revisions\/50733"}],"wp:attachment":[{"href":"https:\/\/blog.corretoraideal.com.br\/index.php\/wp-json\/wp\/v2\/media?parent=50731"}],"wp:term":[{"taxonomy":"category","embeddable":true,"href":"https:\/\/blog.corretoraideal.com.br\/index.php\/wp-json\/wp\/v2\/categories?post=50731"},{"taxonomy":"post_tag","embeddable":true,"href":"https:\/\/blog.corretoraideal.com.br\/index.php\/wp-json\/wp\/v2\/tags?post=50731"}],"curies":[{"name":"wp","href":"https:\/\/api.w.org\/{rel}","templated":true}]}}