{"id":50737,"date":"2023-07-16T13:29:55","date_gmt":"2023-07-16T13:29:55","guid":{"rendered":"https:\/\/blog.corretoraideal.com.br\/?p=50737"},"modified":"2023-07-16T13:29:55","modified_gmt":"2023-07-16T13:29:55","slug":"familia-do-para-gera-renda-com-o-cultivo-sustentavel-do-bacuri-globo-rural-g1","status":"publish","type":"post","link":"https:\/\/blog.corretoraideal.com.br\/index.php\/2023\/07\/16\/familia-do-para-gera-renda-com-o-cultivo-sustentavel-do-bacuri-globo-rural-g1\/","title":{"rendered":"Fam\u00edlia do Par\u00e1 gera renda com o cultivo sustent\u00e1vel do bacuri | Globo Rural | G1"},"content":{"rendered":"<p>                <img loading=\"lazy\" decoding=\"async\" class=\"aligncenter size-full wp-image-50739\" src=\"https:\/\/blog.corretoraideal.com.br\/wp-content\/uploads\/2023\/07\/familia-do-para-gera-renda-com-o-cultivo-sustentavel-do-bacuri-1.jpeg\" alt=\"Fam\u00edlia do Par\u00e1 gera renda com o cultivo sustent\u00e1vel do bacuri\" width=\"800\" height=\"400\" \/>      <\/p>\n<p> Fam\u00edlia do Par\u00e1 gera renda com o cultivo sustent\u00e1vel do bacuri <\/p>\n<p> O bacuri, fruto t\u00edpico da Amaz\u00f4nia e do Cerrado, \u00e9 muito apreciado nessas regi\u00f5es, mas ainda pouco conhecido no restante do Brasil. <\/p>\n<p> Mas, no Par\u00e1, uma fam\u00edlia de origem japonesa vem contribuindo para uma maior valoriza\u00e7\u00e3o do fruto. No munic\u00edpio de <a class href=\"https:\/\/g1.globo.com\/pa\/para\/cidade\/augusto-correa\/\">Augusto Corr\u00eaa<\/a>, eles t\u00eam feito um cultivo sustent\u00e1vel do bacuri e gerado renda a partir da produ\u00e7\u00e3o de doces, exporta\u00e7\u00e3o e turismo rural. <\/p>\n<p> &quot;Meu pai acreditava que essa floresta de bacuri poderia mudar a vida das pessoas&quot;, conta Hort\u00eancia Osaqui, filha de Henrique Osaqui, que assumiu a propriedade durante a d\u00e9cada de 1970. <\/p>\n<p> Como bom economista, ele come\u00e7ou a pensar em como ganhar dinheiro com o fruto do bacuri, sem desmatar a floresta. Ele dizia que era preciso &quot;verticalizar a cadeia produtiva&quot;, ou seja, encontrar novas formas de gerar renda com o fruto. <\/p>\n<p> Hort\u00eancia seguiu os ensinamentos do pai e, hoje, vem implementando diversas atividades na fazenda. H\u00e1, por exemplo, uma agroind\u00fastria instalada dentro da propriedade, onde o bacuri \u00e9 transformado em geleias. <\/p>\n<p> A fam\u00edlia tem exportado at\u00e9 para os <a class href=\"https:\/\/g1.globo.com\/tudo-sobre\/estados-unidos\/\">Estados Unidos<\/a> e <a class href=\"https:\/\/g1.globo.com\/tudo-sobre\/europa\/\">Europa<\/a>. <\/p>\n<p> &quot;Depois do a\u00e7a\u00ed e do cupua\u00e7u, que j\u00e1 conquistaram grande parte do mercado brasileiro \u2013 e at\u00e9 mesmo um segmento do mercado do exterior \u2013, a pr\u00f3xima esp\u00e9cie que tem condi\u00e7\u00f5es de ganhar novos mercados \u00e9 o bacurizeiro&quot;, destaca Urano de Carvalho, agr\u00f4nomo da Embrapa. <\/p>\n<p><h2>&#x27;Banho de floresta&#x27;<\/h2>\n<\/p>\n<p>                   <img loading=\"lazy\" decoding=\"async\" class=\"aligncenter size-full wp-image-50740\" src=\"https:\/\/blog.corretoraideal.com.br\/wp-content\/uploads\/2023\/07\/fazenda-do-para-abre-para-receber-visitantes-que-passam-ate-por.jpeg\" alt=\"Fazenda do Par\u00e1 abre para receber visitantes, que passam at\u00e9 por \" width=\"800\" height=\"400\" \/>      <\/p>\n<p> Fazenda do Par\u00e1 abre para receber visitantes, que passam at\u00e9 por &#8216;banho de floresta&#8217; <\/p>\n<p> Na fazenda, o turismo rural passou a ser uma importante alternativa de renda na entressafra do bacuri, que acontece entre maio e dezembro. <\/p>\n<p> Hoje, essa atividade representa 45% dos ganhos da fazenda. <\/p>\n<p> Os turistas participam da colheita e passam at\u00e9 por um &quot;banho de floresta&quot;. <\/p>\n<p> &quot;\u00c9 uma terapia que os japoneses desenvolveram e hoje \u00e9 uma pol\u00edtica p\u00fablica do Jap\u00e3o, onde diminui o n\u00edvel de estresse quando voc\u00ea vai para uma floresta&quot;, diz Hort\u00eancia. <\/p>\n<p> <strong>Confira a reportagem completa nos v\u00eddeos acima.<\/strong> <\/p>\n<p><h2><strong>V\u00eddeos mais assistidos do Globo Rural<\/strong><\/h2>\n<\/p>\n<p>   <a href=\"https:\/\/g1.globo.com\/economia\/agronegocios\/globo-rural\/videos-globo-rural\/playlist\/videos-mais-assistidos-do-globo-rural.ghtml\">    50 v\u00eddeos      <\/a>   <\/p>\n<ul>\n<li> <a href=\"https:\/\/g1.globo.com\/pa\/para\/cidade\/augusto-correa\/\" class=\"entities__list-itemLink\" data-track-click=\"Augusto Corr\u00eaa\"> Augusto Corr\u00eaa <\/a> <\/li>\n<li> <a href=\"https:\/\/g1.globo.com\/tudo-sobre\/estados-unidos\/\" class=\"entities__list-itemLink\" data-track-click=\"Estados Unidos\"> Estados Unidos <\/a> <\/li>\n<li> <a href=\"https:\/\/g1.globo.com\/tudo-sobre\/europa\/\" class=\"entities__list-itemLink\" data-track-click=\"Europa\"> Europa <\/a> <\/li>\n<\/ul>\n","protected":false},"excerpt":{"rendered":"<p>Fam\u00edlia do Par\u00e1 gera renda com o cultivo sustent\u00e1vel do bacuri O bacuri, fruto t\u00edpico da Amaz\u00f4nia e do Cerrado, \u00e9 muito apreciado nessas regi\u00f5es, mas ainda pouco conhecido no restante do Brasil. Mas, no Par\u00e1, uma fam\u00edlia de origem japonesa vem contribuindo para uma maior valoriza\u00e7\u00e3o do fruto. No munic\u00edpio de Augusto Corr\u00eaa, eles [&hellip;]<\/p>\n","protected":false},"author":1,"featured_media":0,"comment_status":"closed","ping_status":"closed","sticky":false,"template":"","format":"standard","meta":{"footnotes":""},"categories":[],"tags":[],"class_list":["post-50737","post","type-post","status-publish","format-standard","hentry"],"_links":{"self":[{"href":"https:\/\/blog.corretoraideal.com.br\/index.php\/wp-json\/wp\/v2\/posts\/50737","targetHints":{"allow":["GET"]}}],"collection":[{"href":"https:\/\/blog.corretoraideal.com.br\/index.php\/wp-json\/wp\/v2\/posts"}],"about":[{"href":"https:\/\/blog.corretoraideal.com.br\/index.php\/wp-json\/wp\/v2\/types\/post"}],"author":[{"embeddable":true,"href":"https:\/\/blog.corretoraideal.com.br\/index.php\/wp-json\/wp\/v2\/users\/1"}],"replies":[{"embeddable":true,"href":"https:\/\/blog.corretoraideal.com.br\/index.php\/wp-json\/wp\/v2\/comments?post=50737"}],"version-history":[{"count":1,"href":"https:\/\/blog.corretoraideal.com.br\/index.php\/wp-json\/wp\/v2\/posts\/50737\/revisions"}],"predecessor-version":[{"id":50741,"href":"https:\/\/blog.corretoraideal.com.br\/index.php\/wp-json\/wp\/v2\/posts\/50737\/revisions\/50741"}],"wp:attachment":[{"href":"https:\/\/blog.corretoraideal.com.br\/index.php\/wp-json\/wp\/v2\/media?parent=50737"}],"wp:term":[{"taxonomy":"category","embeddable":true,"href":"https:\/\/blog.corretoraideal.com.br\/index.php\/wp-json\/wp\/v2\/categories?post=50737"},{"taxonomy":"post_tag","embeddable":true,"href":"https:\/\/blog.corretoraideal.com.br\/index.php\/wp-json\/wp\/v2\/tags?post=50737"}],"curies":[{"name":"wp","href":"https:\/\/api.w.org\/{rel}","templated":true}]}}