{"id":50742,"date":"2023-07-16T14:29:53","date_gmt":"2023-07-16T14:29:53","guid":{"rendered":"https:\/\/blog.corretoraideal.com.br\/?p=50742"},"modified":"2023-07-16T14:29:53","modified_gmt":"2023-07-16T14:29:53","slug":"jovens-criam-curso-de-programacao-na-periferia-de-sp-e-mudam-vidas-e-uma-escola-de-sonhos-globo-reporter-g1","status":"publish","type":"post","link":"https:\/\/blog.corretoraideal.com.br\/index.php\/2023\/07\/16\/jovens-criam-curso-de-programacao-na-periferia-de-sp-e-mudam-vidas-e-uma-escola-de-sonhos-globo-reporter-g1\/","title":{"rendered":"Jovens criam curso de programa\u00e7\u00e3o na periferia de SP e mudam vidas: &#039;\u00c9 uma escola de sonhos&#039; | Globo Rep\u00f3rter | G1"},"content":{"rendered":"\n<p> Uma simples pergunta de um jovem em uma a\u00e7\u00e3o solid\u00e1ria na Comunidade do Morr\u00e3o, no bairro Jardim Sat\u00e9lite, em S\u00e3o Paulo, fez com que dois amigos criassem um projeto que j\u00e1 formou mais de 1,6 mil programadores vindos de regi\u00f5es perif\u00e9ricas. <\/p>\n<p> Diogo Silva e Tauan Matos contam que durante a distribui\u00e7\u00e3o de marmitas para a popula\u00e7\u00e3o mais carente, um adolescente de 14 anos questionou como poderia aprender a programar. <\/p>\n<p>&quot;Ele me perguntou se, al\u00e9m de comida, eu conhecia algu\u00e9m que ensinava programa\u00e7\u00e3o de jeito simples para jovens da quebrada&quot;, relembra o empreendedor social Tauan Matos.<\/p>\n<p> Refletindo, ele percebeu que realmente n\u00e3o tinha esse recurso na comunidade. &quot;Ficava em regi\u00f5es centrais, \u00e1reas muito nobres, onde os jovens daqui muitas vezes n\u00e3o v\u00e3o&quot;, recorda Tauan. <\/p>\n<p> Foi ent\u00e3o que os dois amigos criaram uma <strong>escola de programa\u00e7\u00e3o para jovens de baixa renda, que <\/strong><strong>d\u00e1 aula de gra\u00e7a e ainda faz a ponte para o mercado de trabalho<\/strong>. <\/p>\n<p> Ali os alunos aprendem o b\u00e1sico da linguagem da programa\u00e7\u00e3o, desde que preencham alguns requisitos: <\/p>\n<p> ?\u200d?Precisa vir da periferia;?\u200d?Renda familiar de at\u00e9 R$ 5 mil;?\u200d?Ter de 18 a 35 anos <\/p>\n<p> As aulas podem ser presenciais ou on-line, e est\u00e3o abertas para jovens de todo o Brasil. Em quase dois anos e meio, foram formados mais de 1,6 mil programadores, sendo <strong>70% pretos ou pardos.<\/strong> <\/p>\n<p> Diogo Silva conta que o projeto vai muito al\u00e9m da capacita\u00e7\u00e3o para trabalhar no mercado de tecnologia. <\/p>\n<p>&quot;Aqui, 30% de todos os jovens que n\u00f3s formamos est\u00e3o conseguindo entrar no mercado de trabalho. (&#8230;) Mais do que uma escola de programa\u00e7\u00e3o, ela \u00e9 uma escola de sonhos que busca ativar o sonho desse jovem de ter uma vida melhor&quot;.<\/p>\n<p> Para vencer a desigualdade, a escola fechou parceria com empresas dispostas a apadrinhar os alunos, bancando custos e o material, como notebook. Os investidores ainda oferecem vagas para inicia\u00e7\u00e3o no mercado. \u00c9 o conhecimento transmitido de v\u00e1rias formas, como um podcast com especialistas na \u00e1rea. <\/p>\n<p><h2><strong>Esperan\u00e7a no futuro<\/strong><\/h2>\n<\/p>\n<p> Silmara Silva mora na comunidade e \u00e9 uma das jovens que foram capacitadas pelo curso de programa\u00e7\u00e3o. Ela conta que nem sabia do que se tratava, mas hoje j\u00e1 tem emprego e sonha em ser efetivada na \u00e1rea. <\/p>\n<p> A programadora conta como \u00e9 dif\u00edcil conseguir um emprego formal morando na periferia de uma grande cidade. <\/p>\n<p>&quot;Por diversos motivos. Por preconceito, porque o pessoal \u00e9 malvisto. \u00c0s vezes, por causa de acesso \u00e0 educa\u00e7\u00e3o e oportunidades&quot;, diz.<\/p>\n<p> Uma pesquisa do Projeto Acesso a Oportunidades do Instituto de Pesquisa Econ\u00f4mica Aplicada (<a class href=\"https:\/\/g1.globo.com\/tudo-sobre\/ipea\/\">Ipea<\/a>) refor\u00e7a esse sentimento da Silmara. O levantamento aponta que os 10% mais ricos t\u00eam nove vezes mais chances de se candidatar a uma vaga de trabalho do que os 40% mais pobres. <\/p>\n<p> Vencendo as estat\u00edsticas, Silmara conseguiu um est\u00e1gio em uma empresa de tecnologia, uma \u00e1rea que cresce ano a ano. Hoje, ela trabalha a maioria do tempo em casa, uma vez por semana vai ao escrit\u00f3rio e j\u00e1 comemora os primeiros projetos aprovados. <\/p>\n<p><h2>Veja a \u00edntegra do Globo Rep\u00f3rter desta sexta-feira (14) abaixo:<\/h2>\n<\/p>\n<p>                   <img loading=\"lazy\" decoding=\"async\" class=\"aligncenter size-full wp-image-50744\" src=\"https:\/\/blog.corretoraideal.com.br\/wp-content\/uploads\/2023\/07\/edicao-de-14-07-2023.jpeg\" alt=\"Edi\u00e7\u00e3o de 14\/07\/2023\" width=\"800\" height=\"400\" \/>      <\/p>\n<p> Edi\u00e7\u00e3o de 14\/07\/2023 <\/p>\n<p> <strong>Assista \u00e0s reportagens do Globo Rep\u00f3rter:<\/strong> <\/p>\n<p>   <a href=\"https:\/\/g1.globo.com\/globo-reporter\/playlist\/globo-reporter-ultimos-videos.ghtml\">    50 v\u00eddeos      <\/a>   <\/p>\n<ul>\n<li> <a href=\"https:\/\/g1.globo.com\/tudo-sobre\/ipea\/\" class=\"entities__list-itemLink\" data-track-click=\"IPEA\"> IPEA <\/a> <\/li>\n<\/ul>\n","protected":false},"excerpt":{"rendered":"<p>Uma simples pergunta de um jovem em uma a\u00e7\u00e3o solid\u00e1ria na Comunidade do Morr\u00e3o, no bairro Jardim Sat\u00e9lite, em S\u00e3o Paulo, fez com que dois amigos criassem um projeto que j\u00e1 formou mais de 1,6 mil programadores vindos de regi\u00f5es perif\u00e9ricas. Diogo Silva e Tauan Matos contam que durante a distribui\u00e7\u00e3o de marmitas para a [&hellip;]<\/p>\n","protected":false},"author":1,"featured_media":0,"comment_status":"closed","ping_status":"closed","sticky":false,"template":"","format":"standard","meta":{"footnotes":""},"categories":[],"tags":[],"class_list":["post-50742","post","type-post","status-publish","format-standard","hentry"],"_links":{"self":[{"href":"https:\/\/blog.corretoraideal.com.br\/index.php\/wp-json\/wp\/v2\/posts\/50742","targetHints":{"allow":["GET"]}}],"collection":[{"href":"https:\/\/blog.corretoraideal.com.br\/index.php\/wp-json\/wp\/v2\/posts"}],"about":[{"href":"https:\/\/blog.corretoraideal.com.br\/index.php\/wp-json\/wp\/v2\/types\/post"}],"author":[{"embeddable":true,"href":"https:\/\/blog.corretoraideal.com.br\/index.php\/wp-json\/wp\/v2\/users\/1"}],"replies":[{"embeddable":true,"href":"https:\/\/blog.corretoraideal.com.br\/index.php\/wp-json\/wp\/v2\/comments?post=50742"}],"version-history":[{"count":1,"href":"https:\/\/blog.corretoraideal.com.br\/index.php\/wp-json\/wp\/v2\/posts\/50742\/revisions"}],"predecessor-version":[{"id":50745,"href":"https:\/\/blog.corretoraideal.com.br\/index.php\/wp-json\/wp\/v2\/posts\/50742\/revisions\/50745"}],"wp:attachment":[{"href":"https:\/\/blog.corretoraideal.com.br\/index.php\/wp-json\/wp\/v2\/media?parent=50742"}],"wp:term":[{"taxonomy":"category","embeddable":true,"href":"https:\/\/blog.corretoraideal.com.br\/index.php\/wp-json\/wp\/v2\/categories?post=50742"},{"taxonomy":"post_tag","embeddable":true,"href":"https:\/\/blog.corretoraideal.com.br\/index.php\/wp-json\/wp\/v2\/tags?post=50742"}],"curies":[{"name":"wp","href":"https:\/\/api.w.org\/{rel}","templated":true}]}}