{"id":50749,"date":"2023-07-16T21:29:38","date_gmt":"2023-07-16T21:29:38","guid":{"rendered":"https:\/\/blog.corretoraideal.com.br\/?p=50749"},"modified":"2023-07-16T21:29:38","modified_gmt":"2023-07-16T21:29:38","slug":"clinica-odontologica-e-flagrada-com-suspeita-de-irregularidade-em-itaocara-rj-norte-fluminense-g1","status":"publish","type":"post","link":"https:\/\/blog.corretoraideal.com.br\/index.php\/2023\/07\/16\/clinica-odontologica-e-flagrada-com-suspeita-de-irregularidade-em-itaocara-rj-norte-fluminense-g1\/","title":{"rendered":"Cl\u00ednica odontol\u00f3gica \u00e9 flagrada com suspeita de irregularidade em Itaocara, RJ | Norte Fluminense | G1"},"content":{"rendered":"\n<p> Uma auxiliar de sa\u00fade bucal foi encontrada durante uma fiscaliza\u00e7\u00e3o trabalhando supostamente sem inscri\u00e7\u00e3o em uma cl\u00ednica odontol\u00f3gica em <a class href=\"https:\/\/g1.globo.com\/rj\/regiao-serrana\/cidade\/itaocara\/\">Itaocara<\/a>, no Noroeste Fluminense, nesta quinta-feira (13), de acordo com o Conselho Regional Odontol\u00f3gico do Rio (CRO-RJ). Ainda segundo o \u00f3rg\u00e3o, no local tamb\u00e9m havia uma cirurgi\u00e3-dentista de Minas Gerais trabalhando sem inscri\u00e7\u00e3o do Rio. <\/p>\n<p> O Conselho informou que recebeu uma den\u00fancia sobre a cl\u00ednica odontol\u00f3gica particular apontando que uma funcion\u00e1ria contratada para realizar a limpeza da cl\u00ednica e servi\u00e7os gerais estava atuando como auxiliar de s\u00e1ude bucal. <\/p>\n<p> O \u00f3rg\u00e3o citou que quando os fiscais chegaram na cl\u00ednica flagraram a profissional da limpeza usando um jaleco de auxiliar, mas ela n\u00e3o possu\u00eda inscri\u00e7\u00e3o para exercer a profiss\u00e3o, ou seja, estava atuando como auxiliar de sa\u00fade bucal ilegalmente. <\/p>\n<p> Os fiscais disseram tamb\u00e9m que verificaram uma cirurgi\u00e3-dentista de Minas Gerais trabalhando sem inscri\u00e7\u00e3o no Rio de Janeiro. <\/p>\n<p> Todos os profissionais envolvidos foram conduzidos \u00e0 delegacia de pol\u00edcia da cidade e ir\u00e3o responder de acordo com o C\u00f3digo Penal, segundo informou o Conselho Regional. A cl\u00ednica responder\u00e1 a um processo \u00e9tico-administrativo junto ao CRO-RJ podendo incorrer em san\u00e7\u00e3o administrativa e multa pecuni\u00e1ria. <\/p>\n<p> O Conselho de Odontologia reafirma o compromisso com a popula\u00e7\u00e3o e com o bom n\u00edvel da odontologia fluminense. Den\u00fancias devem ser feitas pelo e-mail: <strong>sefis@cro-rj.org.br<\/strong> <\/p>\n<ul>\n<li> <a href=\"https:\/\/g1.globo.com\/rj\/regiao-serrana\/cidade\/itaocara\/\" class=\"entities__list-itemLink\" data-track-click=\"Itaocara\"> Itaocara <\/a> <\/li>\n<\/ul>\n","protected":false},"excerpt":{"rendered":"<p>Uma auxiliar de sa\u00fade bucal foi encontrada durante uma fiscaliza\u00e7\u00e3o trabalhando supostamente sem inscri\u00e7\u00e3o em uma cl\u00ednica odontol\u00f3gica em Itaocara, no Noroeste Fluminense, nesta quinta-feira (13), de acordo com o Conselho Regional Odontol\u00f3gico do Rio (CRO-RJ). Ainda segundo o \u00f3rg\u00e3o, no local tamb\u00e9m havia uma cirurgi\u00e3-dentista de Minas Gerais trabalhando sem inscri\u00e7\u00e3o do Rio. O [&hellip;]<\/p>\n","protected":false},"author":1,"featured_media":0,"comment_status":"closed","ping_status":"closed","sticky":false,"template":"","format":"standard","meta":{"footnotes":""},"categories":[],"tags":[],"class_list":["post-50749","post","type-post","status-publish","format-standard","hentry"],"_links":{"self":[{"href":"https:\/\/blog.corretoraideal.com.br\/index.php\/wp-json\/wp\/v2\/posts\/50749","targetHints":{"allow":["GET"]}}],"collection":[{"href":"https:\/\/blog.corretoraideal.com.br\/index.php\/wp-json\/wp\/v2\/posts"}],"about":[{"href":"https:\/\/blog.corretoraideal.com.br\/index.php\/wp-json\/wp\/v2\/types\/post"}],"author":[{"embeddable":true,"href":"https:\/\/blog.corretoraideal.com.br\/index.php\/wp-json\/wp\/v2\/users\/1"}],"replies":[{"embeddable":true,"href":"https:\/\/blog.corretoraideal.com.br\/index.php\/wp-json\/wp\/v2\/comments?post=50749"}],"version-history":[{"count":1,"href":"https:\/\/blog.corretoraideal.com.br\/index.php\/wp-json\/wp\/v2\/posts\/50749\/revisions"}],"predecessor-version":[{"id":50751,"href":"https:\/\/blog.corretoraideal.com.br\/index.php\/wp-json\/wp\/v2\/posts\/50749\/revisions\/50751"}],"wp:attachment":[{"href":"https:\/\/blog.corretoraideal.com.br\/index.php\/wp-json\/wp\/v2\/media?parent=50749"}],"wp:term":[{"taxonomy":"category","embeddable":true,"href":"https:\/\/blog.corretoraideal.com.br\/index.php\/wp-json\/wp\/v2\/categories?post=50749"},{"taxonomy":"post_tag","embeddable":true,"href":"https:\/\/blog.corretoraideal.com.br\/index.php\/wp-json\/wp\/v2\/tags?post=50749"}],"curies":[{"name":"wp","href":"https:\/\/api.w.org\/{rel}","templated":true}]}}