{"id":50756,"date":"2023-07-17T02:29:34","date_gmt":"2023-07-17T02:29:34","guid":{"rendered":"https:\/\/blog.corretoraideal.com.br\/?p=50756"},"modified":"2023-07-17T02:29:34","modified_gmt":"2023-07-17T02:29:34","slug":"grande-quantidade-de-drogas-e-apreendida-em-operacao-policial-em-campos-dos-goytacazes-norte-fluminense-g1","status":"publish","type":"post","link":"https:\/\/blog.corretoraideal.com.br\/index.php\/2023\/07\/17\/grande-quantidade-de-drogas-e-apreendida-em-operacao-policial-em-campos-dos-goytacazes-norte-fluminense-g1\/","title":{"rendered":"Grande quantidade de drogas \u00e9 apreendida em Opera\u00e7\u00e3o Policial em Campos dos Goytacazes | Norte Fluminense | G1"},"content":{"rendered":"<p>      1 de 1&#013;Drogas s\u00e3o apreendidas no Parque Guarus \u2014 Foto: Divulga\u00e7\u00e3o    <\/p>\n<p> Drogas s\u00e3o apreendidas no Parque Guarus \u2014 Foto: Divulga\u00e7\u00e3o <\/p>\n<p> Neste s\u00e1bado (15) na Av. Beira Lago, no Parque Guarus, em <a class href=\"https:\/\/g1.globo.com\/rj\/norte-fluminense\/cidade\/campos-dos-goytacazes\/\">Campos dos Goytacazes<\/a>, no Norte Fluminense, uma Opera\u00e7\u00e3o Policial foi realizada ap\u00f3s den\u00fancias relacionadas ao tr\u00e1fico de drogas. Durante as buscas, foram encontrados diversos materiais escondidos em uma \u00e1rea de mata. <\/p>\n<p> Foram apreendidos 142 buchas de maconha, seis tabletes de maconha, pesando aproximadamente 500 gramas cada, 210 pinos de coca\u00edna, uma pedra de crack com cerca de 50 gramas, al\u00e9m de aproximadamente 300 gramas de p\u00f3 branco e tr\u00eas balan\u00e7as de precis\u00e3o. <\/p>\n<p> Segundo a Pol\u00edcia, quando os agentes chegaram ao local, os suspeitos conseguiram fugir, deixando para tr\u00e1s o estoque de drogas e outros materiais. Todo o material apreendido foi encaminhado \u00e0 146\u00aa Delegacia de Pol\u00edcia, onde foi registrado ocorr\u00eancia. <\/p>\n<p> A Pol\u00edcia est\u00e1 investigando o caso e buscando prender os suspeitos. <\/p>\n<ul>\n<li> <a href=\"https:\/\/g1.globo.com\/rj\/norte-fluminense\/cidade\/campos-dos-goytacazes\/\" class=\"entities__list-itemLink\" data-track-click=\"Campos dos Goytacazes\"> Campos dos Goytacazes <\/a> <\/li>\n<\/ul>\n","protected":false},"excerpt":{"rendered":"<p>1 de 1&#013;Drogas s\u00e3o apreendidas no Parque Guarus \u2014 Foto: Divulga\u00e7\u00e3o Drogas s\u00e3o apreendidas no Parque Guarus \u2014 Foto: Divulga\u00e7\u00e3o Neste s\u00e1bado (15) na Av. Beira Lago, no Parque Guarus, em Campos dos Goytacazes, no Norte Fluminense, uma Opera\u00e7\u00e3o Policial foi realizada ap\u00f3s den\u00fancias relacionadas ao tr\u00e1fico de drogas. Durante as buscas, foram encontrados diversos [&hellip;]<\/p>\n","protected":false},"author":1,"featured_media":0,"comment_status":"closed","ping_status":"closed","sticky":false,"template":"","format":"standard","meta":{"footnotes":""},"categories":[],"tags":[],"class_list":["post-50756","post","type-post","status-publish","format-standard","hentry"],"_links":{"self":[{"href":"https:\/\/blog.corretoraideal.com.br\/index.php\/wp-json\/wp\/v2\/posts\/50756","targetHints":{"allow":["GET"]}}],"collection":[{"href":"https:\/\/blog.corretoraideal.com.br\/index.php\/wp-json\/wp\/v2\/posts"}],"about":[{"href":"https:\/\/blog.corretoraideal.com.br\/index.php\/wp-json\/wp\/v2\/types\/post"}],"author":[{"embeddable":true,"href":"https:\/\/blog.corretoraideal.com.br\/index.php\/wp-json\/wp\/v2\/users\/1"}],"replies":[{"embeddable":true,"href":"https:\/\/blog.corretoraideal.com.br\/index.php\/wp-json\/wp\/v2\/comments?post=50756"}],"version-history":[{"count":1,"href":"https:\/\/blog.corretoraideal.com.br\/index.php\/wp-json\/wp\/v2\/posts\/50756\/revisions"}],"predecessor-version":[{"id":50758,"href":"https:\/\/blog.corretoraideal.com.br\/index.php\/wp-json\/wp\/v2\/posts\/50756\/revisions\/50758"}],"wp:attachment":[{"href":"https:\/\/blog.corretoraideal.com.br\/index.php\/wp-json\/wp\/v2\/media?parent=50756"}],"wp:term":[{"taxonomy":"category","embeddable":true,"href":"https:\/\/blog.corretoraideal.com.br\/index.php\/wp-json\/wp\/v2\/categories?post=50756"},{"taxonomy":"post_tag","embeddable":true,"href":"https:\/\/blog.corretoraideal.com.br\/index.php\/wp-json\/wp\/v2\/tags?post=50756"}],"curies":[{"name":"wp","href":"https:\/\/api.w.org\/{rel}","templated":true}]}}