{"id":50759,"date":"2023-07-17T04:30:22","date_gmt":"2023-07-17T04:30:22","guid":{"rendered":"https:\/\/blog.corretoraideal.com.br\/?p=50759"},"modified":"2023-07-17T04:30:22","modified_gmt":"2023-07-17T04:30:22","slug":"abono-do-pis-pasep-tera-pagamento-de-ultimo-lote-nesta-segunda-veja-quem-recebe-trabalho-e-carreira-g1","status":"publish","type":"post","link":"https:\/\/blog.corretoraideal.com.br\/index.php\/2023\/07\/17\/abono-do-pis-pasep-tera-pagamento-de-ultimo-lote-nesta-segunda-veja-quem-recebe-trabalho-e-carreira-g1\/","title":{"rendered":"Abono do PIS\/Pasep ter\u00e1 pagamento de \u00faltimo lote nesta segunda; veja quem recebe | Trabalho e Carreira | G1"},"content":{"rendered":"<p>      1 de 1&#013;Saques do abono salarial em ag\u00eancia da Caixa Econ\u00f4mica Federal \u2014 Foto: Ag\u00eancia Brasil    <\/p>\n<p> Saques do abono salarial em ag\u00eancia da Caixa Econ\u00f4mica Federal \u2014 Foto: Ag\u00eancia Brasil <\/p>\n<p> O \u00faltimo lote de pagamento do abono salarial do <a class href=\"https:\/\/g1.globo.com\/tudo-sobre\/pis\/\">PIS<\/a>\/<a class href=\"https:\/\/g1.globo.com\/tudo-sobre\/pasep\/\">Pasep<\/a> 2023 ser\u00e1 liberado nesta segunda-feira (17). Trabalhadores de empresa privada nascidos em novembro e dezembro, e servidores p\u00fablicos com cart\u00e3o de inscri\u00e7\u00e3o do Pasep com \u00faltimo d\u00edgito 8 ou 9 ser\u00e3o os contemplados. <\/p>\n<p> Os valores ser\u00e3o disponibilizados na <a class href=\"https:\/\/g1.globo.com\/tudo-sobre\/caixa-economica-federal\/\">Caixa Econ\u00f4mica Federal<\/a> (no caso do Programa de Integra\u00e7\u00e3o Social) e no <a class href=\"https:\/\/g1.globo.com\/tudo-sobre\/banco-do-brasil\/\">Banco do Brasil<\/a> (para o Programa de Forma\u00e7\u00e3o do Patrim\u00f4nio do Servidor P\u00fablico). Todos os benefici\u00e1rios podem sacar o dinheiro at\u00e9 o dia 28 de dezembro. <\/p>\n<p> Para o pagamento do PIS, considera-se o m\u00eas de nascimento do trabalhador. J\u00e1 o para o Pasep, a refer\u00eancia \u00e9 o d\u00edgito final do n\u00famero de inscri\u00e7\u00e3o no programa.<strong> <\/strong>Para receber, no entanto, o profissional precisa atender as regras do programa (<strong>veja abaixo<\/strong>). <\/p>\n<p> <strong>Veja o calend\u00e1rio de pagamentos do PIS:<\/strong> <\/p>\n<p> <strong>Veja o calend\u00e1rio de pagamentos do Pasep:<\/strong> <\/p>\n<p> <strong>LEIA TAMB\u00c9M<\/strong> <\/p>\n<ul>\n<li><a class href=\"https:\/\/g1.globo.com\/economia\/noticia\/2023\/02\/09\/abono-salarial-pis-pasep-consultas.ghtml\"><strong>Abono salarial PIS\/Pasep: est\u00e1 com dificuldade para consultar? Veja os motivos e como resolver<\/strong><\/a><\/li>\n<li><a class href=\"https:\/\/g1.globo.com\/economia\/noticia\/2023\/02\/14\/pis-pasep-quase-400-mil-ainda-nao-sacaram-o-abono-salarial-ano-base-2020-veja-como-resgatar-o-dinheiro-neste-ano.ghtml\"><strong>Quase 400 mil ainda n\u00e3o sacaram o abono salarial ano-base 2020; veja como resgatar o dinheiro esquecido neste ano<\/strong><\/a><\/li>\n<li><a class href=\"https:\/\/g1.globo.com\/economia\/noticia\/2023\/01\/13\/abono-salarial-cadunico-seguro-desemprego-veja-o-que-muda-com-o-salario-minimo-de-r-1302.ghtml\"><strong>Abono salarial, Cad\u00danico, seguro-desemprego: veja o que muda com o sal\u00e1rio m\u00ednimo de R$ 1.302<\/strong><\/a><\/li>\n<\/ul>\n<p><h2>Quem tem direito ao abono salarial<\/h2>\n<\/p>\n<p> Os trabalhadores devem atender aos seguintes crit\u00e9rios para ter direito ao benef\u00edcio: <\/p>\n<ul>\n<li>estar cadastrado no programa PIS\/Pasep ou no CNIS (data do primeiro emprego) h\u00e1 pelo menos cinco anos;<\/li>\n<li>ter trabalhado para empregadores que contribuem para o Programa de Integra\u00e7\u00e3o Social (PIS) ou para o Programa de Forma\u00e7\u00e3o do Patrim\u00f4nio do Servidor P\u00fablico (Pasep);<\/li>\n<li>ter recebido at\u00e9 2 sal\u00e1rios m\u00ednimos m\u00e9dios de remunera\u00e7\u00e3o mensal no per\u00edodo trabalhado;<\/li>\n<li>ter exercido atividade remunerada, durante pelo menos 30 dias, consecutivos ou n\u00e3o, no ano-base da apura\u00e7\u00e3o (2021);<\/li>\n<li>ter os dados informados pelo empregador (pessoa jur\u00eddica ou governo) corretamente na Rela\u00e7\u00e3o Anual de Informa\u00e7\u00f5es Sociais (Rais) ou no eSocial do ano-base considerado para apura\u00e7\u00e3o (2021).<\/li>\n<\/ul>\n<p><h2>Quem n\u00e3o tem direito ao abono salarial <\/h2>\n<\/p>\n<ul>\n<li>empregado(a) dom\u00e9stico(a);<\/li>\n<li>trabalhadores rurais empregados por pessoa f\u00edsica;<\/li>\n<li>trabalhadores urbanos empregados por pessoa f\u00edsica;<\/li>\n<li>trabalhadores empregados por pessoa f\u00edsica equiparada a jur\u00eddica.<\/li>\n<\/ul>\n<p>                   <img loading=\"lazy\" decoding=\"async\" class=\"aligncenter size-full wp-image-50761\" src=\"https:\/\/blog.corretoraideal.com.br\/wp-content\/uploads\/2023\/07\/como-pedir-o-seguro-desemprego-1.jpeg\" alt=\"Como pedir o seguro desemprego?\" width=\"800\" height=\"400\" \/>      <\/p>\n<p> Como pedir o seguro-desemprego? <\/p>\n<p><h2>Quanto \u00e9 o valor<\/h2>\n<\/p>\n<p> O valor do abono salarial pode chegar ao total de at\u00e9 um sal\u00e1rio m\u00ednimo, de acordo com a quantidade de meses trabalhados. S\u00f3 recebe o valor total quem trabalhou os 12 meses do ano anterior. <\/p>\n<p> Com o aumento do sal\u00e1rio m\u00ednimo em 1\u00ba de janeiro, o valor do abono salarial passa a <a class href=\"https:\/\/g1.globo.com\/economia\/noticia\/2022\/12\/13\/abono-salarial-cadunico-seguro-desemprego-veja-o-que-muda-com-o-novo-salario-minimo-de-r-1302.ghtml\">variar de R$ 108,50 a R$ 1.302<\/a>, de acordo com a quantidade de meses trabalhados. S\u00f3 receber\u00e1 o valor m\u00e1ximo quem trabalhou os 12 meses de 2021. Veja abaixo: <\/p>\n<p><h2>Como consultar<\/h2>\n<\/p>\n<p> As informa\u00e7\u00f5es sobre o abono salarial podem ser consultadas desde o dia 5 de fevereiro na <a class href=\"https:\/\/www.gov.br\/pt-br\/temas\/carteira-de-trabalho-digital\" target=\"_blank\" rel=\"noopener noreferrer\">Carteira de Trabalho Digital<\/a>, no portal <a class href=\"http:\/\/gov.br\" target=\"_blank\" rel=\"noopener noreferrer\">gov.br<\/a> ou pelo <strong>telefone 158<\/strong>. Entre as informa\u00e7\u00f5es dispon\u00edveis est\u00e3o o valor do benef\u00edcio, data e banco de recebimento. <\/p>\n<ul>\n<li><a class href=\"https:\/\/g1.globo.com\/trabalho-e-carreira\/noticia\/2023\/04\/13\/carteira-de-trabalho-digital-como-tirar-como-assinar-e-o-que-fazer-com-a-versao-fisica-do-documento.ghtml\">Carteira de Trabalho Digital: como tirar, como assinar e o que fazer com a vers\u00e3o f\u00edsica do documento<\/a><\/li>\n<\/ul>\n<p> <strong>Para fazer a consulta pelo aplicativo da Carteira de Trabalho Digital, siga o passo a passo:<\/strong> <\/p>\n<li>Certifique-se de que o aplicativo esteja atualizado;<\/li>\n<li>Acesse o sistema com seu n\u00famero de <strong>CPF<\/strong> e a senha utilizada no portal gov.br;<\/li>\n<li>Toque em &quot;<strong>Benef\u00edcios<\/strong>&quot; e, em seguida, em &quot;<strong>Abono Salarial<\/strong>&quot;. A tela seguinte ir\u00e1 informar se o trabalhador est\u00e1 ou n\u00e3o habilitado para receber o benef\u00edcio.<\/li>\n<p> Vale lembrar que trabalhadores do setor privado tamb\u00e9m podem consultar a situa\u00e7\u00e3o do benef\u00edcio e a data de pagamento nos aplicativos<a class href=\"https:\/\/www.caixa.gov.br\/atendimento\/aplicativos\/caixa-trabalhador\/Paginas\/default.aspx\" target=\"_blank\" rel=\"noopener noreferrer\"> Caixa Trabalhador <\/a>e <a class href=\"https:\/\/www.caixa.gov.br\/caixatem\/Paginas\/default.aspx\" target=\"_blank\" rel=\"noopener noreferrer\">Caixa Tem<\/a>. <\/p>\n<p> Trabalhadores vinculados ao Pasep podem fazer a consulta no<a class href=\"https:\/\/www36.bb.com.br\/portalbb\/pasep\/pesquisa,802,17,505134,2,0,1.bbx?pk_vid=7fac422001881e771641905544a2024d&amp;pk_vid=7fac422001881e771641905544a2024d&amp;pk_vid=7fac422001881e771641905544a2024d\" target=\"_blank\" rel=\"noopener noreferrer\"> <\/a><a class href=\"https:\/\/www36.bb.com.br\/portalbb\/pasep\/pesquisa,802,17,505134,2,0,1.bbx?pk_vid=7fac422001881e771641905544a2024d&amp;pk_vid=7fac422001881e771641905544a2024d&amp;pk_vid=7fac422001881e771641905544a2024d\" target=\"_blank\" rel=\"noopener noreferrer\">link do Banco do Brasil<\/a>. H\u00e1 tamb\u00e9m a op\u00e7\u00e3o de ligar para a Central de Atendimento do BB (<strong>4004-0001<\/strong>, capitais e regi\u00f5es metropolitanas, ou <strong>0800 729 0001<\/strong>, interior). <\/p>\n<p> O abono salarial concedido ap\u00f3s deferimento de recurso administrativo, de reprocessamento ou de decis\u00e3o judicial ser\u00e1 disponibilizado para pagamento no dia <strong>15 do m\u00eas subsequente<\/strong> ao parecer ou da senten\u00e7a judicial ou no primeiro dia \u00fatil posterior, caso o dia estabelecido n\u00e3o seja dia \u00fatil. <\/p>\n<p> Os pagamentos do abono para trabalhadores informados na Rais at\u00e9 o dia 21 de junho de 2022 e no eSocial at\u00e9 o dia 5 de dezembro de 2022 ser\u00e3o disponibilizados no calend\u00e1rio de pagamentos de 2023 e, ap\u00f3s essas datas, no calend\u00e1rio do exerc\u00edcio seguinte. <\/p>\n<p><h2>Como sacar<\/h2>\n<\/p>\n<p> Os trabalhadores da iniciativa privada com conta corrente ou poupan\u00e7a na Caixa Econ\u00f4mica Federal receber\u00e3o o cr\u00e9dito do PIS automaticamente no banco, de acordo com o m\u00eas de seu nascimento. <\/p>\n<p> Os demais benefici\u00e1rios receber\u00e3o os valores por meio da poupan\u00e7a social digital, que pode ser movimentada pelo aplicativo Caixa Tem. <\/p>\n<p> Caso n\u00e3o seja poss\u00edvel a abertura da conta digital, o saque poder\u00e1 ser realizado com o Cart\u00e3o do Cidad\u00e3o e senha nos terminais de autoatendimento, unidades lot\u00e9ricas, Caixa Aqui ou ag\u00eancias, tamb\u00e9m de acordo com o calend\u00e1rio de pagamento escalonado por m\u00eas de nascimento. <\/p>\n<p> J\u00e1 o pagamento do abono do Pasep ocorre via cr\u00e9dito em conta para quem \u00e9 correntista ou tem poupan\u00e7a no Banco do Brasil. <\/p>\n<p> O trabalhador que n\u00e3o \u00e9 correntista do BB pode efetuar a transfer\u00eancia via TED para conta de sua titularidade por meio dos terminais de autoatendimento, pelo site <a class href=\"http:\/\/www.bb.com.br\/pasep\" target=\"_blank\" rel=\"noopener noreferrer\">www.bb.com.br\/pasep<\/a> ou nos caixas das ag\u00eancias. <\/p>\n<ul>\n<li> <a href=\"https:\/\/g1.globo.com\/tudo-sobre\/banco-do-brasil\/\" class=\"entities__list-itemLink\" data-track-click=\"Banco do Brasil\"> Banco do Brasil <\/a> <\/li>\n<li> <a href=\"https:\/\/g1.globo.com\/tudo-sobre\/caixa-economica-federal\/\" class=\"entities__list-itemLink\" data-track-click=\"Caixa Econ\u00f4mica Federal\"> Caixa Econ\u00f4mica Federal <\/a> <\/li>\n<li> <a href=\"https:\/\/g1.globo.com\/tudo-sobre\/pasep\/\" class=\"entities__list-itemLink\" data-track-click=\"PASEP\"> PASEP <\/a> <\/li>\n<li> <a href=\"https:\/\/g1.globo.com\/tudo-sobre\/pis\/\" class=\"entities__list-itemLink\" data-track-click=\"PIS\"> PIS <\/a> <\/li>\n<\/ul>\n","protected":false},"excerpt":{"rendered":"<p>1 de 1&#013;Saques do abono salarial em ag\u00eancia da Caixa Econ\u00f4mica Federal \u2014 Foto: Ag\u00eancia Brasil Saques do abono salarial em ag\u00eancia da Caixa Econ\u00f4mica Federal \u2014 Foto: Ag\u00eancia Brasil O \u00faltimo lote de pagamento do abono salarial do PIS\/Pasep 2023 ser\u00e1 liberado nesta segunda-feira (17). Trabalhadores de empresa privada nascidos em novembro e dezembro, [&hellip;]<\/p>\n","protected":false},"author":1,"featured_media":0,"comment_status":"closed","ping_status":"closed","sticky":false,"template":"","format":"standard","meta":{"footnotes":""},"categories":[],"tags":[],"class_list":["post-50759","post","type-post","status-publish","format-standard","hentry"],"_links":{"self":[{"href":"https:\/\/blog.corretoraideal.com.br\/index.php\/wp-json\/wp\/v2\/posts\/50759","targetHints":{"allow":["GET"]}}],"collection":[{"href":"https:\/\/blog.corretoraideal.com.br\/index.php\/wp-json\/wp\/v2\/posts"}],"about":[{"href":"https:\/\/blog.corretoraideal.com.br\/index.php\/wp-json\/wp\/v2\/types\/post"}],"author":[{"embeddable":true,"href":"https:\/\/blog.corretoraideal.com.br\/index.php\/wp-json\/wp\/v2\/users\/1"}],"replies":[{"embeddable":true,"href":"https:\/\/blog.corretoraideal.com.br\/index.php\/wp-json\/wp\/v2\/comments?post=50759"}],"version-history":[{"count":1,"href":"https:\/\/blog.corretoraideal.com.br\/index.php\/wp-json\/wp\/v2\/posts\/50759\/revisions"}],"predecessor-version":[{"id":50762,"href":"https:\/\/blog.corretoraideal.com.br\/index.php\/wp-json\/wp\/v2\/posts\/50759\/revisions\/50762"}],"wp:attachment":[{"href":"https:\/\/blog.corretoraideal.com.br\/index.php\/wp-json\/wp\/v2\/media?parent=50759"}],"wp:term":[{"taxonomy":"category","embeddable":true,"href":"https:\/\/blog.corretoraideal.com.br\/index.php\/wp-json\/wp\/v2\/categories?post=50759"},{"taxonomy":"post_tag","embeddable":true,"href":"https:\/\/blog.corretoraideal.com.br\/index.php\/wp-json\/wp\/v2\/tags?post=50759"}],"curies":[{"name":"wp","href":"https:\/\/api.w.org\/{rel}","templated":true}]}}