{"id":50766,"date":"2023-07-17T10:30:07","date_gmt":"2023-07-17T10:30:07","guid":{"rendered":"https:\/\/blog.corretoraideal.com.br\/?p=50766"},"modified":"2023-07-17T10:30:07","modified_gmt":"2023-07-17T10:30:07","slug":"dia-mundial-do-emoji-qual-e-o-mais-popular-e-qual-o-coracao-menos-usado-teste-seus-conhecimentos-tecnologia-g1","status":"publish","type":"post","link":"https:\/\/blog.corretoraideal.com.br\/index.php\/2023\/07\/17\/dia-mundial-do-emoji-qual-e-o-mais-popular-e-qual-o-coracao-menos-usado-teste-seus-conhecimentos-tecnologia-g1\/","title":{"rendered":"Dia mundial do emoji: qual \u00e9 o mais popular? E qual o cora\u00e7\u00e3o menos usado? Teste seus conhecimentos | Tecnologia | G1"},"content":{"rendered":"<p>      1 de 1&#013;Dia Mundial do Emoji \u00e9 comemorado em 17 de julho \u2014 Foto: Reprodu\u00e7\u00e3o\/g1    <\/p>\n<p> Dia Mundial do Emoji \u00e9 comemorado em 17 de julho \u2014 Foto: Reprodu\u00e7\u00e3o\/g1 <\/p>\n<p> Hoje \u00e9 comemorado o dia mundial do emoji. A data foi escolhida porque a <strong>maioria dos emojis de calend\u00e1rio exibe &quot;17 de julho&quot;<\/strong>, explica o Emojipedia, site que documenta informa\u00e7\u00f5es dos \u00edcones. <\/p>\n<p> &quot;As principais plataformas j\u00e1 usavam uma variedade de datas neste calend\u00e1rio, mas mudaram nos \u00faltimos anos para mostrar tamb\u00e9m 17 de julho&quot;, explica. Adotam essa data Apple, Google, Samsung, WhatsApp (tamb\u00e9m tem 24 de fevereiro), Twitter e Mozilla. <\/p>\n<p> Sabia dessa curiosidade? ?<strong>Agora, teste o seu conhecimento e descubra mais no quiz:<\/strong> <\/p>\n<p> <strong>LEIA TAMB\u00c9M: <\/strong> <\/p>\n<ul>\n<li><a class href=\"https:\/\/g1.globo.com\/tecnologia\/noticia\/2023\/07\/14\/pergunta-do-dia-qual-o-significado-de-bard-nome-do-robo-do-google.ghtml\">Qual o significado de Bard, nome do rob\u00f4 do Google?<\/a><\/li>\n<li><a class href=\"https:\/\/g1.globo.com\/tecnologia\/noticia\/2023\/07\/12\/remini-fotos-de-bebes-e-gravidez-criadas-por-ia-viralizam-nas-redes-sociais-saiba-como-fazer.ghtml#G1-TECNOLOGIA-FEED-user,rec-top,07c73405-4d3f-4151-908c-3f0787228845\">Remini: fotos de beb\u00eas criadas por intelig\u00eancia artificial viralizam nas redes sociais<\/a><\/li>\n<li><a class href=\"https:\/\/g1.globo.com\/guia\/guia-de-compras\/tecnologia\/selfie-saiba-como-tirar-a-melhor-foto.ghtml#G1-TECNOLOGIA-FEED-user,rec-top,07c73405-4d3f-4151-908c-3f0787228845\">Selfie: saiba como tirar a melhor foto<\/a><\/li>\n<\/ul>\n<ul> <\/ul>\n","protected":false},"excerpt":{"rendered":"<p>1 de 1&#013;Dia Mundial do Emoji \u00e9 comemorado em 17 de julho \u2014 Foto: Reprodu\u00e7\u00e3o\/g1 Dia Mundial do Emoji \u00e9 comemorado em 17 de julho \u2014 Foto: Reprodu\u00e7\u00e3o\/g1 Hoje \u00e9 comemorado o dia mundial do emoji. A data foi escolhida porque a maioria dos emojis de calend\u00e1rio exibe &quot;17 de julho&quot;, explica o Emojipedia, site [&hellip;]<\/p>\n","protected":false},"author":1,"featured_media":0,"comment_status":"closed","ping_status":"closed","sticky":false,"template":"","format":"standard","meta":{"footnotes":""},"categories":[],"tags":[],"class_list":["post-50766","post","type-post","status-publish","format-standard","hentry"],"_links":{"self":[{"href":"https:\/\/blog.corretoraideal.com.br\/index.php\/wp-json\/wp\/v2\/posts\/50766","targetHints":{"allow":["GET"]}}],"collection":[{"href":"https:\/\/blog.corretoraideal.com.br\/index.php\/wp-json\/wp\/v2\/posts"}],"about":[{"href":"https:\/\/blog.corretoraideal.com.br\/index.php\/wp-json\/wp\/v2\/types\/post"}],"author":[{"embeddable":true,"href":"https:\/\/blog.corretoraideal.com.br\/index.php\/wp-json\/wp\/v2\/users\/1"}],"replies":[{"embeddable":true,"href":"https:\/\/blog.corretoraideal.com.br\/index.php\/wp-json\/wp\/v2\/comments?post=50766"}],"version-history":[{"count":1,"href":"https:\/\/blog.corretoraideal.com.br\/index.php\/wp-json\/wp\/v2\/posts\/50766\/revisions"}],"predecessor-version":[{"id":50768,"href":"https:\/\/blog.corretoraideal.com.br\/index.php\/wp-json\/wp\/v2\/posts\/50766\/revisions\/50768"}],"wp:attachment":[{"href":"https:\/\/blog.corretoraideal.com.br\/index.php\/wp-json\/wp\/v2\/media?parent=50766"}],"wp:term":[{"taxonomy":"category","embeddable":true,"href":"https:\/\/blog.corretoraideal.com.br\/index.php\/wp-json\/wp\/v2\/categories?post=50766"},{"taxonomy":"post_tag","embeddable":true,"href":"https:\/\/blog.corretoraideal.com.br\/index.php\/wp-json\/wp\/v2\/tags?post=50766"}],"curies":[{"name":"wp","href":"https:\/\/api.w.org\/{rel}","templated":true}]}}