{"id":50775,"date":"2023-07-17T19:31:36","date_gmt":"2023-07-17T19:31:36","guid":{"rendered":"https:\/\/blog.corretoraideal.com.br\/?p=50775"},"modified":"2023-07-17T19:31:36","modified_gmt":"2023-07-17T19:31:36","slug":"haddad-diz-que-juros-altos-levaram-a-previa-negativa-do-pib-em-maio-desaceleracao-chegou-forte-economia-g1","status":"publish","type":"post","link":"https:\/\/blog.corretoraideal.com.br\/index.php\/2023\/07\/17\/haddad-diz-que-juros-altos-levaram-a-previa-negativa-do-pib-em-maio-desaceleracao-chegou-forte-economia-g1\/","title":{"rendered":"Haddad diz que juros altos levaram \u00e0 pr\u00e9via negativa do PIB em maio: &#039;desacelera\u00e7\u00e3o chegou forte&#039; | Economia | G1"},"content":{"rendered":"<p>                <img loading=\"lazy\" decoding=\"async\" class=\"aligncenter size-full wp-image-50777\" src=\"https:\/\/blog.corretoraideal.com.br\/wp-content\/uploads\/2023\/07\/desaceleracao-da-economia-chegou-forte-diz-haddad.jpeg\" alt=\"Desacelera\u00e7\u00e3o da economia chegou forte, diz Haddad\" width=\"800\" height=\"400\" \/>      <\/p>\n<p> Desacelera\u00e7\u00e3o da economia chegou forte, diz Haddad <\/p>\n<p> O ministro da Fazenda, Fernando Haddad, disse nesta segunda-feira (17) que a <a class href=\"https:\/\/g1.globo.com\/economia\/noticia\/2023\/07\/17\/economia-recuou-2percent-em-maio-indica-previa-do-pib-do-banco-central.ghtml\">queda de 2% na atividade econ\u00f4mica em maio, medida pelo \u00cdndice de Atividade Econ\u00f4mica (IBC-Br) do Banco Central, <\/a>j\u00e1 estava prevista. <\/p>\n<p> O IBR-Br \u00e9 considerado a &quot;pr\u00e9via&quot; do Produto Interno Bruto (PIB) e indica a evolu\u00e7\u00e3o da economia brasileira, m\u00eas a m\u00eas. <strong>Para Haddad, o resultado negativo \u00e9 reflexo da manuten\u00e7\u00e3o dos juros altos no pa\u00eds<\/strong>. <\/p>\n<p>&quot;A pretendida desacelera\u00e7\u00e3o da economia pelo Banco Central chegou forte. Precisamos ter muita cautela com o que pode acontecer se as taxas forem mantidas na casa de 10% o juro real ao ano. \u00c9 muito pesado para a economia&quot;, afirmou.<\/p>\n<p> O tombo de 2% na economia brasileira em maio foi a maior queda registrada pelo IBC-Br desde mar\u00e7o de 2021 \u2013 quando a economia recuou 3,6%. O BC divulga apenas o dado, sem indicar motiva\u00e7\u00f5es ou analisar o \u00edndice. <\/p>\n<p> Em abril de 2023, a pr\u00e9via do PIB tinha indicado um crescimento de 0,56% na economia. <\/p>\n<p> <strong>O \u00edndice \u00e9 uma das ferramentas usadas pelo BC para definir a Selic. Com a economia crescendo menos, haveria menor infla\u00e7\u00e3o.<\/strong> <\/p>\n<p>   EVOLU\u00c7\u00c3O DO IBC-Br Resultados na compara\u00e7\u00e3o com o m\u00eas anterior (ap\u00f3s ajuste sazonal)   Fonte: Banco Central   <\/p>\n<p><h2><strong>Selic: expectativa de queda<\/strong><\/h2>\n<\/p>\n<p> Em junho, o BC manteve a Selic em 13,75% ao ano &#8212; patamar em vigor desde agosto de 2022. <\/p>\n<p> O Comit\u00ea de Pol\u00edtica Monet\u00e1ria do BC, composto pelo presidente e a diretoria da institui\u00e7\u00e3o, se re\u00fane no in\u00edcio de agosto para definir a taxa b\u00e1sica de juros. <\/p>\n<p> <strong>A expectativa \u00e9 que a Selic seja reduzida<\/strong>. H\u00e1 dois fatores que favorecem essa mudan\u00e7a: <\/p>\n<ul>\n<li>um aceno a favor da redu\u00e7\u00e3o na ata da \u00faltima reuni\u00e3o do Copom, em junho;<\/li>\n<li>e a posse de dois diretores do Banco Central nomeados pelo atual governo: o funcion\u00e1rio de carreira Ailton Aquino e o ex-secret\u00e1rio do Minist\u00e9rio da Fazenda, Gabriel Gal\u00edpolo.<\/li>\n<\/ul>\n<ul> <\/ul>\n","protected":false},"excerpt":{"rendered":"<p>Desacelera\u00e7\u00e3o da economia chegou forte, diz Haddad O ministro da Fazenda, Fernando Haddad, disse nesta segunda-feira (17) que a queda de 2% na atividade econ\u00f4mica em maio, medida pelo \u00cdndice de Atividade Econ\u00f4mica (IBC-Br) do Banco Central, j\u00e1 estava prevista. O IBR-Br \u00e9 considerado a &quot;pr\u00e9via&quot; do Produto Interno Bruto (PIB) e indica a evolu\u00e7\u00e3o [&hellip;]<\/p>\n","protected":false},"author":1,"featured_media":0,"comment_status":"closed","ping_status":"closed","sticky":false,"template":"","format":"standard","meta":{"footnotes":""},"categories":[],"tags":[],"class_list":["post-50775","post","type-post","status-publish","format-standard","hentry"],"_links":{"self":[{"href":"https:\/\/blog.corretoraideal.com.br\/index.php\/wp-json\/wp\/v2\/posts\/50775","targetHints":{"allow":["GET"]}}],"collection":[{"href":"https:\/\/blog.corretoraideal.com.br\/index.php\/wp-json\/wp\/v2\/posts"}],"about":[{"href":"https:\/\/blog.corretoraideal.com.br\/index.php\/wp-json\/wp\/v2\/types\/post"}],"author":[{"embeddable":true,"href":"https:\/\/blog.corretoraideal.com.br\/index.php\/wp-json\/wp\/v2\/users\/1"}],"replies":[{"embeddable":true,"href":"https:\/\/blog.corretoraideal.com.br\/index.php\/wp-json\/wp\/v2\/comments?post=50775"}],"version-history":[{"count":1,"href":"https:\/\/blog.corretoraideal.com.br\/index.php\/wp-json\/wp\/v2\/posts\/50775\/revisions"}],"predecessor-version":[{"id":50778,"href":"https:\/\/blog.corretoraideal.com.br\/index.php\/wp-json\/wp\/v2\/posts\/50775\/revisions\/50778"}],"wp:attachment":[{"href":"https:\/\/blog.corretoraideal.com.br\/index.php\/wp-json\/wp\/v2\/media?parent=50775"}],"wp:term":[{"taxonomy":"category","embeddable":true,"href":"https:\/\/blog.corretoraideal.com.br\/index.php\/wp-json\/wp\/v2\/categories?post=50775"},{"taxonomy":"post_tag","embeddable":true,"href":"https:\/\/blog.corretoraideal.com.br\/index.php\/wp-json\/wp\/v2\/tags?post=50775"}],"curies":[{"name":"wp","href":"https:\/\/api.w.org\/{rel}","templated":true}]}}