{"id":50779,"date":"2023-07-17T20:29:34","date_gmt":"2023-07-17T20:29:34","guid":{"rendered":"https:\/\/blog.corretoraideal.com.br\/?p=50779"},"modified":"2023-07-17T20:29:34","modified_gmt":"2023-07-17T20:29:34","slug":"whatsapp-e-condenado-a-indenizar-em-r-5-mil-vitima-por-nao-deletar-conta-de-golpista-tecnologia-g1","status":"publish","type":"post","link":"https:\/\/blog.corretoraideal.com.br\/index.php\/2023\/07\/17\/whatsapp-e-condenado-a-indenizar-em-r-5-mil-vitima-por-nao-deletar-conta-de-golpista-tecnologia-g1\/","title":{"rendered":"WhatsApp \u00e9 condenado a indenizar em R$ 5 mil v\u00edtima por n\u00e3o deletar conta de golpista | Tecnologia | G1"},"content":{"rendered":"<p>      1 de 1&#013;whatsapp \u2014 Foto: Dado Ruvic\/Reuters    <\/p>\n<p> whatsapp \u2014 Foto: Dado Ruvic\/Reuters <\/p>\n<p> O Tribunal de Justi\u00e7a de S\u00e3o Paulo (TJ-SP) condenou o <a class href=\"https:\/\/g1.globo.com\/tudo-sobre\/whatsapp\/\">WhatsApp<\/a> a indenizar um advogado em R$ 5 mil por danos morais. Ele teve sua foto usada por criminosos para aplicar golpes dentro do aplicativo de mensagens. <\/p>\n<p> No processo, a v\u00edtima alega que, no dia 5 de janeiro de 2023, foi informada por familiares que o n\u00famero (17) 99617-6879 estava usando sua foto para pedir dinheiro a terceiros. Informou, ainda, que entrou em contato com o suporte do WhatsApp para solicitar o bloqueio da conta, mas que a empresa n\u00e3o o atendeu, mesmo compartilhando o boletim de ocorr\u00eancia. <\/p>\n<p> O <a class href=\"https:\/\/g1.globo.com\/\"><strong>g1 <\/strong><\/a>verificou que a conta permanece ativa at\u00e9 a tarde desta segunda-feira (17), <strong>mas com imagem de outra pessoa<\/strong>. Procurado, o WhatsApp disse que &quot;n\u00e3o se pronuncia sobre casos espec\u00edficos&quot;. <\/p>\n<p> Em 19 de janeiro, o juiz Felipe Ferreira Pimenta, do Juizado Especial C\u00edvel e Criminal de Santa Ad\u00e9lia (SP), determinou o bloqueio do uso do WhatsApp pelo n\u00famero, no prazo de 48 horas, o que n\u00e3o aconteceu. <\/p>\n<p> &quot;\u00c9 incontest\u00e1vel que houve falha na presta\u00e7\u00e3o dos servi\u00e7os do requerido, que n\u00e3o atendeu as diversas solicita\u00e7\u00f5es do autor de exclus\u00e3o do perfil falso e n\u00e3o cumpriu a ordem judicial que lhe foi direcionada com a concess\u00e3o de tutela nestes autos&quot;, afirma o juiz. <\/p>\n<p> <strong>LEIA TAMB\u00c9M:<\/strong> <\/p>\n<ul>\n<li><a class href=\"https:\/\/g1.globo.com\/tecnologia\/noticia\/2023\/06\/01\/como-proteger-o-whatsapp-em-caso-de-roubo-ou-perda-do-celular.ghtml\">Como proteger o WhatsApp em caso de roubo ou perda do celular<\/a><\/li>\n<li><a class href=\"https:\/\/g1.globo.com\/tecnologia\/noticia\/2023\/04\/11\/shein-alerta-para-golpe-em-site-promovido-por-influenciadores-como-meio-de-ganhar-dinheiro-avaliando-roupas.ghtml\">Shein alerta para golpe em site promovido por influenciadores para ganhar dinheiro avaliando roupas<\/a><\/li>\n<li><a class href=\"https:\/\/g1.globo.com\/tecnologia\/noticia\/2023\/07\/17\/world-emoji-awards-emoji-mais-representativo-de-2023.ghtml\">Emoji ? (carinha derretendo) \u00e9 eleito o mais representativo de 2023<\/a><\/li>\n<\/ul>\n<ul>\n<li> <a href=\"https:\/\/g1.globo.com\/tudo-sobre\/whatsapp\/\" class=\"entities__list-itemLink\" data-track-click=\"WhatsApp\"> WhatsApp <\/a> <\/li>\n<\/ul>\n","protected":false},"excerpt":{"rendered":"<p>1 de 1&#013;whatsapp \u2014 Foto: Dado Ruvic\/Reuters whatsapp \u2014 Foto: Dado Ruvic\/Reuters O Tribunal de Justi\u00e7a de S\u00e3o Paulo (TJ-SP) condenou o WhatsApp a indenizar um advogado em R$ 5 mil por danos morais. Ele teve sua foto usada por criminosos para aplicar golpes dentro do aplicativo de mensagens. No processo, a v\u00edtima alega que, [&hellip;]<\/p>\n","protected":false},"author":1,"featured_media":0,"comment_status":"closed","ping_status":"closed","sticky":false,"template":"","format":"standard","meta":{"footnotes":""},"categories":[],"tags":[],"class_list":["post-50779","post","type-post","status-publish","format-standard","hentry"],"_links":{"self":[{"href":"https:\/\/blog.corretoraideal.com.br\/index.php\/wp-json\/wp\/v2\/posts\/50779","targetHints":{"allow":["GET"]}}],"collection":[{"href":"https:\/\/blog.corretoraideal.com.br\/index.php\/wp-json\/wp\/v2\/posts"}],"about":[{"href":"https:\/\/blog.corretoraideal.com.br\/index.php\/wp-json\/wp\/v2\/types\/post"}],"author":[{"embeddable":true,"href":"https:\/\/blog.corretoraideal.com.br\/index.php\/wp-json\/wp\/v2\/users\/1"}],"replies":[{"embeddable":true,"href":"https:\/\/blog.corretoraideal.com.br\/index.php\/wp-json\/wp\/v2\/comments?post=50779"}],"version-history":[{"count":1,"href":"https:\/\/blog.corretoraideal.com.br\/index.php\/wp-json\/wp\/v2\/posts\/50779\/revisions"}],"predecessor-version":[{"id":50781,"href":"https:\/\/blog.corretoraideal.com.br\/index.php\/wp-json\/wp\/v2\/posts\/50779\/revisions\/50781"}],"wp:attachment":[{"href":"https:\/\/blog.corretoraideal.com.br\/index.php\/wp-json\/wp\/v2\/media?parent=50779"}],"wp:term":[{"taxonomy":"category","embeddable":true,"href":"https:\/\/blog.corretoraideal.com.br\/index.php\/wp-json\/wp\/v2\/categories?post=50779"},{"taxonomy":"post_tag","embeddable":true,"href":"https:\/\/blog.corretoraideal.com.br\/index.php\/wp-json\/wp\/v2\/tags?post=50779"}],"curies":[{"name":"wp","href":"https:\/\/api.w.org\/{rel}","templated":true}]}}