{"id":50785,"date":"2023-07-18T00:30:32","date_gmt":"2023-07-18T00:30:32","guid":{"rendered":"https:\/\/blog.corretoraideal.com.br\/?p=50785"},"modified":"2023-07-18T00:30:32","modified_gmt":"2023-07-18T00:30:32","slug":"japao-suspende-importacao-de-aves-de-santa-catarina-santa-catarina-g1","status":"publish","type":"post","link":"https:\/\/blog.corretoraideal.com.br\/index.php\/2023\/07\/18\/japao-suspende-importacao-de-aves-de-santa-catarina-santa-catarina-g1\/","title":{"rendered":"Jap\u00e3o suspende importa\u00e7\u00e3o de aves de Santa Catarina | Santa Catarina | G1"},"content":{"rendered":"<p>      1 de 1&#013;Pintinhos em fazenda de Houston, nos Estados Unidos, pa\u00eds que foi afetado por cepa da gripe avi\u00e1ria nos \u00faltimos anos \u2014 Foto: Stringer\/Reuters    <\/p>\n<p> Pintinhos em fazenda de Houston, nos Estados Unidos, pa\u00eds que foi afetado por cepa da gripe avi\u00e1ria nos \u00faltimos anos \u2014 Foto: Stringer\/Reuters <\/p>\n<p> O <a class href=\"https:\/\/g1.globo.com\/tudo-sobre\/japao\/\">Jap\u00e3o<\/a> suspendeu temporariamente a importa\u00e7\u00e3o de aves de Santa Catarina, ap\u00f3s o estado confirmar casos de gripe avi\u00e1ria altamente patog\u00eanica (IAAP), nesta segunda-feira (17). O Minist\u00e9rio da Agricultura e Pecu\u00e1ria (Mapa) afirmou que o foco foi identificado em <a class href=\"https:\/\/g1.globo.com\/sc\/santa-catarina\/cidade\/maracaja\/\">Maracaj\u00e1<\/a>, no sul do estado. <\/p>\n<p> O Mapa informou que os <a class href=\"https:\/\/g1.globo.com\/sc\/santa-catarina\/noticia\/2023\/07\/16\/santa-catarina-identifica-1o-caso-de-gripe-aviaria-em-ave-de-fundo-de-quintal.ghtml\">casos foram confirmados no s\u00e1bado (15)<\/a>, em aves dom\u00e9sticas de subsist\u00eancia \u2014 para consumo pr\u00f3prio \u2014 em uma propriedade que cria diversas esp\u00e9cies, como galinhas, gansos, patos e perus. <\/p>\n<p> As aves onde o foco foi identificado eram criadas soltas e n\u00e3o eram destinadas \u00e0 produ\u00e7\u00e3o de produtos para comercializa\u00e7\u00e3o, de acordo com o Mapa. O governo de Santa Catarina afirmou que n\u00e3o h\u00e1 registros da doen\u00e7a na produ\u00e7\u00e3o comercial. <\/p>\n<p> Segundo o minist\u00e9rio, a propriedade foi interditada. Todas as aves diagnosticadas com a doen\u00e7a foram abatidas, tendo as carca\u00e7as destru\u00eddas e enterradas. <\/p>\n<p> O governo brasileiro disse que os casos n\u00e3o comprometem o status do Brasil como pa\u00eds livre de IAAP. Mesmo assim, o Jap\u00e3o resolveu suspender as importa\u00e7\u00f5es de aves vivas e carne de aves de Santa Catarina at\u00e9 receber mais detalhes sobre o foco. <\/p>\n<p> Uma delega\u00e7\u00e3o do minist\u00e9rio deve se reunir com autoridades japoneses na pr\u00f3xima semana para discutir o caso. <\/p>\n<p> No fim de junho, o <a class href=\"https:\/\/g1.globo.com\/economia\/agronegocios\/noticia\/2023\/06\/28\/japao-suspende-temporariamente-compras-de-carne-de-aves-do-es-apos-caso-de-gripe-aviaria-em-criacao-diz-associacao.ghtml\">Jap\u00e3o suspendeu a compra de aves do Esp\u00edrito Santo<\/a> ap\u00f3s o estado confirmar um caso de H5N1 tamb\u00e9m em ave criada para consumo pr\u00f3prio. <\/p>\n<p>                   <img loading=\"lazy\" decoding=\"async\" class=\"aligncenter size-full wp-image-50787\" src=\"https:\/\/blog.corretoraideal.com.br\/wp-content\/uploads\/2023\/07\/sc-confirma-primeiro-foco-de-gripe-aviaria-em-ave-de-criacao-domestica.jpeg\" alt=\"SC confirma primeiro foco de gripe avi\u00e1ria em ave de cria\u00e7\u00e3o dom\u00e9stica\" width=\"800\" height=\"400\" \/>      <\/p>\n<p> SC confirma primeiro foco de gripe avi\u00e1ria em ave de cria\u00e7\u00e3o dom\u00e9stica <\/p>\n<p><h2>V\u00cdDEOS: mais assistidos do g1<\/h2>\n<\/p>\n<p>   <a href=\"https:\/\/g1.globo.com\/playlist\/videos-mais-assistidos-do-g1-nos-ultimos-7-dias.ghtml\">    50 v\u00eddeos      <\/a>       <\/p>\n<ul>\n<li> <a href=\"https:\/\/g1.globo.com\/tudo-sobre\/japao\/\" class=\"entities__list-itemLink\" data-track-click=\"Jap\u00e3o\"> Jap\u00e3o <\/a> <\/li>\n<li> <a href=\"https:\/\/g1.globo.com\/sc\/santa-catarina\/cidade\/maracaja\/\" class=\"entities__list-itemLink\" data-track-click=\"Maracaj\u00e1\"> Maracaj\u00e1 <\/a> <\/li>\n<\/ul>\n","protected":false},"excerpt":{"rendered":"<p>1 de 1&#013;Pintinhos em fazenda de Houston, nos Estados Unidos, pa\u00eds que foi afetado por cepa da gripe avi\u00e1ria nos \u00faltimos anos \u2014 Foto: Stringer\/Reuters Pintinhos em fazenda de Houston, nos Estados Unidos, pa\u00eds que foi afetado por cepa da gripe avi\u00e1ria nos \u00faltimos anos \u2014 Foto: Stringer\/Reuters O Jap\u00e3o suspendeu temporariamente a importa\u00e7\u00e3o de [&hellip;]<\/p>\n","protected":false},"author":1,"featured_media":0,"comment_status":"closed","ping_status":"closed","sticky":false,"template":"","format":"standard","meta":{"footnotes":""},"categories":[],"tags":[],"class_list":["post-50785","post","type-post","status-publish","format-standard","hentry"],"_links":{"self":[{"href":"https:\/\/blog.corretoraideal.com.br\/index.php\/wp-json\/wp\/v2\/posts\/50785","targetHints":{"allow":["GET"]}}],"collection":[{"href":"https:\/\/blog.corretoraideal.com.br\/index.php\/wp-json\/wp\/v2\/posts"}],"about":[{"href":"https:\/\/blog.corretoraideal.com.br\/index.php\/wp-json\/wp\/v2\/types\/post"}],"author":[{"embeddable":true,"href":"https:\/\/blog.corretoraideal.com.br\/index.php\/wp-json\/wp\/v2\/users\/1"}],"replies":[{"embeddable":true,"href":"https:\/\/blog.corretoraideal.com.br\/index.php\/wp-json\/wp\/v2\/comments?post=50785"}],"version-history":[{"count":1,"href":"https:\/\/blog.corretoraideal.com.br\/index.php\/wp-json\/wp\/v2\/posts\/50785\/revisions"}],"predecessor-version":[{"id":50788,"href":"https:\/\/blog.corretoraideal.com.br\/index.php\/wp-json\/wp\/v2\/posts\/50785\/revisions\/50788"}],"wp:attachment":[{"href":"https:\/\/blog.corretoraideal.com.br\/index.php\/wp-json\/wp\/v2\/media?parent=50785"}],"wp:term":[{"taxonomy":"category","embeddable":true,"href":"https:\/\/blog.corretoraideal.com.br\/index.php\/wp-json\/wp\/v2\/categories?post=50785"},{"taxonomy":"post_tag","embeddable":true,"href":"https:\/\/blog.corretoraideal.com.br\/index.php\/wp-json\/wp\/v2\/tags?post=50785"}],"curies":[{"name":"wp","href":"https:\/\/api.w.org\/{rel}","templated":true}]}}