{"id":50789,"date":"2023-07-18T01:30:14","date_gmt":"2023-07-18T01:30:14","guid":{"rendered":"https:\/\/blog.corretoraideal.com.br\/?p=50789"},"modified":"2023-07-18T01:30:14","modified_gmt":"2023-07-18T01:30:14","slug":"coracao-rosa-e-eleito-o-emoji-mais-popular-do-ano-entre-os-mais-recentes-tecnologia-g1","status":"publish","type":"post","link":"https:\/\/blog.corretoraideal.com.br\/index.php\/2023\/07\/18\/coracao-rosa-e-eleito-o-emoji-mais-popular-do-ano-entre-os-mais-recentes-tecnologia-g1\/","title":{"rendered":"&#039;Cora\u00e7\u00e3o rosa&#039; \u00e9 eleito o emoji mais popular do ano entre os mais recentes | Tecnologia | G1"},"content":{"rendered":"<p>      1 de 1&#013;Emojis mais populares de 2023 \u2014 Foto: Reprodu\u00e7\u00e3o\/World Emoji Awards    <\/p>\n<p> Emojis mais populares de 2023 \u2014 Foto: Reprodu\u00e7\u00e3o\/World Emoji Awards <\/p>\n<p> O &quot;cora\u00e7\u00e3o rosa&quot; ? foi eleito o \u00edcone mais popular de 2023 entre os emojis lan\u00e7ados recentemente. O resultado saiu nesta segunda-feira (17) durante a premia\u00e7\u00e3o World Emoji Awards. <\/p>\n<p> Os \u00edcones &quot;cara tr\u00eamula&quot; e &quot;cora\u00e7\u00e3o azul claro&quot; aparecem logo atr\u00e1s, respectivamente. Para selecionar os que v\u00e3o disputar, o World Emoji Awards mapeia os novos emojis mais usados nas principais plataformas. <\/p>\n<ul>\n<li><strong>?\ufe0fDia mundial do emoji:<\/strong> <a class href=\"https:\/\/g1.globo.com\/tecnologia\/noticia\/2023\/07\/17\/dia-mundial-do-emoji-teste-seus-conhecimentos.ghtml\">teste seus conhecimentos sobre eles<\/a><\/li>\n<li><a class href=\"https:\/\/g1.globo.com\/tecnologia\/noticia\/2023\/07\/17\/world-emoji-awards-emoji-mais-representativo-de-2023.ghtml\">Emoji ? \u00e9 eleito o mais representativo de 2023<\/a><\/li>\n<\/ul>\n<p> Segundo o Emojipedia, site que documenta informa\u00e7\u00f5es dos \u00edcones, o &quot;cora\u00e7\u00e3o rosa&quot; pode ser &quot;usado para representar amor, amizade e sentimentos de calor, e a cor rosa&quot;. <\/p>\n<p> Nesta segunda tamb\u00e9m \u00e9 comemorado o dia mundial do emoji. A data foi escolhida porque a maioria dos emojis de calend\u00e1rio exibe &quot;17 de julho&quot;. <\/p>\n<p> <strong>LEIA TAMB\u00c9M:<\/strong> <\/p>\n<ul>\n<li><a class href=\"https:\/\/g1.globo.com\/tecnologia\/noticia\/2023\/07\/16\/musk-x-zuckerberg-conheca-as-lendas-do-mma-e-jiu-jitsu-que-apoiam-preparacao-dos-bilionarios.ghtml#G1-TECNOLOGIA-FEED-user,rec-top,dcf38bf1-7ce4-4d08-a3da-de95e2831b83\">Musk x Zuckerberg: conhe\u00e7a as lendas do MMA e Jiu-j\u00edtsu que apoiam prepara\u00e7\u00e3o dos bilion\u00e1rios<\/a><\/li>\n<li><a class href=\"https:\/\/g1.globo.com\/tecnologia\/noticia\/2023\/07\/14\/dona-do-google-ve-suas-acoes-dispararem-apos-bard-ser-lancado-no-brasil-e-na-europa.ghtml\">Dona do Google v\u00ea suas a\u00e7\u00f5es dispararem ap\u00f3s Bard ser lan\u00e7ado no Brasil e na Europa<\/a><\/li>\n<li><a class href=\"https:\/\/g1.globo.com\/tecnologia\/noticia\/2023\/07\/12\/remini-fotos-de-bebes-e-gravidez-criadas-por-ia-viralizam-nas-redes-sociais-saiba-como-fazer.ghtml#G1-TECNOLOGIA-FEED-user,rec-top,dcf38bf1-7ce4-4d08-a3da-de95e2831b83\">Remini: fotos de beb\u00eas criadas por intelig\u00eancia artificial viralizam nas redes sociais<\/a><\/li>\n<\/ul>\n<p>                   <img loading=\"lazy\" decoding=\"async\" class=\"aligncenter size-full wp-image-50791\" src=\"https:\/\/blog.corretoraideal.com.br\/wp-content\/uploads\/2023\/07\/17-de-julho-dia-mundial-do-emoji.jpeg\" alt=\"17 de julho: dia mundial do emoji\" width=\"800\" height=\"400\" \/>      <\/p>\n<p> 17 de julho: dia mundial do emoji <\/p>\n<ul> <\/ul>\n","protected":false},"excerpt":{"rendered":"<p>1 de 1&#013;Emojis mais populares de 2023 \u2014 Foto: Reprodu\u00e7\u00e3o\/World Emoji Awards Emojis mais populares de 2023 \u2014 Foto: Reprodu\u00e7\u00e3o\/World Emoji Awards O &quot;cora\u00e7\u00e3o rosa&quot; ? foi eleito o \u00edcone mais popular de 2023 entre os emojis lan\u00e7ados recentemente. O resultado saiu nesta segunda-feira (17) durante a premia\u00e7\u00e3o World Emoji Awards. Os \u00edcones &quot;cara tr\u00eamula&quot; [&hellip;]<\/p>\n","protected":false},"author":1,"featured_media":0,"comment_status":"closed","ping_status":"closed","sticky":false,"template":"","format":"standard","meta":{"footnotes":""},"categories":[],"tags":[],"class_list":["post-50789","post","type-post","status-publish","format-standard","hentry"],"_links":{"self":[{"href":"https:\/\/blog.corretoraideal.com.br\/index.php\/wp-json\/wp\/v2\/posts\/50789","targetHints":{"allow":["GET"]}}],"collection":[{"href":"https:\/\/blog.corretoraideal.com.br\/index.php\/wp-json\/wp\/v2\/posts"}],"about":[{"href":"https:\/\/blog.corretoraideal.com.br\/index.php\/wp-json\/wp\/v2\/types\/post"}],"author":[{"embeddable":true,"href":"https:\/\/blog.corretoraideal.com.br\/index.php\/wp-json\/wp\/v2\/users\/1"}],"replies":[{"embeddable":true,"href":"https:\/\/blog.corretoraideal.com.br\/index.php\/wp-json\/wp\/v2\/comments?post=50789"}],"version-history":[{"count":1,"href":"https:\/\/blog.corretoraideal.com.br\/index.php\/wp-json\/wp\/v2\/posts\/50789\/revisions"}],"predecessor-version":[{"id":50792,"href":"https:\/\/blog.corretoraideal.com.br\/index.php\/wp-json\/wp\/v2\/posts\/50789\/revisions\/50792"}],"wp:attachment":[{"href":"https:\/\/blog.corretoraideal.com.br\/index.php\/wp-json\/wp\/v2\/media?parent=50789"}],"wp:term":[{"taxonomy":"category","embeddable":true,"href":"https:\/\/blog.corretoraideal.com.br\/index.php\/wp-json\/wp\/v2\/categories?post=50789"},{"taxonomy":"post_tag","embeddable":true,"href":"https:\/\/blog.corretoraideal.com.br\/index.php\/wp-json\/wp\/v2\/tags?post=50789"}],"curies":[{"name":"wp","href":"https:\/\/api.w.org\/{rel}","templated":true}]}}