{"id":50793,"date":"2023-07-18T03:29:36","date_gmt":"2023-07-18T03:29:36","guid":{"rendered":"https:\/\/blog.corretoraideal.com.br\/?p=50793"},"modified":"2023-07-18T03:29:36","modified_gmt":"2023-07-18T03:29:36","slug":"campos-dos-goytacazes-tera-instabilidade-no-fornecimento-de-agua-nos-proximos-dias-norte-fluminense-g1","status":"publish","type":"post","link":"https:\/\/blog.corretoraideal.com.br\/index.php\/2023\/07\/18\/campos-dos-goytacazes-tera-instabilidade-no-fornecimento-de-agua-nos-proximos-dias-norte-fluminense-g1\/","title":{"rendered":"Campos dos Goytacazes ter\u00e1 instabilidade no fornecimento de \u00e1gua nos pr\u00f3ximos dias | Norte Fluminense | G1"},"content":{"rendered":"\n<p> A \u00c1guas do Para\u00edba, concession\u00e1ria de \u00e1gua e esgoto de <a class href=\"https:\/\/g1.globo.com\/rj\/norte-fluminense\/cidade\/campos-dos-goytacazes\/\">Campos dos Goytacazes<\/a>, no Norte Fluminense, informou que entre os dias 18 a 22 de julho ser\u00e3o realizados procedimentos que v\u00e3o impactar o abastecimento de \u00e1gua em algumas localidades da cidade. <\/p>\n<p> De acordo com a empresa, as \u00e1reas afetadas ser\u00e3o Donana, S\u00e3o Sebasti\u00e3o, Venda Nova e Vila Nova, sendo que cada uma passar\u00e1 por uma interven\u00e7\u00e3o de 48 horas para garantir a efici\u00eancia dos servi\u00e7os. <\/p>\n<p> Durante esse per\u00edodo, a concession\u00e1ria solicita que a popula\u00e7\u00e3o utilize a \u00e1gua de forma consciente, uma vez que a distribui\u00e7\u00e3o poder\u00e1 ser afetada durante as opera\u00e7\u00f5es. <\/p>\n<p><h2><strong>Confira o cronograma das melhorias operacionais<\/strong><\/h2>\n<\/p>\n<ul>\n<li> 18 e 19 de julho: ETA Donana<\/li>\n<li> 19 e 20 de julho: ETA S\u00e3o Sebasti\u00e3o<\/li>\n<li> 20 e 21 de julho: ETA Venda Nova<\/li>\n<li> 21 e 22 de julho: ETA Vila Nova<\/li>\n<\/ul>\n<p> Em caso de d\u00favidas ou solicita\u00e7\u00f5es de carros-pipa, o cliente pode entrar em contato com a empresa por meio de um dos canais de relacionamento: WhatsApp (21) 97211-8064, site www.aguasdoparaiba.com.br, aplicativo Cliente \u00c1guas ou pelo 0800 772 0422. <\/p>\n<ul>\n<li> <a href=\"https:\/\/g1.globo.com\/rj\/norte-fluminense\/cidade\/campos-dos-goytacazes\/\" class=\"entities__list-itemLink\" data-track-click=\"Campos dos Goytacazes\"> Campos dos Goytacazes <\/a> <\/li>\n<\/ul>\n","protected":false},"excerpt":{"rendered":"<p>A \u00c1guas do Para\u00edba, concession\u00e1ria de \u00e1gua e esgoto de Campos dos Goytacazes, no Norte Fluminense, informou que entre os dias 18 a 22 de julho ser\u00e3o realizados procedimentos que v\u00e3o impactar o abastecimento de \u00e1gua em algumas localidades da cidade. De acordo com a empresa, as \u00e1reas afetadas ser\u00e3o Donana, S\u00e3o Sebasti\u00e3o, Venda Nova [&hellip;]<\/p>\n","protected":false},"author":1,"featured_media":0,"comment_status":"closed","ping_status":"closed","sticky":false,"template":"","format":"standard","meta":{"footnotes":""},"categories":[],"tags":[],"class_list":["post-50793","post","type-post","status-publish","format-standard","hentry"],"_links":{"self":[{"href":"https:\/\/blog.corretoraideal.com.br\/index.php\/wp-json\/wp\/v2\/posts\/50793","targetHints":{"allow":["GET"]}}],"collection":[{"href":"https:\/\/blog.corretoraideal.com.br\/index.php\/wp-json\/wp\/v2\/posts"}],"about":[{"href":"https:\/\/blog.corretoraideal.com.br\/index.php\/wp-json\/wp\/v2\/types\/post"}],"author":[{"embeddable":true,"href":"https:\/\/blog.corretoraideal.com.br\/index.php\/wp-json\/wp\/v2\/users\/1"}],"replies":[{"embeddable":true,"href":"https:\/\/blog.corretoraideal.com.br\/index.php\/wp-json\/wp\/v2\/comments?post=50793"}],"version-history":[{"count":1,"href":"https:\/\/blog.corretoraideal.com.br\/index.php\/wp-json\/wp\/v2\/posts\/50793\/revisions"}],"predecessor-version":[{"id":50795,"href":"https:\/\/blog.corretoraideal.com.br\/index.php\/wp-json\/wp\/v2\/posts\/50793\/revisions\/50795"}],"wp:attachment":[{"href":"https:\/\/blog.corretoraideal.com.br\/index.php\/wp-json\/wp\/v2\/media?parent=50793"}],"wp:term":[{"taxonomy":"category","embeddable":true,"href":"https:\/\/blog.corretoraideal.com.br\/index.php\/wp-json\/wp\/v2\/categories?post=50793"},{"taxonomy":"post_tag","embeddable":true,"href":"https:\/\/blog.corretoraideal.com.br\/index.php\/wp-json\/wp\/v2\/tags?post=50793"}],"curies":[{"name":"wp","href":"https:\/\/api.w.org\/{rel}","templated":true}]}}