{"id":50796,"date":"2023-07-18T05:30:05","date_gmt":"2023-07-18T05:30:05","guid":{"rendered":"https:\/\/blog.corretoraideal.com.br\/?p=50796"},"modified":"2023-07-18T05:30:05","modified_gmt":"2023-07-18T05:30:05","slug":"marisa-conclui-processo-de-reestruturacao-com-fechamento-de-88-lojas-economia-g1","status":"publish","type":"post","link":"https:\/\/blog.corretoraideal.com.br\/index.php\/2023\/07\/18\/marisa-conclui-processo-de-reestruturacao-com-fechamento-de-88-lojas-economia-g1\/","title":{"rendered":"Marisa conclui processo de reestrutura\u00e7\u00e3o com fechamento de 88 lojas | Economia | G1"},"content":{"rendered":"<p>      1 de 1&#013;Loja da Marisa na Avenida Paulista, em S\u00e3o Paulo \u2014 Foto: Divulga\u00e7\u00e3o    <\/p>\n<p> Loja da Marisa na Avenida Paulista, em S\u00e3o Paulo \u2014 Foto: Divulga\u00e7\u00e3o <\/p>\n<p> A rede de varejo Marisa informou nesta segunda-feira (17) que <strong>concluiu seu plano de reestrutura\u00e7\u00e3o financeira com um total de 88 lojas fechadas<\/strong>. De acordo com a empresa, foram investidos <strong>R$ 44,5 milh\u00f5es<\/strong> para a desativa\u00e7\u00e3o das unidades. <\/p>\n<p> A companhia est\u00e1 empenhando esfor\u00e7os para tentar recuperar sua capacidade de gerar caixa \u2014 ou seja, voltar a ter recursos dispon\u00edveis para investimentos e para sua opera\u00e7\u00e3o \u2014 e para voltar a ser rent\u00e1vel. <\/p>\n<p> &quot;A Marisa Lojas S.A (&#8230;) vem informar aos seus acionistas e ao mercado em geral a conclus\u00e3o, dentro do prazo previsto, das principais e mais desafiadoras a\u00e7\u00f5es desenhadas dentro plano de otimiza\u00e7\u00e3o operacional da companhia&quot;, informou a empresa em fato relevante.<\/p>\n<p> O plano inicial <a class href=\"https:\/\/g1.globo.com\/economia\/noticia\/2023\/05\/18\/marisa-anuncia-que-fechara-91-lojas.ghtml\">previa o fechamento de 92 lojas<\/a>. No comunicado desta segunda, no entanto, a varejista disse ter optado pelo encerramento de um n\u00famero menor de unidades &quot;visando a preserva\u00e7\u00e3o de pontos em que foram identificadas melhorias e que dever\u00e3o resultar em maior efici\u00eancia operacional&quot;. <\/p>\n<p> Segundo a companhia, o custo de R$ 44,5 milh\u00f5es para o fechamento das lojas ficou 16% abaixo do previsto inicialmente. <\/p>\n<p> Com isso, a empresa projeta uma potencial captura de Ebtida (Lucros antes de juros, impostos, deprecia\u00e7\u00e3o e amortiza\u00e7\u00e3o) de cerca de <strong>R$ 40 milh\u00f5es em 2023<\/strong> e de aproximadamente <strong>R$ 60 milh\u00f5es ao ano a partir de 2024<\/strong>. <\/p>\n<p>&quot;Para o parque [n\u00famero de lojas] atualizado de 246 unidades, que mant\u00eam a presen\u00e7a da companhia em todos os estados da federa\u00e7\u00e3o, o foco estar\u00e1 em maximizar a produtividade e resultado operacional, com suporte do bra\u00e7o digital e inova\u00e7\u00f5es no modelo operacional&quot;, informou.<\/p>\n<p> De acordo com a companhia, a primeira parte do processo de redu\u00e7\u00e3o de SG&amp;A (despesas de vendas, gerais e administrativas) foi conclu\u00eddo, &quot;viabilizando uma gera\u00e7\u00e3o extra de caixa de <strong>R$ 35 milh\u00f5es ao ano&quot;<\/strong>. <\/p>\n<p> &quot;Ao longo do segundo semestre ser\u00e3o otimizados os servi\u00e7os de terceiros e outras despesas, o que dever\u00e1 gerar uma economia adicional de pelo menos R$ 10 milh\u00f5es por ano&quot;, continuou a empresa. <\/p>\n<p> Segundo a Marisa, o processo de renegocia\u00e7\u00e3o de d\u00edvidas atingiu 90% do total de seus fornecedores e 97% do total de valores devidos aos seus parceiros de revenda. <\/p>\n<p><h2>O que levou a empresa \u00e0s dezenas de lojas fechadas?<\/h2>\n<\/p>\n<p> Essa n\u00e3o foi a primeira a\u00e7\u00e3o da companhia para tentar sair de uma crise financeira que h\u00e1 mais de 10 anos tem impactado seus resultados. <\/p>\n<p> S\u00f3 neste ano, por exemplo, a <a class href=\"https:\/\/g1.globo.com\/tudo-sobre\/lojas-marisa\/\">Lojas Marisa<\/a> enfrentou a <a class href=\"https:\/\/g1.globo.com\/economia\/noticia\/2023\/02\/08\/marisa-anuncia-renuncia-de-presidente.ghtml\">ren\u00fancia de cinco executivos da alta c\u00fapula da empresa<\/a>, contratou assessores externos e anunciou emiss\u00f5es de deb\u00eantures (t\u00edtulos de d\u00edvida) e a venda de direitos credit\u00f3rios (direitos aos cr\u00e9ditos que a companhia tem a receber). <\/p>\n<p> Al\u00e9m disso, a empresa j\u00e1 vinha mantendo esfor\u00e7os para renegociar prazos e d\u00edvidas com fornecedores, credores e propriet\u00e1rios de im\u00f3veis, reduzir seus investimentos em estoques de produtos e cortar suas despesas operacionais. <\/p>\n<ul>\n<li><a class href=\"https:\/\/g1.globo.com\/economia\/noticia\/2023\/05\/18\/marisa-anuncia-que-fechara-91-lojas.ghtml\">Marisa anuncia que fechar\u00e1 mais de 90 lojas em meio a reestrutura\u00e7\u00e3o financeira<\/a><\/li>\n<li><a class href=\"https:\/\/g1.globo.com\/economia\/noticia\/2023\/05\/18\/marisa-em-crise-entenda-o-que-levou-a-empresa-as-dezenas-de-lojas-fechadas-e-a-uma-divida-milionaria.ghtml\">Entenda o que levou a Marisa \u00e0s dezenas de lojas fechadas e a uma d\u00edvida milion\u00e1ria<\/a><\/li>\n<\/ul>\n<p><h2>Mas afinal, o que aconteceu com a varejista? <\/h2>\n<\/p>\n<p> A Marisa \u00e9 uma das maiores redes de moda feminina e lingerie do Brasil, mas desde o in\u00edcio da d\u00e9cada passada vive uma longa crise financeira. <\/p>\n<p> Com foco na classe m\u00e9dia \u2014 segundo a empresa, mais da metade de suas consumidoras possui renda entre R$ 3 mil e R$ 5 mil \u2014, a companhia apertou as margens para manter pre\u00e7os baixos e deixou de inovar.  <\/p>\n<p> Dali em diante, a Marisa teve que lidar com a redu\u00e7\u00e3o de qualidade dos produtos e a perda de poder de compra dessa fatia da popula\u00e7\u00e3o. As contas passaram a n\u00e3o bater, mas foi apenas em 2016 que a fam\u00edlia Goldfarb, fundadora da rede, deixou a gest\u00e3o da empresa para dar lugar a um executivo de mercado. <\/p>\n<p> Ainda assim, as recess\u00f5es de 2015 e 2016 somadas \u00e0 pandemia de Covid-19 apertaram as finan\u00e7as do p\u00fablico em geral e limitaram o avan\u00e7o de empresas varejistas. E com a Marisa n\u00e3o foi diferente: em 2020, a empresa registrou um <strong>preju\u00edzo l\u00edquido de mais de R$ 400 milh\u00f5es<\/strong>, seguido por outro preju\u00edzo de mais de <strong>R$ 70 milh\u00f5es em 2021 <\/strong>e outro de mais de <strong>R$ 200 milh\u00f5es em 2022<\/strong>. <\/p>\n<p> Em seu \u00faltimo resultado, divulgado no come\u00e7o desta semana, a empresa reportou um preju\u00edzo l\u00edquido de R$ 148,9 milh\u00f5es no primeiro trimestre deste ano, um aumento de 64,2% em rela\u00e7\u00e3o a igual per\u00edodo de 2022. <\/p>\n<p> Os resultados ruins e a demora em uma mudan\u00e7a nas perspectivas da empresa levaram as a\u00e7\u00f5es da Marisa <strong>da casa dos R$ 27 em 2013 para menos de R$ 1 nos dias de hoje.<\/strong> <\/p>\n<p><h2>Ajuda externa e capitaliza\u00e7\u00e3o<\/h2>\n<\/p>\n<p> Para tentar superar a crise, a companhia informou, em fevereiro, que contratou a BR Partners, em &quot;continuidade ao processo de otimiza\u00e7\u00e3o financeira e aprimoramento de sua estrutura de capital&quot;. Desde ent\u00e3o, o banco de investimentos tem assessorado a Marisa em seu processo de renegocia\u00e7\u00e3o de d\u00edvidas. <\/p>\n<p> A empresa tamb\u00e9m contratou a Galeazzi Associados na mesma \u00e9poca, para apoi\u00e1-la no aperfei\u00e7oamento de sua estrutura de custos. <\/p>\n<p> Em uma das \u00faltimas atualiza\u00e7\u00f5es sobre sua situa\u00e7\u00e3o financeira, a empresa informou que renegociou d\u00edvidas com 90% de seus fornecedores e 65% de propriet\u00e1rios de im\u00f3veis. Ainda assim, segundo relat\u00f3rio de resultados, a companhia ainda tinha uma d\u00edvida l\u00edquida de R$ 461 milh\u00f5es ao final do primeiro trimestre deste ano. <\/p>\n<p> Com informa\u00e7\u00f5es de Isabela Bolzani, do g1, em S\u00e3o Paulo. <\/p>\n<ul>\n<li> <a href=\"https:\/\/g1.globo.com\/tudo-sobre\/banco-central-do-brasil\/\" class=\"entities__list-itemLink\" data-track-click=\"Banco Central do Brasil\"> Banco Central do Brasil <\/a> <\/li>\n<li> <a href=\"https:\/\/g1.globo.com\/tudo-sobre\/lojas-marisa\/\" class=\"entities__list-itemLink\" data-track-click=\"Lojas Marisa\"> Lojas Marisa <\/a> <\/li>\n<\/ul>\n","protected":false},"excerpt":{"rendered":"<p>1 de 1&#013;Loja da Marisa na Avenida Paulista, em S\u00e3o Paulo \u2014 Foto: Divulga\u00e7\u00e3o Loja da Marisa na Avenida Paulista, em S\u00e3o Paulo \u2014 Foto: Divulga\u00e7\u00e3o A rede de varejo Marisa informou nesta segunda-feira (17) que concluiu seu plano de reestrutura\u00e7\u00e3o financeira com um total de 88 lojas fechadas. De acordo com a empresa, foram [&hellip;]<\/p>\n","protected":false},"author":1,"featured_media":0,"comment_status":"closed","ping_status":"closed","sticky":false,"template":"","format":"standard","meta":{"footnotes":""},"categories":[],"tags":[],"class_list":["post-50796","post","type-post","status-publish","format-standard","hentry"],"_links":{"self":[{"href":"https:\/\/blog.corretoraideal.com.br\/index.php\/wp-json\/wp\/v2\/posts\/50796","targetHints":{"allow":["GET"]}}],"collection":[{"href":"https:\/\/blog.corretoraideal.com.br\/index.php\/wp-json\/wp\/v2\/posts"}],"about":[{"href":"https:\/\/blog.corretoraideal.com.br\/index.php\/wp-json\/wp\/v2\/types\/post"}],"author":[{"embeddable":true,"href":"https:\/\/blog.corretoraideal.com.br\/index.php\/wp-json\/wp\/v2\/users\/1"}],"replies":[{"embeddable":true,"href":"https:\/\/blog.corretoraideal.com.br\/index.php\/wp-json\/wp\/v2\/comments?post=50796"}],"version-history":[{"count":1,"href":"https:\/\/blog.corretoraideal.com.br\/index.php\/wp-json\/wp\/v2\/posts\/50796\/revisions"}],"predecessor-version":[{"id":50798,"href":"https:\/\/blog.corretoraideal.com.br\/index.php\/wp-json\/wp\/v2\/posts\/50796\/revisions\/50798"}],"wp:attachment":[{"href":"https:\/\/blog.corretoraideal.com.br\/index.php\/wp-json\/wp\/v2\/media?parent=50796"}],"wp:term":[{"taxonomy":"category","embeddable":true,"href":"https:\/\/blog.corretoraideal.com.br\/index.php\/wp-json\/wp\/v2\/categories?post=50796"},{"taxonomy":"post_tag","embeddable":true,"href":"https:\/\/blog.corretoraideal.com.br\/index.php\/wp-json\/wp\/v2\/tags?post=50796"}],"curies":[{"name":"wp","href":"https:\/\/api.w.org\/{rel}","templated":true}]}}