{"id":50803,"date":"2023-07-18T08:29:50","date_gmt":"2023-07-18T08:29:50","guid":{"rendered":"https:\/\/blog.corretoraideal.com.br\/?p=50803"},"modified":"2023-07-18T08:29:50","modified_gmt":"2023-07-18T08:29:50","slug":"campos-rj-entrega-cartao-goitaca-a-mais-845-familias-nesta-terca-feira-norte-fluminense-g1","status":"publish","type":"post","link":"https:\/\/blog.corretoraideal.com.br\/index.php\/2023\/07\/18\/campos-rj-entrega-cartao-goitaca-a-mais-845-familias-nesta-terca-feira-norte-fluminense-g1\/","title":{"rendered":"Campos, RJ, entrega &#039;Cart\u00e3o Goitac\u00e1&#039; a mais 845 fam\u00edlias nesta ter\u00e7a-feira | Norte Fluminense | G1"},"content":{"rendered":"<p>      1 de 1&#013;Mais de 845 fam\u00edlias v\u00e3o receber o Cart\u00e3o Goitac\u00e1 nesta ter\u00e7a-feira (18) em Campos, RJ \u2014 Foto: Divulga\u00e7\u00e3o\/Prefeitura de Campos dos Goytacazes    <\/p>\n<p> Mais de 845 fam\u00edlias v\u00e3o receber o Cart\u00e3o Goitac\u00e1 nesta ter\u00e7a-feira (18) em Campos, RJ \u2014 Foto: Divulga\u00e7\u00e3o\/Prefeitura de Campos dos Goytacazes <\/p>\n<p> Nesta ter\u00e7a-feira (18), a Prefeitura de <a class href=\"https:\/\/g1.globo.com\/rj\/norte-fluminense\/cidade\/campos-dos-goytacazes\/\">Campos dos Goytacazes<\/a>, no Norte Fluminense, vai realizar mais uma entrega do programa &quot;Cart\u00e3o Goitac\u00e1&quot; a novos benefici\u00e1rios. O evento vai acontecer na Vila Ol\u00edmpica Lulu Beda, no Jardim Carioca, a partir das 09h. <\/p>\n<p> Segundo a prefeitura, ser\u00e3o inseridas no programa de transfer\u00eancia de renda mais 845 fam\u00edlias, que receber\u00e3o o valor mensal de R$ 200. <\/p>\n<p> O &quot;Cart\u00e3o Goitac\u00e1&quot; \u00e9 um programa criado em 2022 e tem como objetivo proporcionar aux\u00edlio financeiro \u00e0s fam\u00edlias em situa\u00e7\u00e3o de vulnerabilidade social. De acordo com o munic\u00edpio, at\u00e9 o momento, quase 14 mil fam\u00edlias j\u00e1 foram beneficiadas pelo programa, e a meta \u00e9 alcan\u00e7ar 20 mil fam\u00edlias at\u00e9 o final deste ano. <\/p>\n<p> A sele\u00e7\u00e3o dos benefici\u00e1rios \u00e9 feita por meio de an\u00e1lise socioecon\u00f4mica realizada pelas equipes da Secretaria Municipal de Desenvolvimento Humano e Social, que utilizam dados do Cadastro \u00danico para Programas Sociais (Cad\u00danico). <\/p>\n<p> Segundo o secret\u00e1rio Rodrigo Carvalho, o programa \u00e9 uma forma de garantir a seguran\u00e7a alimentar destas fam\u00edlias. <\/p>\n<p> \u201cNo in\u00edcio do governo, a gente encontrou pessoas que estavam h\u00e1 meses sem comer carne, por exemplo. Com a ideia de governo do prefeito Wladimir Garotinho, que \u00e9 cuidar de pessoas, o Cart\u00e3o Goitac\u00e1 foi criado para promover a diminui\u00e7\u00e3o da desigualdade social e garantir a seguran\u00e7a alimentar dessas pessoas\u201d, disse o secret\u00e1rio. <\/p>\n<p> Ainda segundo a prefeitura, as fam\u00edlias benefici\u00e1rias devem ser referenciadas no Centro de Refer\u00eancia Especializado de Assist\u00eancia Social (CREAS) e no Centro de Refer\u00eancia de Assist\u00eancia Social (CRAS). <\/p>\n<p> Os benefici\u00e1rios devem estar, preferencialmente, em acompanhamento familiar pelo Servi\u00e7o de Prote\u00e7\u00e3o e Atendimento Integral \u00e0 Fam\u00edlia (PAIF) ou Servi\u00e7o de Prote\u00e7\u00e3o e Atendimento Especializado \u00e0 Fam\u00edlia e Indiv\u00edduos (PAEFI). <\/p>\n<p> S\u00e3o priorizadas fam\u00edlias numerosas, aquelas que possuem idosos e pessoas com defici\u00eancia sem fonte de renda e sustento, pessoas e fam\u00edlias v\u00edtimas de calamidades e emerg\u00eancias, mulheres chefes de fam\u00edlia e seus filhos, mulheres em situa\u00e7\u00e3o de viol\u00eancia, al\u00e9m de jovens que sa\u00edram de acolhimentos institucionais. <\/p>\n<ul>\n<li> <a href=\"https:\/\/g1.globo.com\/rj\/norte-fluminense\/cidade\/campos-dos-goytacazes\/\" class=\"entities__list-itemLink\" data-track-click=\"Campos dos Goytacazes\"> Campos dos Goytacazes <\/a> <\/li>\n<\/ul>\n","protected":false},"excerpt":{"rendered":"<p>1 de 1&#013;Mais de 845 fam\u00edlias v\u00e3o receber o Cart\u00e3o Goitac\u00e1 nesta ter\u00e7a-feira (18) em Campos, RJ \u2014 Foto: Divulga\u00e7\u00e3o\/Prefeitura de Campos dos Goytacazes Mais de 845 fam\u00edlias v\u00e3o receber o Cart\u00e3o Goitac\u00e1 nesta ter\u00e7a-feira (18) em Campos, RJ \u2014 Foto: Divulga\u00e7\u00e3o\/Prefeitura de Campos dos Goytacazes Nesta ter\u00e7a-feira (18), a Prefeitura de Campos dos Goytacazes, [&hellip;]<\/p>\n","protected":false},"author":1,"featured_media":0,"comment_status":"closed","ping_status":"closed","sticky":false,"template":"","format":"standard","meta":{"footnotes":""},"categories":[],"tags":[],"class_list":["post-50803","post","type-post","status-publish","format-standard","hentry"],"_links":{"self":[{"href":"https:\/\/blog.corretoraideal.com.br\/index.php\/wp-json\/wp\/v2\/posts\/50803","targetHints":{"allow":["GET"]}}],"collection":[{"href":"https:\/\/blog.corretoraideal.com.br\/index.php\/wp-json\/wp\/v2\/posts"}],"about":[{"href":"https:\/\/blog.corretoraideal.com.br\/index.php\/wp-json\/wp\/v2\/types\/post"}],"author":[{"embeddable":true,"href":"https:\/\/blog.corretoraideal.com.br\/index.php\/wp-json\/wp\/v2\/users\/1"}],"replies":[{"embeddable":true,"href":"https:\/\/blog.corretoraideal.com.br\/index.php\/wp-json\/wp\/v2\/comments?post=50803"}],"version-history":[{"count":1,"href":"https:\/\/blog.corretoraideal.com.br\/index.php\/wp-json\/wp\/v2\/posts\/50803\/revisions"}],"predecessor-version":[{"id":50805,"href":"https:\/\/blog.corretoraideal.com.br\/index.php\/wp-json\/wp\/v2\/posts\/50803\/revisions\/50805"}],"wp:attachment":[{"href":"https:\/\/blog.corretoraideal.com.br\/index.php\/wp-json\/wp\/v2\/media?parent=50803"}],"wp:term":[{"taxonomy":"category","embeddable":true,"href":"https:\/\/blog.corretoraideal.com.br\/index.php\/wp-json\/wp\/v2\/categories?post=50803"},{"taxonomy":"post_tag","embeddable":true,"href":"https:\/\/blog.corretoraideal.com.br\/index.php\/wp-json\/wp\/v2\/tags?post=50803"}],"curies":[{"name":"wp","href":"https:\/\/api.w.org\/{rel}","templated":true}]}}