{"id":50816,"date":"2023-07-18T15:32:55","date_gmt":"2023-07-18T15:32:55","guid":{"rendered":"https:\/\/blog.corretoraideal.com.br\/?p=50816"},"modified":"2023-07-18T15:32:55","modified_gmt":"2023-07-18T15:32:55","slug":"caso-moraes-pf-tambem-quer-imagens-das-cameras-de-empresas-que-atuam-no-aeroporto-de-roma-diz-diretor-blog-ana-flor-g1","status":"publish","type":"post","link":"https:\/\/blog.corretoraideal.com.br\/index.php\/2023\/07\/18\/caso-moraes-pf-tambem-quer-imagens-das-cameras-de-empresas-que-atuam-no-aeroporto-de-roma-diz-diretor-blog-ana-flor-g1\/","title":{"rendered":"Caso Moraes: PF tamb\u00e9m quer imagens das c\u00e2meras de empresas que atuam no aeroporto de Roma, diz diretor | Blog Ana Flor | G1"},"content":{"rendered":"<p>      1 de 1&#013;O diretor-geral da PF, Andrei Rodrigues \u2014 Foto: Amanda Perobelli\/Reuters    <\/p>\n<p> O diretor-geral da PF, Andrei Rodrigues \u2014 Foto: Amanda Perobelli\/Reuters <\/p>\n<p> A <a class href=\"https:\/\/g1.globo.com\/tudo-sobre\/policia-federal\/\">Pol\u00edcia Federal<\/a> j\u00e1 adotou procedimentos para receber imagens tanto das c\u00e2meras do operador do aeroporto de Roma quanto grava\u00e7\u00f5es feitas por empresas privadas que atuam dentro do terminal \u2013 onde o ministro <a class href=\"https:\/\/g1.globo.com\/tudo-sobre\/alexandre-de-moraes\/\">Alexandre de Moraes<\/a>, do Supremo Tribunal Federal (<a class href=\"https:\/\/g1.globo.com\/tudo-sobre\/supremo-tribunal-federal\/\">STF<\/a>), e familiares foram hostilizados na \u00faltima sexta-feira (14). <\/p>\n<p> O diretor-geral da PF, Andrei Rodrigues, afirmou ao blog nesta ter\u00e7a-feira (18) que a corpora\u00e7\u00e3o fez, entre domingo (16) e segunda (17), pedidos \u00e0s autoridades italianas de coopera\u00e7\u00e3o policial e jur\u00eddica. <\/p>\n<p> Segundo Rodrigues, representantes da PF na <a class href=\"https:\/\/g1.globo.com\/tudo-sobre\/italia\/\">It\u00e1lia<\/a> estiveram no aeroporto neste domingo para identificar as c\u00e2meras que podem ter registrado imagens da confus\u00e3o e, posteriormente, solicitar a preserva\u00e7\u00e3o das grava\u00e7\u00f5es. <\/p>\n<p> &quot;A pol\u00edcia est\u00e1 adotando os procedimentos pr\u00f3prios para obter as imagens das empresas privadas tamb\u00e9m&quot;, afirmou o diretor-geral. <\/p>\n<p> \u201cO recebimento efetivo das grava\u00e7\u00f5es depende agora da tramita\u00e7\u00e3o do pedido de coopera\u00e7\u00e3o jur\u00eddica na It\u00e1lia\u201d, completou Andrei Rodrigues. <\/p>\n<p> Ainda segundo o diretor-geral da PF, o adido (representante do \u00f3rg\u00e3o) na It\u00e1lia atuar\u00e1 em conjunto com a embaixada do Brasil em Roma para tentar acelerar a tramita\u00e7\u00e3o dos pedidos de imagens junto \u00e0 autoridade central italiana. <\/p>\n<p>                   <img loading=\"lazy\" decoding=\"async\" class=\"aligncenter size-full wp-image-50818\" src=\"https:\/\/blog.corretoraideal.com.br\/wp-content\/uploads\/2023\/07\/o-que-se-sabe-sobre-o-caso-de-agressao-ao-filho-de-moraes.jpeg\" alt=\"O que se sabe sobre o caso de agress\u00e3o ao filho de Moraes\" width=\"800\" height=\"400\" \/>      <\/p>\n<p> O que se sabe sobre o caso de agress\u00e3o ao filho de Moraes <\/p>\n<p><h2>LEIA MAIS:<\/h2>\n<\/p>\n<ul>\n<li><a class href=\"https:\/\/g1.globo.com\/sp\/piracicaba-regiao\/noticia\/2023\/07\/18\/interpol-recebe-imagens-de-relato-de-agressao-contra-filho-de-alexandre-de-moraes.ghtml\">Interpol recebe imagens de poss\u00edvel agress\u00e3o contra filho de Alexandre de Moraes<\/a><\/li>\n<li><a class href=\"https:\/\/g1.globo.com\/sp\/piracicaba-regiao\/noticia\/2023\/07\/18\/casal-admite-empurrao-para-afastar-filho-de-alexandre-de-moraes-mas-nega-agressao-diz-defesa.ghtml\">Casal admite empurr\u00e3o para &#x27;afastar&#x27; filho de Alexandre de Moraes, mas nega agress\u00e3o<\/a><\/li>\n<li><a class href=\"https:\/\/g1.globo.com\/sp\/piracicaba-regiao\/noticia\/2023\/07\/17\/agressao-ao-filho-de-moraes-quem-sao-os-suspeitos-o-que-eles-dizem-e-em-que-pe-esta-a-investigacao.ghtml\">Quem s\u00e3o os suspeitos de agredir Moraes e familiares em Roma<\/a><\/li>\n<\/ul>\n<ul>\n<li> <a href=\"https:\/\/g1.globo.com\/tudo-sobre\/alexandre-de-moraes\/\" class=\"entities__list-itemLink\" data-track-click=\"Alexandre de Moraes\"> Alexandre de Moraes <\/a> <\/li>\n<li> <a href=\"https:\/\/g1.globo.com\/tudo-sobre\/italia\/\" class=\"entities__list-itemLink\" data-track-click=\"It\u00e1lia\"> It\u00e1lia <\/a> <\/li>\n<li> <a href=\"https:\/\/g1.globo.com\/tudo-sobre\/policia-federal\/\" class=\"entities__list-itemLink\" data-track-click=\"Pol\u00edcia Federal\"> Pol\u00edcia Federal <\/a> <\/li>\n<li> <a href=\"https:\/\/g1.globo.com\/tudo-sobre\/supremo-tribunal-federal\/\" class=\"entities__list-itemLink\" data-track-click=\"STF - Supremo Tribunal Federal\"> STF &#8211; Supremo Tribunal Federal <\/a> <\/li>\n<\/ul>\n","protected":false},"excerpt":{"rendered":"<p>1 de 1&#013;O diretor-geral da PF, Andrei Rodrigues \u2014 Foto: Amanda Perobelli\/Reuters O diretor-geral da PF, Andrei Rodrigues \u2014 Foto: Amanda Perobelli\/Reuters A Pol\u00edcia Federal j\u00e1 adotou procedimentos para receber imagens tanto das c\u00e2meras do operador do aeroporto de Roma quanto grava\u00e7\u00f5es feitas por empresas privadas que atuam dentro do terminal \u2013 onde o ministro [&hellip;]<\/p>\n","protected":false},"author":1,"featured_media":0,"comment_status":"closed","ping_status":"closed","sticky":false,"template":"","format":"standard","meta":{"footnotes":""},"categories":[],"tags":[],"class_list":["post-50816","post","type-post","status-publish","format-standard","hentry"],"_links":{"self":[{"href":"https:\/\/blog.corretoraideal.com.br\/index.php\/wp-json\/wp\/v2\/posts\/50816","targetHints":{"allow":["GET"]}}],"collection":[{"href":"https:\/\/blog.corretoraideal.com.br\/index.php\/wp-json\/wp\/v2\/posts"}],"about":[{"href":"https:\/\/blog.corretoraideal.com.br\/index.php\/wp-json\/wp\/v2\/types\/post"}],"author":[{"embeddable":true,"href":"https:\/\/blog.corretoraideal.com.br\/index.php\/wp-json\/wp\/v2\/users\/1"}],"replies":[{"embeddable":true,"href":"https:\/\/blog.corretoraideal.com.br\/index.php\/wp-json\/wp\/v2\/comments?post=50816"}],"version-history":[{"count":1,"href":"https:\/\/blog.corretoraideal.com.br\/index.php\/wp-json\/wp\/v2\/posts\/50816\/revisions"}],"predecessor-version":[{"id":50819,"href":"https:\/\/blog.corretoraideal.com.br\/index.php\/wp-json\/wp\/v2\/posts\/50816\/revisions\/50819"}],"wp:attachment":[{"href":"https:\/\/blog.corretoraideal.com.br\/index.php\/wp-json\/wp\/v2\/media?parent=50816"}],"wp:term":[{"taxonomy":"category","embeddable":true,"href":"https:\/\/blog.corretoraideal.com.br\/index.php\/wp-json\/wp\/v2\/categories?post=50816"},{"taxonomy":"post_tag","embeddable":true,"href":"https:\/\/blog.corretoraideal.com.br\/index.php\/wp-json\/wp\/v2\/tags?post=50816"}],"curies":[{"name":"wp","href":"https:\/\/api.w.org\/{rel}","templated":true}]}}