{"id":50826,"date":"2023-07-18T18:31:47","date_gmt":"2023-07-18T18:31:47","guid":{"rendered":"https:\/\/blog.corretoraideal.com.br\/?p=50826"},"modified":"2023-07-18T18:31:47","modified_gmt":"2023-07-18T18:31:47","slug":"unidade-basica-de-saude-de-cambaiba-e-reaberta-nesta-terca-em-campos-norte-fluminense-g1","status":"publish","type":"post","link":"https:\/\/blog.corretoraideal.com.br\/index.php\/2023\/07\/18\/unidade-basica-de-saude-de-cambaiba-e-reaberta-nesta-terca-em-campos-norte-fluminense-g1\/","title":{"rendered":"Unidade B\u00e1sica de Sa\u00fade de Camba\u00edba \u00e9 reaberta nesta ter\u00e7a em Campos | Norte Fluminense | G1"},"content":{"rendered":"<p>      1 de 1&#013;A Unidade B\u00e1sica de Sa\u00fade de Camba\u00edba passou por obras do programa &#039;Amigos da Cidade&#039;, que ocorre por meio de parceria p\u00fablico-privada \u2014 Foto: C\u00e9sar Ferreira\/g1    <\/p>\n<p> A Unidade B\u00e1sica de Sa\u00fade de Camba\u00edba passou por obras do programa &#039;Amigos da Cidade&#039;, que ocorre por meio de parceria p\u00fablico-privada \u2014 Foto: C\u00e9sar Ferreira\/g1 <\/p>\n<p> A Unidade B\u00e1sica de Sa\u00fade (UBS) de Camba\u00edba ser\u00e1 reaberta \u00e0s 18h desta ter\u00e7a-feira (18) em <a class href=\"https:\/\/g1.globo.com\/rj\/norte-fluminense\/cidade\/campos-dos-goytacazes\/\">Campos dos Goytacazes<\/a>, no Norte Fluminense. <\/p>\n<p> A unidade, que fica na Estrada de Camba\u00edba, pr\u00f3ximo a Martins Laje, passou por obras por meio de parceria p\u00fablico-privada do programa &quot;Amigos da Cidade&quot;. <\/p>\n<p> A parte el\u00e9trica, hidr\u00e1ulica e o telhado passaram por revis\u00e3o. O local ainda recebeu pintura nova, mob\u00edlia e equipamentos para adequa\u00e7\u00e3o ao padr\u00e3o das novas UBSs do munic\u00edpio, conforme explicou o subsecret\u00e1rio de Infraestrutura e Opera\u00e7\u00f5es da Secretaria Municipal de Sa\u00fade, Genil Alves. <\/p>\n<p> A Prefeitura explicou que a UBS de Camba\u00edba foi uma das 46 unidades fechadas pelo governo anterior e que h\u00e1 um trabalho para a reabertura destes postos. &quot;J\u00e1 s\u00e3o mais de 25 unidades reabertas e reinauguradas&quot;, disse o munic\u00edpio. <\/p>\n<p> Neste ano foram tr\u00eas unidades inauguradas: a UBS do Parque Visconde do Rio Branco, em Guarus, no dia 27 de mar\u00e7o; a Policl\u00ednica de Baixa Grande, que passou a ocupar o pr\u00e9dio que abrigou a UBS da localidade, 28 de mar\u00e7o; al\u00e9m da reabertura da Unidade B\u00e1sica de Sa\u00fade da Fam\u00edlia (UBSF) Turf Club, no dia 4 de maio. <\/p>\n<p> As demais unidades reabertas foram: UBSF S\u00e3o Sebasti\u00e3o, UBSF Lagoa de Cima, UBSF Santa Rosa, UBSF Dores de Macabu, UBSF Vila Nova, UBSF Jamil \u00c1bido, UBSF Carv\u00e3o, UBSF Eldorado, UBSF Parque Aurora, UBS S\u00e3o Martinho, UBS Campelo, UBSF Pernambuca, UBSF Lagamar\/Farol de S\u00e3o Tom\u00e9, UBSF Tr\u00eas Vendas, UBS Palmares, UBS Quilombo, UBS Baleeira e UBS Maria Selma, na comunidade Tira Gosto. A UBSF do Eldorado, Farol e Baleeira n\u00e3o chegaram a ser fechadas e, por isso, foram reinauguradas ap\u00f3s reforma. <\/p>\n<p> &quot;Ap\u00f3s o fortalecimento da Rede de Urg\u00eancia e Emerg\u00eancia, o munic\u00edpio vem trabalhando para que haja resolutividade na ponta, melhorando, por exemplo, a assist\u00eancia aos hipertensos, diab\u00e9ticos e \u00e0s gestantes&quot;, afirmou o o secret\u00e1rio de Sa\u00fade, Paulo Hirano. <\/p>\n<ul>\n<li> <a href=\"https:\/\/g1.globo.com\/rj\/norte-fluminense\/cidade\/campos-dos-goytacazes\/\" class=\"entities__list-itemLink\" data-track-click=\"Campos dos Goytacazes\"> Campos dos Goytacazes <\/a> <\/li>\n<\/ul>\n","protected":false},"excerpt":{"rendered":"<p>1 de 1&#013;A Unidade B\u00e1sica de Sa\u00fade de Camba\u00edba passou por obras do programa &#039;Amigos da Cidade&#039;, que ocorre por meio de parceria p\u00fablico-privada \u2014 Foto: C\u00e9sar Ferreira\/g1 A Unidade B\u00e1sica de Sa\u00fade de Camba\u00edba passou por obras do programa &#039;Amigos da Cidade&#039;, que ocorre por meio de parceria p\u00fablico-privada \u2014 Foto: C\u00e9sar Ferreira\/g1 A [&hellip;]<\/p>\n","protected":false},"author":1,"featured_media":0,"comment_status":"closed","ping_status":"closed","sticky":false,"template":"","format":"standard","meta":{"footnotes":""},"categories":[],"tags":[],"class_list":["post-50826","post","type-post","status-publish","format-standard","hentry"],"_links":{"self":[{"href":"https:\/\/blog.corretoraideal.com.br\/index.php\/wp-json\/wp\/v2\/posts\/50826","targetHints":{"allow":["GET"]}}],"collection":[{"href":"https:\/\/blog.corretoraideal.com.br\/index.php\/wp-json\/wp\/v2\/posts"}],"about":[{"href":"https:\/\/blog.corretoraideal.com.br\/index.php\/wp-json\/wp\/v2\/types\/post"}],"author":[{"embeddable":true,"href":"https:\/\/blog.corretoraideal.com.br\/index.php\/wp-json\/wp\/v2\/users\/1"}],"replies":[{"embeddable":true,"href":"https:\/\/blog.corretoraideal.com.br\/index.php\/wp-json\/wp\/v2\/comments?post=50826"}],"version-history":[{"count":1,"href":"https:\/\/blog.corretoraideal.com.br\/index.php\/wp-json\/wp\/v2\/posts\/50826\/revisions"}],"predecessor-version":[{"id":50828,"href":"https:\/\/blog.corretoraideal.com.br\/index.php\/wp-json\/wp\/v2\/posts\/50826\/revisions\/50828"}],"wp:attachment":[{"href":"https:\/\/blog.corretoraideal.com.br\/index.php\/wp-json\/wp\/v2\/media?parent=50826"}],"wp:term":[{"taxonomy":"category","embeddable":true,"href":"https:\/\/blog.corretoraideal.com.br\/index.php\/wp-json\/wp\/v2\/categories?post=50826"},{"taxonomy":"post_tag","embeddable":true,"href":"https:\/\/blog.corretoraideal.com.br\/index.php\/wp-json\/wp\/v2\/tags?post=50826"}],"curies":[{"name":"wp","href":"https:\/\/api.w.org\/{rel}","templated":true}]}}