{"id":50837,"date":"2023-07-18T23:29:36","date_gmt":"2023-07-18T23:29:36","guid":{"rendered":"https:\/\/blog.corretoraideal.com.br\/?p=50837"},"modified":"2023-07-18T23:29:36","modified_gmt":"2023-07-18T23:29:36","slug":"br-101-tem-mudanca-na-sinalizacao-com-implantacao-de-novo-canteiro-de-obras-em-trecho-urbano-de-campos-norte-fluminense-g1","status":"publish","type":"post","link":"https:\/\/blog.corretoraideal.com.br\/index.php\/2023\/07\/18\/br-101-tem-mudanca-na-sinalizacao-com-implantacao-de-novo-canteiro-de-obras-em-trecho-urbano-de-campos-norte-fluminense-g1\/","title":{"rendered":"BR-101 tem mudan\u00e7a na sinaliza\u00e7\u00e3o com implanta\u00e7\u00e3o de novo canteiro de obras em trecho urbano de Campos | Norte Fluminense | G1"},"content":{"rendered":"<p>      1 de 1&#013;Mudan\u00e7a prev\u00ea o remanejamento dos acessos \u00e0 rodovia na regi\u00e3o do Parque Rodovi\u00e1rio, em Campos, para o trevo existente nas proximidades do shopping da localidade \u2014 Foto: Arteris Fluminense\/Divulga\u00e7\u00e3o    <\/p>\n<p> Mudan\u00e7a prev\u00ea o remanejamento dos acessos \u00e0 rodovia na regi\u00e3o do Parque Rodovi\u00e1rio, em Campos, para o trevo existente nas proximidades do shopping da localidade \u2014 Foto: Arteris Fluminense\/Divulga\u00e7\u00e3o <\/p>\n<p> A concession\u00e1ria que administra a BR-101, Arteris Fluminense, divulgou que nesta ter\u00e7a-feira (18) ser\u00e1 implantado um novo canteiro de obras na regi\u00e3o entre os quil\u00f4metros 65 e 66 da rodovia, \u00e0s margens da pista sentido Niter\u00f3i, do Parque Rodovi\u00e1rio, com a coloca\u00e7\u00e3o das barreiras de prote\u00e7\u00e3o necess\u00e1rias para seguran\u00e7a de motoristas e trabalhadores. <\/p>\n<p> A previs\u00e3o \u00e9 de que os trabalhos comecem a partir das 20h e ocorram no per\u00edodo noturno. <\/p>\n<p> A a\u00e7\u00e3o faz parte de mais uma etapa do cronograma de obras de amplia\u00e7\u00e3o e melhorias no trecho urbano da rodovia em <a class href=\"https:\/\/g1.globo.com\/rj\/norte-fluminense\/cidade\/campos-dos-goytacazes\/\">Campos dos Goytacazes<\/a>, que at\u00e9 o momento contabiliza a marca de 36% de execu\u00e7\u00e3o. <\/p>\n<p> A via permanecer\u00e1 funcionando em m\u00e3o dupla, com uma faixa de rolamento em cada sentido, mas os motoristas dever\u00e3o ficar atentos \u00e0s mudan\u00e7as. <\/p>\n<p> Com essa nova movimenta\u00e7\u00e3o de obra na regi\u00e3o, a concession\u00e1ria informa que ser\u00e1 necess\u00e1rio o fechamento dos acessos \u00e0 rodovia na regi\u00e3o do condom\u00ednio Recanto das Palmeiras, que ser\u00e3o remanejados para o trevo existente nas proximidades do Shopping Boulevard, na altura do km 65, com o deslocamento do tr\u00e1fego local feito pela via marginal em m\u00e3o dupla. <\/p>\n<p> \u201cAl\u00e9m da amplia\u00e7\u00e3o deste segmento da rodovia, todo o trecho vai passar por melhorias e adequa\u00e7\u00f5es dos acessos visando a ordena\u00e7\u00e3o do tr\u00e1fego local \u00e0 rodovia e a elimina\u00e7\u00e3o dos conflitos com o tr\u00e1fego de longa dist\u00e2ncia, para maior seguran\u00e7a e fluidez ao trecho\u201d, explica Alisson Freire, Diretor Superintendente da Arteris Fluminense. <\/p>\n<p><h2>Mudan\u00e7as no tr\u00e2nsito<\/h2>\n<\/p>\n<p> O tr\u00e2nsito na rodovia neste segmento tamb\u00e9m sofrer\u00e1 altera\u00e7\u00f5es: o sentido Niter\u00f3i ser\u00e1 remanejado para a pista contr\u00e1ria; o sentido Esp\u00edrito Santo ser\u00e1 remanejado para a pista rec\u00e9m-constru\u00edda neste segmento. Al\u00e9m da sinaliza\u00e7\u00e3o horizontal (pintura de faixas) e vertical (placas), a concession\u00e1ria vai instalar balizadores flex\u00edveis ao longo deste segmento. <\/p>\n<p> A orienta\u00e7\u00e3o da concession\u00e1ria para os usu\u00e1rios \u00e9 de respeitar a sinaliza\u00e7\u00e3o, reduzir a velocidade ao se aproximar do trecho, manter a dist\u00e2ncia de seguran\u00e7a do ve\u00edculo \u00e0 frente e n\u00e3o parar sobre a pista para observar as equipes em servi\u00e7o, pois essa atitude causa reten\u00e7\u00e3o no tr\u00e1fego e aumenta o risco de acidentes, principalmente de colis\u00e3o traseira. <\/p>\n<p> Ainda vai ser atualizado o cronograma de interven\u00e7\u00f5es conforme o andamento dos trabalhos. <\/p>\n<p> As condi\u00e7\u00f5es de tr\u00e1fego em todo o trecho administrado pela Arteris Fluminense podem ser acompanhadas em tempo real pelo Twitter da Arteris. Para informa\u00e7\u00f5es ou solicita\u00e7\u00f5es de servi\u00e7os, o motorista pode ligar para 0800 282 0101, que funciona 24 horas por dia. <\/p>\n<ul>\n<li> <a href=\"https:\/\/g1.globo.com\/rj\/norte-fluminense\/cidade\/campos-dos-goytacazes\/\" class=\"entities__list-itemLink\" data-track-click=\"Campos dos Goytacazes\"> Campos dos Goytacazes <\/a> <\/li>\n<\/ul>\n","protected":false},"excerpt":{"rendered":"<p>1 de 1&#013;Mudan\u00e7a prev\u00ea o remanejamento dos acessos \u00e0 rodovia na regi\u00e3o do Parque Rodovi\u00e1rio, em Campos, para o trevo existente nas proximidades do shopping da localidade \u2014 Foto: Arteris Fluminense\/Divulga\u00e7\u00e3o Mudan\u00e7a prev\u00ea o remanejamento dos acessos \u00e0 rodovia na regi\u00e3o do Parque Rodovi\u00e1rio, em Campos, para o trevo existente nas proximidades do shopping da [&hellip;]<\/p>\n","protected":false},"author":1,"featured_media":0,"comment_status":"closed","ping_status":"closed","sticky":false,"template":"","format":"standard","meta":{"footnotes":""},"categories":[],"tags":[],"class_list":["post-50837","post","type-post","status-publish","format-standard","hentry"],"_links":{"self":[{"href":"https:\/\/blog.corretoraideal.com.br\/index.php\/wp-json\/wp\/v2\/posts\/50837","targetHints":{"allow":["GET"]}}],"collection":[{"href":"https:\/\/blog.corretoraideal.com.br\/index.php\/wp-json\/wp\/v2\/posts"}],"about":[{"href":"https:\/\/blog.corretoraideal.com.br\/index.php\/wp-json\/wp\/v2\/types\/post"}],"author":[{"embeddable":true,"href":"https:\/\/blog.corretoraideal.com.br\/index.php\/wp-json\/wp\/v2\/users\/1"}],"replies":[{"embeddable":true,"href":"https:\/\/blog.corretoraideal.com.br\/index.php\/wp-json\/wp\/v2\/comments?post=50837"}],"version-history":[{"count":1,"href":"https:\/\/blog.corretoraideal.com.br\/index.php\/wp-json\/wp\/v2\/posts\/50837\/revisions"}],"predecessor-version":[{"id":50839,"href":"https:\/\/blog.corretoraideal.com.br\/index.php\/wp-json\/wp\/v2\/posts\/50837\/revisions\/50839"}],"wp:attachment":[{"href":"https:\/\/blog.corretoraideal.com.br\/index.php\/wp-json\/wp\/v2\/media?parent=50837"}],"wp:term":[{"taxonomy":"category","embeddable":true,"href":"https:\/\/blog.corretoraideal.com.br\/index.php\/wp-json\/wp\/v2\/categories?post=50837"},{"taxonomy":"post_tag","embeddable":true,"href":"https:\/\/blog.corretoraideal.com.br\/index.php\/wp-json\/wp\/v2\/tags?post=50837"}],"curies":[{"name":"wp","href":"https:\/\/api.w.org\/{rel}","templated":true}]}}