{"id":50844,"date":"2023-07-19T02:30:06","date_gmt":"2023-07-19T02:30:06","guid":{"rendered":"https:\/\/blog.corretoraideal.com.br\/?p=50844"},"modified":"2023-07-19T02:30:06","modified_gmt":"2023-07-19T02:30:06","slug":"inteligencia-artificial-e-instrumento-de-criatividade-no-festival-internacional-de-linguagem-eletronica-em-sp-jornal-nacional-g1","status":"publish","type":"post","link":"https:\/\/blog.corretoraideal.com.br\/index.php\/2023\/07\/19\/inteligencia-artificial-e-instrumento-de-criatividade-no-festival-internacional-de-linguagem-eletronica-em-sp-jornal-nacional-g1\/","title":{"rendered":"Intelig\u00eancia artificial \u00e9 instrumento de criatividade no Festival Internacional de Linguagem Eletr\u00f4nica, em SP | Jornal Nacional | G1"},"content":{"rendered":"\n<p> A <strong>intelig\u00eancia artificial<\/strong> \u00e9 instrumento para a criatividade no <strong>Festival Internacional de Linguagem Eletr\u00f4nica<\/strong>, em S\u00e3o Paulo. <\/p>\n<p> O homem desperta a m\u00e1quina. Ao mesmo tempo em que \u00e9 desafiado por ela. <\/p>\n<p>\u201cNo \u00e2mbito da arte, da est\u00e9tica, a gente entende que a intelig\u00eancia artificial, ela vem corroborar a criatividade humana para criar novas formas e n\u00e3o para domin\u00e1-la, n\u00e9\u201d, diz a organizadora da exposi\u00e7\u00e3o e cofundadora do FILE, Paula Perissinotto.<\/p>\n<p> Parece que quanto mais os computadores avan\u00e7am, mais precisamos do que \u00e9 essencialmente humano para dar sentido ao mundo. E a arte provoca. <\/p>\n<p> <strong>Jornal Nacional:<\/strong> O que a senhora achou?<strong>Valde\u00ed Dias dos Santos, auxiliar de limpeza:<\/strong> Achei estranho. Falei: \u2018mas meu olho \u00e9 t\u00e3o grande assim? N\u00e3o \u00e9 poss\u00edvel\u2019. <\/p>\n<p> A ideia de escanear a \u00edris do olho faz nascer novas imagens do universo. <\/p>\n<p> \u201cAquele neg\u00f3cio ali trouxe uma expans\u00e3o enorme. E a tecnologia \u00e9 isso\u201d, diz a cabeleireira Ivani Santos Silva. <\/p>\n<p> A exposi\u00e7\u00e3o convida a fugir da realidade. E a fazer arte sem ser artista. <\/p>\n<p> \u201cEu fiz uma bola, um tri\u00e2ngulo e tamb\u00e9m fiz uma bolinha muito pequena\u201d, diz o Marcos Ravi Machado Pinto, de 5 anos. <\/p>\n<p>\u201cNormalmente voc\u00ea vai no museu e v\u00ea. Agora aqui voc\u00ea constr\u00f3i a sua pr\u00f3pria obra\u201d, diz o professor Diego Leon. <\/p>\n<p> \u00c9 essa rela\u00e7\u00e3o entre a nossa intelig\u00eancia e a artificial que inspirou centenas de artistas brasileiros e de outros 38 pa\u00edses. <\/p>\n<p> <strong>Uma das experi\u00eancias que mais t\u00eam feito sucesso por l\u00e1 \u00e9 quando a pessoa se coloca na frente de duas c\u00e2meras, que captam a imagem. <\/strong>A tecnologia coloca o rosto em um outro corpo. E quando a rep\u00f3rter entra nesse mundo virtual, j\u00e1 com uma roupa diferente, vira espectadora, mas tamb\u00e9m passa a fazer parte da obra de arte. Ganha a companhia de outras pessoas. <\/p>\n<p> Essa conviv\u00eancia traz momentos de harmonia e outros, nem tanto. E n\u00e3o \u00e9 bem assim que os humanos vivem aqui fora? <\/p>\n<p> \u201cVoc\u00ea entra dentro do programa. E isso n\u00e3o \u00e9 qualquer lugar. \u00c9 exatamente a explora\u00e7\u00e3o\u201d, diz a design de interior Rose Bortolli. <\/p>\n<p> Artistas canadenses trouxeram uma daquelas m\u00e1quinas que gravam a nossa voz, para mostrar que o som produz rastros. <\/p>\n<p> &quot;O som fica parado no tempo e a gente precisa se mover no espa\u00e7o f\u00edsico para escut\u00e1-lo&quot;, explica o artista Jean-Philippe C\u00f4t\u00e9. <\/p>\n<p> Uma provoca\u00e7\u00e3o para lembrar: <strong>quando usamos equipamentos eletr\u00f4nicos podemos deixar nossas pegadas no universo digital.<\/strong> <\/p>\n<p>&quot;Isso n\u00e3o significa que a gente n\u00e3o deva us\u00e1-los. Mas \u00e9 para pensar no jeito em que tudo \u00e9 gravado o tempo todo&quot;, pondera o artista Victor Drouin-Trempe.<\/p>\n<ul> <\/ul>\n","protected":false},"excerpt":{"rendered":"<p>A intelig\u00eancia artificial \u00e9 instrumento para a criatividade no Festival Internacional de Linguagem Eletr\u00f4nica, em S\u00e3o Paulo. O homem desperta a m\u00e1quina. Ao mesmo tempo em que \u00e9 desafiado por ela. \u201cNo \u00e2mbito da arte, da est\u00e9tica, a gente entende que a intelig\u00eancia artificial, ela vem corroborar a criatividade humana para criar novas formas e [&hellip;]<\/p>\n","protected":false},"author":1,"featured_media":0,"comment_status":"closed","ping_status":"closed","sticky":false,"template":"","format":"standard","meta":{"footnotes":""},"categories":[],"tags":[],"class_list":["post-50844","post","type-post","status-publish","format-standard","hentry"],"_links":{"self":[{"href":"https:\/\/blog.corretoraideal.com.br\/index.php\/wp-json\/wp\/v2\/posts\/50844","targetHints":{"allow":["GET"]}}],"collection":[{"href":"https:\/\/blog.corretoraideal.com.br\/index.php\/wp-json\/wp\/v2\/posts"}],"about":[{"href":"https:\/\/blog.corretoraideal.com.br\/index.php\/wp-json\/wp\/v2\/types\/post"}],"author":[{"embeddable":true,"href":"https:\/\/blog.corretoraideal.com.br\/index.php\/wp-json\/wp\/v2\/users\/1"}],"replies":[{"embeddable":true,"href":"https:\/\/blog.corretoraideal.com.br\/index.php\/wp-json\/wp\/v2\/comments?post=50844"}],"version-history":[{"count":1,"href":"https:\/\/blog.corretoraideal.com.br\/index.php\/wp-json\/wp\/v2\/posts\/50844\/revisions"}],"predecessor-version":[{"id":50846,"href":"https:\/\/blog.corretoraideal.com.br\/index.php\/wp-json\/wp\/v2\/posts\/50844\/revisions\/50846"}],"wp:attachment":[{"href":"https:\/\/blog.corretoraideal.com.br\/index.php\/wp-json\/wp\/v2\/media?parent=50844"}],"wp:term":[{"taxonomy":"category","embeddable":true,"href":"https:\/\/blog.corretoraideal.com.br\/index.php\/wp-json\/wp\/v2\/categories?post=50844"},{"taxonomy":"post_tag","embeddable":true,"href":"https:\/\/blog.corretoraideal.com.br\/index.php\/wp-json\/wp\/v2\/tags?post=50844"}],"curies":[{"name":"wp","href":"https:\/\/api.w.org\/{rel}","templated":true}]}}