{"id":50847,"date":"2023-07-19T04:32:02","date_gmt":"2023-07-19T04:32:02","guid":{"rendered":"https:\/\/blog.corretoraideal.com.br\/?p=50847"},"modified":"2023-07-19T04:32:02","modified_gmt":"2023-07-19T04:32:02","slug":"homem-e-preso-pela-policia-civil-por-produzir-e-armazenar-pornografia-infantojuvenil-em-macae-norte-fluminense-g1","status":"publish","type":"post","link":"https:\/\/blog.corretoraideal.com.br\/index.php\/2023\/07\/19\/homem-e-preso-pela-policia-civil-por-produzir-e-armazenar-pornografia-infantojuvenil-em-macae-norte-fluminense-g1\/","title":{"rendered":"Homem \u00e9 preso pela Pol\u00edcia Civil por produzir e armazenar pornografia infantojuvenil em Maca\u00e9 | Norte Fluminense | G1"},"content":{"rendered":"\n<p> Um homem de 46 anos foi preso nesta ter\u00e7a-feira (18), em <a class href=\"https:\/\/g1.globo.com\/rj\/regiao-dos-lagos\/cidade\/macae\/\">Maca\u00e9<\/a>, no Norte Fluminense, por produ\u00e7\u00e3o e armazenamento de cenas de abuso sexual infantojuvenil. De acordo com informa\u00e7\u00f5es da pol\u00edcia, o flagrante foi feito na casa do suspeito, na comunidade Nova Holanda. <\/p>\n<p> Segundo a pol\u00edcia, ele \u00e9 corretor de planos de sa\u00fade e as investiga\u00e7\u00f5es come\u00e7aram em dezembro de 2022, ap\u00f3s o compartilhamento de informa\u00e7\u00f5es pela Policia Federal. Na ocasi\u00e3o, houve a suspeita de que o homem produzia e armazenava as imagens e v\u00eddeos e guardava o conte\u00fado em um servidor na internet. <\/p>\n<p> Durante as investiga\u00e7\u00f5es, os policiais perceberam que uma das crian\u00e7as abusadas sexualmente era do conv\u00edvio do suspeito, o que evidenciou que ele tamb\u00e9m se dedicava \u00e0 produ\u00e7\u00e3o deste tipo de conte\u00fado. <\/p>\n<p> Os investigadores cumpriram um mandado de busca e apreens\u00e3o e, com ele, foi encontrado material de pornografia infantil. <\/p>\n<p> O caso foi registrado na Delegacia da Crian\u00e7a e do Adolescente V\u00edtima (DCAV). <\/p>\n<ul>\n<li> <a href=\"https:\/\/g1.globo.com\/rj\/regiao-dos-lagos\/cidade\/macae\/\" class=\"entities__list-itemLink\" data-track-click=\"Maca\u00e9\"> Maca\u00e9 <\/a> <\/li>\n<\/ul>\n","protected":false},"excerpt":{"rendered":"<p>Um homem de 46 anos foi preso nesta ter\u00e7a-feira (18), em Maca\u00e9, no Norte Fluminense, por produ\u00e7\u00e3o e armazenamento de cenas de abuso sexual infantojuvenil. De acordo com informa\u00e7\u00f5es da pol\u00edcia, o flagrante foi feito na casa do suspeito, na comunidade Nova Holanda. Segundo a pol\u00edcia, ele \u00e9 corretor de planos de sa\u00fade e as [&hellip;]<\/p>\n","protected":false},"author":1,"featured_media":0,"comment_status":"closed","ping_status":"closed","sticky":false,"template":"","format":"standard","meta":{"footnotes":""},"categories":[],"tags":[],"class_list":["post-50847","post","type-post","status-publish","format-standard","hentry"],"_links":{"self":[{"href":"https:\/\/blog.corretoraideal.com.br\/index.php\/wp-json\/wp\/v2\/posts\/50847","targetHints":{"allow":["GET"]}}],"collection":[{"href":"https:\/\/blog.corretoraideal.com.br\/index.php\/wp-json\/wp\/v2\/posts"}],"about":[{"href":"https:\/\/blog.corretoraideal.com.br\/index.php\/wp-json\/wp\/v2\/types\/post"}],"author":[{"embeddable":true,"href":"https:\/\/blog.corretoraideal.com.br\/index.php\/wp-json\/wp\/v2\/users\/1"}],"replies":[{"embeddable":true,"href":"https:\/\/blog.corretoraideal.com.br\/index.php\/wp-json\/wp\/v2\/comments?post=50847"}],"version-history":[{"count":1,"href":"https:\/\/blog.corretoraideal.com.br\/index.php\/wp-json\/wp\/v2\/posts\/50847\/revisions"}],"predecessor-version":[{"id":50849,"href":"https:\/\/blog.corretoraideal.com.br\/index.php\/wp-json\/wp\/v2\/posts\/50847\/revisions\/50849"}],"wp:attachment":[{"href":"https:\/\/blog.corretoraideal.com.br\/index.php\/wp-json\/wp\/v2\/media?parent=50847"}],"wp:term":[{"taxonomy":"category","embeddable":true,"href":"https:\/\/blog.corretoraideal.com.br\/index.php\/wp-json\/wp\/v2\/categories?post=50847"},{"taxonomy":"post_tag","embeddable":true,"href":"https:\/\/blog.corretoraideal.com.br\/index.php\/wp-json\/wp\/v2\/tags?post=50847"}],"curies":[{"name":"wp","href":"https:\/\/api.w.org\/{rel}","templated":true}]}}