{"id":50850,"date":"2023-07-19T06:29:40","date_gmt":"2023-07-19T06:29:40","guid":{"rendered":"https:\/\/blog.corretoraideal.com.br\/?p=50850"},"modified":"2023-07-19T06:29:40","modified_gmt":"2023-07-19T06:29:40","slug":"aneel-realiza-leiloes-em-dezembro-para-contratar-usinas-de-energia-eletrica-economia-g1","status":"publish","type":"post","link":"https:\/\/blog.corretoraideal.com.br\/index.php\/2023\/07\/19\/aneel-realiza-leiloes-em-dezembro-para-contratar-usinas-de-energia-eletrica-economia-g1\/","title":{"rendered":"Aneel realiza leil\u00f5es em dezembro para contratar usinas de energia el\u00e9trica | Economia | G1"},"content":{"rendered":"<p>      1 de 1&#013;Usina Termel\u00e9trica de Cuiab\u00e1, em Mato Grosso. \u2014 Foto: TVCA\/Reprodu\u00e7\u00e3o    <\/p>\n<p> Usina Termel\u00e9trica de Cuiab\u00e1, em Mato Grosso. \u2014 Foto: TVCA\/Reprodu\u00e7\u00e3o <\/p>\n<p> A Ag\u00eancia Nacional de Energia El\u00e9trica (<a class href=\"https:\/\/g1.globo.com\/tudo-sobre\/aneel\/\">Aneel<\/a>) marcou nesta ter\u00e7a-feira (18) dois leil\u00f5es de energia el\u00e9trica, que ser\u00e3o realizados em 1\u00ba de dezembro. As disputas v\u00e3o contratar usinas existentes para fornecimento \u00e0s distribuidoras. <\/p>\n<p> As usinas ser\u00e3o contratadas por dois anos. A Aneel prev\u00ea que os empreendimentos contratados iniciem as opera\u00e7\u00f5es em 1\u00ba de janeiro de 2024 e em 1\u00ba de janeiro de 2025. <\/p>\n<p> A ag\u00eancia n\u00e3o vai fazer distin\u00e7\u00e3o de fonte de energia \u2014 ou seja, usinas hidrel\u00e9tricas, termel\u00e9tricas, e\u00f3licas e solares, por exemplo, poder\u00e3o disputar o certame. <\/p>\n<p> Segundo a Aneel, n\u00e3o haver\u00e1 reajuste no pre\u00e7o da energia vendida nesses leil\u00f5es e o \u201crisco hidrol\u00f3gico\u201d das usinas ser\u00e1 assumido pelas empresas vencedoras. <\/p>\n<p> O chamado \u201crisco hidrol\u00f3gico\u201d \u00e9 um conceito para a diferen\u00e7a entre a energia gerada por usinas hidrel\u00e9tricas e a quantidade m\u00ednima estipulada. No caso de a energia fornecida ser menor, a usina tem que pagar a diferen\u00e7a. <\/p>\n<p> Nesta ter\u00e7a-feira (18), a diretoria da Aneel aprovou a realiza\u00e7\u00e3o de consulta p\u00fablica para os editais dos leil\u00f5es, no per\u00edodo de 19 de julho a 4 de setembro. <\/p>\n<p> Estes ser\u00e3o os primeiros leil\u00f5es para contrata\u00e7\u00e3o de energia em 2023 aprovados pela Aneel. <\/p>\n<p> Os certames de gera\u00e7\u00e3o podem ser de: <\/p>\n<ul>\n<li>energia \u201cnova\u201d, com contrata\u00e7\u00e3o de projetos ou usinas j\u00e1 em constru\u00e7\u00e3o<\/li>\n<li>energia \u201cvelha\u201d, para comprar energia de usinas j\u00e1 constru\u00eddas e cujo investimento j\u00e1 foi pago \u2014 geralmente, tem um custo menor para as distribuidoras<\/li>\n<\/ul>\n<ul>\n<li> <a href=\"https:\/\/g1.globo.com\/tudo-sobre\/aneel\/\" class=\"entities__list-itemLink\" data-track-click=\"Aneel\"> Aneel <\/a> <\/li>\n<\/ul>\n","protected":false},"excerpt":{"rendered":"<p>1 de 1&#013;Usina Termel\u00e9trica de Cuiab\u00e1, em Mato Grosso. \u2014 Foto: TVCA\/Reprodu\u00e7\u00e3o Usina Termel\u00e9trica de Cuiab\u00e1, em Mato Grosso. \u2014 Foto: TVCA\/Reprodu\u00e7\u00e3o A Ag\u00eancia Nacional de Energia El\u00e9trica (Aneel) marcou nesta ter\u00e7a-feira (18) dois leil\u00f5es de energia el\u00e9trica, que ser\u00e3o realizados em 1\u00ba de dezembro. As disputas v\u00e3o contratar usinas existentes para fornecimento \u00e0s distribuidoras. [&hellip;]<\/p>\n","protected":false},"author":1,"featured_media":0,"comment_status":"closed","ping_status":"closed","sticky":false,"template":"","format":"standard","meta":{"footnotes":""},"categories":[],"tags":[],"class_list":["post-50850","post","type-post","status-publish","format-standard","hentry"],"_links":{"self":[{"href":"https:\/\/blog.corretoraideal.com.br\/index.php\/wp-json\/wp\/v2\/posts\/50850","targetHints":{"allow":["GET"]}}],"collection":[{"href":"https:\/\/blog.corretoraideal.com.br\/index.php\/wp-json\/wp\/v2\/posts"}],"about":[{"href":"https:\/\/blog.corretoraideal.com.br\/index.php\/wp-json\/wp\/v2\/types\/post"}],"author":[{"embeddable":true,"href":"https:\/\/blog.corretoraideal.com.br\/index.php\/wp-json\/wp\/v2\/users\/1"}],"replies":[{"embeddable":true,"href":"https:\/\/blog.corretoraideal.com.br\/index.php\/wp-json\/wp\/v2\/comments?post=50850"}],"version-history":[{"count":1,"href":"https:\/\/blog.corretoraideal.com.br\/index.php\/wp-json\/wp\/v2\/posts\/50850\/revisions"}],"predecessor-version":[{"id":50852,"href":"https:\/\/blog.corretoraideal.com.br\/index.php\/wp-json\/wp\/v2\/posts\/50850\/revisions\/50852"}],"wp:attachment":[{"href":"https:\/\/blog.corretoraideal.com.br\/index.php\/wp-json\/wp\/v2\/media?parent=50850"}],"wp:term":[{"taxonomy":"category","embeddable":true,"href":"https:\/\/blog.corretoraideal.com.br\/index.php\/wp-json\/wp\/v2\/categories?post=50850"},{"taxonomy":"post_tag","embeddable":true,"href":"https:\/\/blog.corretoraideal.com.br\/index.php\/wp-json\/wp\/v2\/tags?post=50850"}],"curies":[{"name":"wp","href":"https:\/\/api.w.org\/{rel}","templated":true}]}}