{"id":50853,"date":"2023-07-19T07:29:45","date_gmt":"2023-07-19T07:29:45","guid":{"rendered":"https:\/\/blog.corretoraideal.com.br\/?p=50853"},"modified":"2023-07-19T07:29:45","modified_gmt":"2023-07-19T07:29:45","slug":"pesquisadores-da-ufes-usam-robo-para-ajudar-pacientes-sem-mobilidade-a-voltarem-a-andar-no-es-espirito-santo-g1","status":"publish","type":"post","link":"https:\/\/blog.corretoraideal.com.br\/index.php\/2023\/07\/19\/pesquisadores-da-ufes-usam-robo-para-ajudar-pacientes-sem-mobilidade-a-voltarem-a-andar-no-es-espirito-santo-g1\/","title":{"rendered":"Pesquisadores da Ufes usam rob\u00f4 para ajudar pacientes sem mobilidade a voltarem a andar no ES | Esp\u00edrito Santo | G1"},"content":{"rendered":"<p>                <img loading=\"lazy\" decoding=\"async\" class=\"aligncenter size-full wp-image-50855\" src=\"https:\/\/blog.corretoraideal.com.br\/wp-content\/uploads\/2023\/07\/robo-desenvolvido-por-pesquisadores-da-ufes-ajuda-pacientes-a-voltarem-a-andar-no-es.jpeg\" alt=\"Rob\u00f4 desenvolvido por pesquisadores da Ufes ajuda pacientes a voltarem a andar no ES\" width=\"800\" height=\"400\" \/>      <\/p>\n<p> Rob\u00f4 desenvolvido por pesquisadores da Ufes ajuda pacientes a voltarem a andar no ES <\/p>\n<p> Pessoas que t\u00eam algum tipo de dificuldade para andar ou se movimentar contam agora com mais uma ajuda da tecnologia: um rob\u00f4 desenvolvido na Universidade Federal do Esp\u00edrito Santo (<a class href=\"https:\/\/g1.globo.com\/educacao\/universidade\/ufes\/\">Ufes<\/a>) com o objetivo de auxiliar no tratamento e locomo\u00e7\u00e3o dos pacientes que perderam a mobilidade. Em todo o pa\u00eds existem apenas outros cinco rob\u00f4s que desempenham a mesma fun\u00e7\u00e3o. <\/p>\n<ul>\n<li><a class href=\"https:\/\/api.whatsapp.com\/send?text=https:\/\/g1.globo.com\/es\/espirito-santo\/noticia\/2023\/07\/18\/robo-desenvolvido-por-pesquisadores-da-ufes-ajuda-pacientes-sem-mobilidade-a-voltarem-a-andar-no-es.ghtml?utm_source%3Dwhatsapp%26utm_medium%3Dshare-engagement%26utm_campaign%3Dte-materias\" target=\"_blank\" rel=\"noopener noreferrer\"><strong>Compartilhe no WhatsApp<\/strong><\/a><\/li>\n<li><a class href=\"https:\/\/telegram.me\/share\/url?url=https:\/\/g1.globo.com\/es\/espirito-santo\/noticia\/2023\/07\/18\/robo-desenvolvido-por-pesquisadores-da-ufes-ajuda-pacientes-sem-mobilidade-a-voltarem-a-andar-no-es.ghtml?utm_source%3Dtelegram%26utm_medium%3Dshare-engagement%26utm_campaign%3Dte-materias\" target=\"_blank\" rel=\"noopener noreferrer\"><strong>Compartilhe no Telegram<\/strong><\/a><\/li>\n<\/ul>\n<p> O professor e pesquisador Fernando Zanela contou que o projeto teve in\u00edcio quando a universidade comprou um equipamento para montar um laborat\u00f3rio. Depois, foram adquiridos uma m\u00e1quina de an\u00e1lise de movimento por meio das c\u00e2meras, duas esteiras e o Lokomat, aparelho que surgiu em 1994 e auxilia na locomo\u00e7\u00e3o das pessoas. <\/p>\n<p> Com a jun\u00e7\u00e3o desses equipamentos, os pesquisadores criaram um exoesqueleto que entrou em opera\u00e7\u00e3o no m\u00eas de junho e est\u00e1 em fase de testes. O equipamento \u00e9 adaptado ao corpo do paciente e depois simula caminhadas. <\/p>\n<p>&quot;Todas as articula\u00e7\u00f5es est\u00e3o coincidindo com as articula\u00e7\u00f5es do paciente. Quando o rob\u00f4 for fazer a marcha, tem que fazer coincidindo com as articula\u00e7\u00f5es correspondentes&quot;, detalhou o fisioterapeuta Marcelo Benevides. <\/p>\n<p> Os pesquisadores realizam uma avalia\u00e7\u00e3o do paciente para identificar as limita\u00e7\u00f5es e fazer os movimentos, como dobra do quadril e extens\u00e3o do joelho. O equipamento vai reproduzindo e fazendo os ajustes de acordo com a necessidade de cada paciente. <\/p>\n<p> Primeiro paciente a testar o equipamento no estado, o cadeirante Caio Rodriguez de Oliveira, que <a class href=\"https:\/\/g1.globo.com\/es\/espirito-santo\/noticia\/2019\/04\/04\/pm-e-preso-suspeito-de-atirar-em-universitario-na-rodovia-do-sol-em-vila-velha-es.ghtml\">perdeu os movimentos das pernas ao ser baleado em um sem\u00e1foro em 2019<\/a>, esperou cerca de 25 minutos para ajustar o equipamento ao corpo e falou sobre a sensa\u00e7\u00e3o de ficar novamente de p\u00e9. <\/p>\n<p>         1 de 3&#013;Caio Oliveira \u00e9 cadeirante e est\u00e1 testando exoesqueleto que simula caminhadas \u2014 Foto: Reprodu\u00e7\u00e3o\/TV Gazeta    <\/p>\n<p> Caio Oliveira \u00e9 cadeirante e est\u00e1 testando exoesqueleto que simula caminhadas \u2014 Foto: Reprodu\u00e7\u00e3o\/TV Gazeta <\/p>\n<p>&quot;\u00c9 bom. A gente fica vendo as pernas se mexerem, parecendo que a gente t\u00e1 andando. \u00c9 uma sensa\u00e7\u00e3o muito boa. \u00c9 uma mem\u00f3ria n\u00e3o s\u00f3 motora como psicol\u00f3gica tamb\u00e9m&quot;, disse Caio.<\/p>\n<p> Esse \u00e9 o primeiro equipamento instalado em uma universidade p\u00fablica. A fisioterapeuta J\u00e9ssica Costa est\u00e1 desenvolvendo uma pesquisa de mestrado e vai usar os resultados dos testes do exoesqueleto. <\/p>\n<p> &quot;Espero que seja significativo pra eles. N\u00e3o s\u00f3 em n\u00fameros, mas mas pra qualidade de vida deles&quot;, disse a fisioterapeuta. <\/p>\n<p>                   <img loading=\"lazy\" decoding=\"async\" class=\"aligncenter size-full wp-image-50856\" src=\"https:\/\/blog.corretoraideal.com.br\/wp-content\/uploads\/2023\/07\/robo-ajuda-pessoas-a-andar-equipamento-esta-em-teste-na-ufes.jpeg\" alt=\"Rob\u00f4 ajuda pessoas a andar: equipamento est\u00e1 em teste na Ufes\" width=\"800\" height=\"400\" \/>      <\/p>\n<p> Rob\u00f4 ajuda pessoas a andar: equipamento est\u00e1 em teste na Ufes <\/p>\n<p> <strong>LEIA TAMB\u00c9M: <\/strong> <\/p>\n<ul>\n<li><a class href=\"https:\/\/g1.globo.com\/es\/espirito-santo\/noticia\/2023\/07\/15\/pesquisadores-da-ufes-criam-enxerto-para-humanos-a-partir-de-ossos-de-boi.ghtml\">Pesquisadores da Ufes criam enxerto para humanos a partir de ossos de boi<\/a><\/li>\n<li><a class href=\"https:\/\/g1.globo.com\/es\/espirito-santo\/noticia\/2023\/02\/12\/pesquisadores-da-ufes-desenvolvem-protese-robotica-com-tecnologia-avancada-para-amputados-no-es.ghtml\">Pesquisadores da Ufes desenvolvem pr\u00f3tese rob\u00f3tica com tecnologia avan\u00e7ada para amputados no ES<\/a><\/li>\n<\/ul>\n<p> Caio, que experimentou a sensa\u00e7\u00e3o de andar novamente pela segunda vez, disse que \u00e9 bom ver o mundo do alto. <\/p>\n<p>&quot;\u00c9 bom a gente falar com os outros olho no olho ao inv\u00e9s de baixo pra cima. Uma coisa que \u00e9 simples pros outros, mas pra gente \u00e9 uma diferen\u00e7a grande&quot;, disse Caio. <\/p>\n<p>         2 de 3&#013;Caio Oliveira est\u00e1 testando rob\u00f4 criado por pesquisadores da Ufes \u2014 Foto: Reprodu\u00e7\u00e3o\/TV Gazeta    <\/p>\n<p> Caio Oliveira est\u00e1 testando rob\u00f4 criado por pesquisadores da Ufes \u2014 Foto: Reprodu\u00e7\u00e3o\/TV Gazeta <\/p>\n<p> Fabr\u00edcio Costa, consultor socioambiental e pai de Caio, sorriu ao ver o filho fazendo os movimentos de caminhada. <\/p>\n<p> &quot;Valeu muito a pena. Tudo o que estiver relacionado \u00e0 melhoria da qualidade de vida do Caio, meu sorriso vai ser cada dia maior&quot;, disse o pai de Caio. <\/p>\n<p> O pesquisador Fernando Zanela disse que o interesse \u00e9 desenvolver pesquisas nas \u00e1reas de sa\u00fade e tecnologia e, futuramente, oferecer \u00e0 popula\u00e7\u00e3o. <\/p>\n<p>         3 de 3&#013;Exoesqueleto desenvolvido por pesquisadores da Ufes, que ajuda pessoas a andar, est\u00e1 em fase de testes \u2014 Foto: Reprodu\u00e7\u00e3o\/TV Gazeta    <\/p>\n<p> Exoesqueleto desenvolvido por pesquisadores da Ufes, que ajuda pessoas a andar, est\u00e1 em fase de testes \u2014 Foto: Reprodu\u00e7\u00e3o\/TV Gazeta <\/p>\n<p>A gente tem o interesse em desenvolver pesquisa de alto n\u00edvel com esse equipamento e tem o interesse de oferecer esse tipo de atendimento para a comunidade&quot;, disse o pesquisador. <\/p>\n<p><h2>V\u00cdDEOS: tudo sobre o Esp\u00edrito Santo<\/h2>\n<\/p>\n<p>   <a href=\"https:\/\/g1.globo.com\/es\/espirito-santo\/edicao\/2021\/01\/29\/videos-tudo-sobre-o-es.ghtml\">    50 v\u00eddeos      <\/a>       <\/p>\n<ul>\n<li><a class href=\"http:\/\/g1.globo.com\/es\/espirito-santo\/ultimas-noticias\/\"><strong>Veja o plant\u00e3o de \u00faltimas not\u00edcias do g1 Esp\u00edrito Santo<\/strong><\/a><\/li>\n<\/ul>\n<ul>\n<li> <a href=\"https:\/\/g1.globo.com\/topico\/espirito-santo\" class=\"entities__list-itemLink\" data-track-click=\"Esp\u00edrito Santo\"> Esp\u00edrito Santo <\/a> <\/li>\n<li> <a href=\"https:\/\/g1.globo.com\/educacao\/universidade\/ufes\/\" class=\"entities__list-itemLink\" data-track-click=\"UFES\"> UFES <\/a> <\/li>\n<\/ul>\n","protected":false},"excerpt":{"rendered":"<p>Rob\u00f4 desenvolvido por pesquisadores da Ufes ajuda pacientes a voltarem a andar no ES Pessoas que t\u00eam algum tipo de dificuldade para andar ou se movimentar contam agora com mais uma ajuda da tecnologia: um rob\u00f4 desenvolvido na Universidade Federal do Esp\u00edrito Santo (Ufes) com o objetivo de auxiliar no tratamento e locomo\u00e7\u00e3o dos pacientes [&hellip;]<\/p>\n","protected":false},"author":1,"featured_media":0,"comment_status":"closed","ping_status":"closed","sticky":false,"template":"","format":"standard","meta":{"footnotes":""},"categories":[],"tags":[],"class_list":["post-50853","post","type-post","status-publish","format-standard","hentry"],"_links":{"self":[{"href":"https:\/\/blog.corretoraideal.com.br\/index.php\/wp-json\/wp\/v2\/posts\/50853","targetHints":{"allow":["GET"]}}],"collection":[{"href":"https:\/\/blog.corretoraideal.com.br\/index.php\/wp-json\/wp\/v2\/posts"}],"about":[{"href":"https:\/\/blog.corretoraideal.com.br\/index.php\/wp-json\/wp\/v2\/types\/post"}],"author":[{"embeddable":true,"href":"https:\/\/blog.corretoraideal.com.br\/index.php\/wp-json\/wp\/v2\/users\/1"}],"replies":[{"embeddable":true,"href":"https:\/\/blog.corretoraideal.com.br\/index.php\/wp-json\/wp\/v2\/comments?post=50853"}],"version-history":[{"count":1,"href":"https:\/\/blog.corretoraideal.com.br\/index.php\/wp-json\/wp\/v2\/posts\/50853\/revisions"}],"predecessor-version":[{"id":50857,"href":"https:\/\/blog.corretoraideal.com.br\/index.php\/wp-json\/wp\/v2\/posts\/50853\/revisions\/50857"}],"wp:attachment":[{"href":"https:\/\/blog.corretoraideal.com.br\/index.php\/wp-json\/wp\/v2\/media?parent=50853"}],"wp:term":[{"taxonomy":"category","embeddable":true,"href":"https:\/\/blog.corretoraideal.com.br\/index.php\/wp-json\/wp\/v2\/categories?post=50853"},{"taxonomy":"post_tag","embeddable":true,"href":"https:\/\/blog.corretoraideal.com.br\/index.php\/wp-json\/wp\/v2\/tags?post=50853"}],"curies":[{"name":"wp","href":"https:\/\/api.w.org\/{rel}","templated":true}]}}