{"id":50858,"date":"2023-07-19T09:30:09","date_gmt":"2023-07-19T09:30:09","guid":{"rendered":"https:\/\/blog.corretoraideal.com.br\/?p=50858"},"modified":"2023-07-19T09:30:09","modified_gmt":"2023-07-19T09:30:09","slug":"homem-e-preso-com-simulacro-de-pistola-no-centro-de-campos-no-rj-norte-fluminense-g1","status":"publish","type":"post","link":"https:\/\/blog.corretoraideal.com.br\/index.php\/2023\/07\/19\/homem-e-preso-com-simulacro-de-pistola-no-centro-de-campos-no-rj-norte-fluminense-g1\/","title":{"rendered":"Homem \u00e9 preso com simulacro de pistola no Centro de Campos, no RJ | Norte Fluminense | G1"},"content":{"rendered":"<p>      1 de 1&#013;Simulacro de pistola era carregado por homem no Centro de Campos. Ele foi rendido e a objeto apreendido pela equipe do Seguran\u00e7a Presente \u2014 Foto: Seguran\u00e7a Presente\/Divulga\u00e7\u00e3o    <\/p>\n<p> Simulacro de pistola era carregado por homem no Centro de Campos. Ele foi rendido e a objeto apreendido pela equipe do Seguran\u00e7a Presente \u2014 Foto: Seguran\u00e7a Presente\/Divulga\u00e7\u00e3o <\/p>\n<p> Durante a\u00e7\u00e3o de agentes da opera\u00e7\u00e3o Seguran\u00e7a Presente, na tarde desta segunda-feira (17), um homem de 32 anos foi detido ap\u00f3s ser abordado portando um simulacro de pistola e uma subst\u00e2ncia suspeita no bolso. <\/p>\n<p> De acordo com informa\u00e7\u00f5es recebidas pela pol\u00edcia, uma pessoa denunciou a presen\u00e7a de um homem trajando camisa vermelha amarrada na cintura e portando uma arma de fogo. Ao se dirigir ao local indicado, pr\u00f3ximo ao cruzamento da Avenida Bartolomeu Lizandro com a Rua Jo\u00e3o Alberto, constaram o fato durante uma revista. <\/p>\n<p> Al\u00e9m do simulacro de pistola, na bermuda do homem foi encontrado um pino contendo uma subst\u00e2ncia branca suspeita, aparentado ser coca\u00edna, segundo a pol\u00edcia. <\/p>\n<p> O homem e os materiais apreendidos foram levados para 146\u00aa Delegacia de Pol\u00edcia. <\/p>\n<ul> <\/ul>\n","protected":false},"excerpt":{"rendered":"<p>1 de 1&#013;Simulacro de pistola era carregado por homem no Centro de Campos. Ele foi rendido e a objeto apreendido pela equipe do Seguran\u00e7a Presente \u2014 Foto: Seguran\u00e7a Presente\/Divulga\u00e7\u00e3o Simulacro de pistola era carregado por homem no Centro de Campos. Ele foi rendido e a objeto apreendido pela equipe do Seguran\u00e7a Presente \u2014 Foto: Seguran\u00e7a [&hellip;]<\/p>\n","protected":false},"author":1,"featured_media":0,"comment_status":"closed","ping_status":"closed","sticky":false,"template":"","format":"standard","meta":{"footnotes":""},"categories":[],"tags":[],"class_list":["post-50858","post","type-post","status-publish","format-standard","hentry"],"_links":{"self":[{"href":"https:\/\/blog.corretoraideal.com.br\/index.php\/wp-json\/wp\/v2\/posts\/50858","targetHints":{"allow":["GET"]}}],"collection":[{"href":"https:\/\/blog.corretoraideal.com.br\/index.php\/wp-json\/wp\/v2\/posts"}],"about":[{"href":"https:\/\/blog.corretoraideal.com.br\/index.php\/wp-json\/wp\/v2\/types\/post"}],"author":[{"embeddable":true,"href":"https:\/\/blog.corretoraideal.com.br\/index.php\/wp-json\/wp\/v2\/users\/1"}],"replies":[{"embeddable":true,"href":"https:\/\/blog.corretoraideal.com.br\/index.php\/wp-json\/wp\/v2\/comments?post=50858"}],"version-history":[{"count":1,"href":"https:\/\/blog.corretoraideal.com.br\/index.php\/wp-json\/wp\/v2\/posts\/50858\/revisions"}],"predecessor-version":[{"id":50860,"href":"https:\/\/blog.corretoraideal.com.br\/index.php\/wp-json\/wp\/v2\/posts\/50858\/revisions\/50860"}],"wp:attachment":[{"href":"https:\/\/blog.corretoraideal.com.br\/index.php\/wp-json\/wp\/v2\/media?parent=50858"}],"wp:term":[{"taxonomy":"category","embeddable":true,"href":"https:\/\/blog.corretoraideal.com.br\/index.php\/wp-json\/wp\/v2\/categories?post=50858"},{"taxonomy":"post_tag","embeddable":true,"href":"https:\/\/blog.corretoraideal.com.br\/index.php\/wp-json\/wp\/v2\/tags?post=50858"}],"curies":[{"name":"wp","href":"https:\/\/api.w.org\/{rel}","templated":true}]}}