{"id":50864,"date":"2023-07-19T12:30:40","date_gmt":"2023-07-19T12:30:40","guid":{"rendered":"https:\/\/blog.corretoraideal.com.br\/?p=50864"},"modified":"2023-07-19T12:30:40","modified_gmt":"2023-07-19T12:30:40","slug":"usuarios-relatam-instabilidade-no-instagram-na-manha-desta-quarta-tecnologia-g1","status":"publish","type":"post","link":"https:\/\/blog.corretoraideal.com.br\/index.php\/2023\/07\/19\/usuarios-relatam-instabilidade-no-instagram-na-manha-desta-quarta-tecnologia-g1\/","title":{"rendered":"Usu\u00e1rios relatam instabilidade no Instagram na manh\u00e3 desta quarta | Tecnologia | G1"},"content":{"rendered":"<p>      1 de 1&#013;\u00cdcone do Instagram. \u2014 Foto: REUTERS\/Thomas White    <\/p>\n<p> \u00cdcone do Instagram. \u2014 Foto: REUTERS\/Thomas White <\/p>\n<p> Usu\u00e1rios do Instagram relatam dificuldades para acessar o Instagram na manh\u00e3 desta quarta-feira (19). <\/p>\n<p> O site Downdetector, que re\u00fane relatos de instabilidade em v\u00e1rios pa\u00edses, registrou problemas a partir das 7h (hor\u00e1rio de Bras\u00edlia) com mais de 140 reclama\u00e7\u00f5es. Por volta de 9h28, j\u00e1 eram mais de 160 notifica\u00e7\u00f5es de problema no Brasil. <\/p>\n<p> Segundo as queixas no Twitter, a rede social n\u00e3o est\u00e1 carregando. O <a class href=\"https:\/\/g1.globo.com\/\"><strong>g1 <\/strong><\/a>entrou em contato com a Meta, dona do Instagram, mas n\u00e3o havia obtido retorno at\u00e9 a \u00faltima atualiza\u00e7\u00e3o desta reportagem. <\/p>\n<ul> <\/ul>\n","protected":false},"excerpt":{"rendered":"<p>1 de 1&#013;\u00cdcone do Instagram. \u2014 Foto: REUTERS\/Thomas White \u00cdcone do Instagram. \u2014 Foto: REUTERS\/Thomas White Usu\u00e1rios do Instagram relatam dificuldades para acessar o Instagram na manh\u00e3 desta quarta-feira (19). O site Downdetector, que re\u00fane relatos de instabilidade em v\u00e1rios pa\u00edses, registrou problemas a partir das 7h (hor\u00e1rio de Bras\u00edlia) com mais de 140 reclama\u00e7\u00f5es. [&hellip;]<\/p>\n","protected":false},"author":1,"featured_media":0,"comment_status":"closed","ping_status":"closed","sticky":false,"template":"","format":"standard","meta":{"footnotes":""},"categories":[],"tags":[],"class_list":["post-50864","post","type-post","status-publish","format-standard","hentry"],"_links":{"self":[{"href":"https:\/\/blog.corretoraideal.com.br\/index.php\/wp-json\/wp\/v2\/posts\/50864","targetHints":{"allow":["GET"]}}],"collection":[{"href":"https:\/\/blog.corretoraideal.com.br\/index.php\/wp-json\/wp\/v2\/posts"}],"about":[{"href":"https:\/\/blog.corretoraideal.com.br\/index.php\/wp-json\/wp\/v2\/types\/post"}],"author":[{"embeddable":true,"href":"https:\/\/blog.corretoraideal.com.br\/index.php\/wp-json\/wp\/v2\/users\/1"}],"replies":[{"embeddable":true,"href":"https:\/\/blog.corretoraideal.com.br\/index.php\/wp-json\/wp\/v2\/comments?post=50864"}],"version-history":[{"count":1,"href":"https:\/\/blog.corretoraideal.com.br\/index.php\/wp-json\/wp\/v2\/posts\/50864\/revisions"}],"predecessor-version":[{"id":50866,"href":"https:\/\/blog.corretoraideal.com.br\/index.php\/wp-json\/wp\/v2\/posts\/50864\/revisions\/50866"}],"wp:attachment":[{"href":"https:\/\/blog.corretoraideal.com.br\/index.php\/wp-json\/wp\/v2\/media?parent=50864"}],"wp:term":[{"taxonomy":"category","embeddable":true,"href":"https:\/\/blog.corretoraideal.com.br\/index.php\/wp-json\/wp\/v2\/categories?post=50864"},{"taxonomy":"post_tag","embeddable":true,"href":"https:\/\/blog.corretoraideal.com.br\/index.php\/wp-json\/wp\/v2\/tags?post=50864"}],"curies":[{"name":"wp","href":"https:\/\/api.w.org\/{rel}","templated":true}]}}