{"id":50867,"date":"2023-07-19T14:29:58","date_gmt":"2023-07-19T14:29:58","guid":{"rendered":"https:\/\/blog.corretoraideal.com.br\/?p=50867"},"modified":"2023-07-19T14:29:58","modified_gmt":"2023-07-19T14:29:58","slug":"dj-e-morto-apos-se-negar-a-tocar-musica-em-baile-funk-em-mg-zona-da-mata-g1","status":"publish","type":"post","link":"https:\/\/blog.corretoraideal.com.br\/index.php\/2023\/07\/19\/dj-e-morto-apos-se-negar-a-tocar-musica-em-baile-funk-em-mg-zona-da-mata-g1\/","title":{"rendered":"DJ \u00e9 morto ap\u00f3s se negar a tocar m\u00fasica em baile funk em MG | Zona da Mata | G1"},"content":{"rendered":"\n<ul>\n<li>\n<p> Mario DJ, como era conhecido, tocava em uma festa em Pirapetinga, na Zona da Mata mineira. <\/p>\n<\/li>\n<li>\n<p> Segundo informa\u00e7\u00f5es da pol\u00edcia, ele se negou a tocar mais uma m\u00fasica e, por este motivo, foi iniciada uma discuss\u00e3o com frequentares do evento. <\/p>\n<\/li>\n<li>\n<p> Suspeitos foram at\u00e9 Santo Ant\u00f4nio do P\u00e1dua e mataram a v\u00edtima em casa, na madrugada de domingo. <\/p>\n<\/li>\n<li>\n<p> Testemunhas disseram que um dos envolvidos no crime estava na festa que acontecia na cidade mineira. <\/p>\n<\/li>\n<li>\n<p> Pol\u00edcias de Minas Gerais e Rio de Janeiro prenderam dois suspeitos em Estrela Dalva (MG). Um terceiro tamb\u00e9m foi detido, conforme informa\u00e7\u00f5es da pol\u00edcia fluminense. <\/p>\n<\/li>\n<\/ul>\n<p> Mario DJ, como era conhecido, tocava em uma festa em Pirapetinga, na Zona da Mata mineira. <\/p>\n<p> Segundo informa\u00e7\u00f5es da pol\u00edcia, ele se negou a tocar mais uma m\u00fasica e, por este motivo, foi iniciada uma discuss\u00e3o com frequentares do evento. <\/p>\n<p> Suspeitos foram at\u00e9 Santo Ant\u00f4nio do P\u00e1dua e mataram a v\u00edtima em casa, na madrugada de domingo. <\/p>\n<p> Testemunhas disseram que um dos envolvidos no crime estava na festa que acontecia na cidade mineira. <\/p>\n<p> Pol\u00edcias de Minas Gerais e Rio de Janeiro prenderam dois suspeitos em Estrela Dalva (MG). Um terceiro tamb\u00e9m foi detido, conforme informa\u00e7\u00f5es da pol\u00edcia fluminense. <\/p>\n<p>         1 de 2&#013;DJ Mario Duarte foi morto depois de tocar em Pirapetinga \u2014 Foto: Redes Sociais\/Reprodu\u00e7\u00e3o    <\/p>\n<p> DJ Mario Duarte foi morto depois de tocar em Pirapetinga \u2014 Foto: Redes Sociais\/Reprodu\u00e7\u00e3o <\/p>\n<p> Um DJ foi morto a tiros ap\u00f3s discuss\u00e3o em um baile funk realizado em <a class href=\"https:\/\/g1.globo.com\/mg\/zona-da-mata\/cidade\/pirapetinga\/\">Pirapetinga<\/a>, na Zona da Mata mineira. Conforme informa\u00e7\u00f5es da Pol\u00edcia Militar, os envolvidos no crime teriam discutido com o DJ Jos\u00e9 Mario Ribeiro Duarte, conhecido como <strong>Mario DJ<\/strong>, que teria se negado a tocar mais uma m\u00fasica durante a festa que ocorria no Bar do Branco, no Bairro 2000. <\/p>\n<ul>\n<li><a class href=\"https:\/\/api.whatsapp.com\/send?text=https:\/\/g1.globo.com\/mg\/zona-da-mata\/noticia\/2023\/07\/17\/dj-e-morto-apos-se-negar-a-tocar-musica-em-baile-funk-em-mg.ghtml?utm_source%3Dwhatsapp%26utm_medium%3Dshare-engagement%26utm_campaign%3Dte-materias\" target=\"_blank\" rel=\"noopener noreferrer\"><strong>Compartilhe no WhatsApp<\/strong><\/a><\/li>\n<li><a class href=\"https:\/\/telegram.me\/share\/url?url=https:\/\/g1.globo.com\/mg\/zona-da-mata\/noticia\/2023\/07\/17\/dj-e-morto-apos-se-negar-a-tocar-musica-em-baile-funk-em-mg.ghtml?utm_source%3Dtelegram%26utm_medium%3Dshare-engagement%26utm_campaign%3Dte-materias\" target=\"_blank\" rel=\"noopener noreferrer\"><strong>Compartilhe no Telegram<\/strong><\/a><\/li>\n<\/ul>\n<p> Segundo testemunhas, logo ap\u00f3s a discuss\u00e3o, a v\u00edtima deslocou-se para casa, na Rua Josefina Ribeiro, no Bairro Santa Luzia, no munic\u00edpio vizinho de <a class href=\"https:\/\/g1.globo.com\/rj\/regiao-serrana\/cidade\/santo-antonio-de-padua\/\">Santo Ant\u00f4nio de P\u00e1dua<\/a>, j\u00e1 no estado do Rio de Janeiro. O DJ foi surpreendido pelos suspeitos, que o retiraram do im\u00f3vel e o mataram a tiros. <\/p>\n<p> ?<a class href=\"https:\/\/chat.whatsapp.com\/IYX6RyiqqJ2Dyfj59QxHUA\" target=\"_blank\" rel=\"noopener noreferrer\"> O g1 Zona da Mata agora est\u00e1 no WhatsApp. Clique aqui para receber as not\u00edcias direto no seu celular!<\/a> <\/p>\n<p> Um homem que estaria na festa foi reconhecido pelas testemunhas como um dos autores do crime. Ele tamb\u00e9m teria amea\u00e7ado as testemunhas de morte. <\/p>\n<p>         2 de 2&#013;Suspeitos de matar DJ foram presos em a\u00e7\u00e3o realizada entre as policias Militar de Minas e Rio de Janeiro \u2014 Foto: PMMG\/Divulga\u00e7\u00e3o    <\/p>\n<p> Suspeitos de matar DJ foram presos em a\u00e7\u00e3o realizada entre as policias Militar de Minas e Rio de Janeiro \u2014 Foto: PMMG\/Divulga\u00e7\u00e3o <\/p>\n<p> O suspeito fugiu em dire\u00e7\u00e3o a Minas, e, ap\u00f3s buscas das pol\u00edcias Militar de Minas Gerais e Rio de Janeiro, acabou preso no Bairro Santa Terezinha, em <a class href=\"https:\/\/g1.globo.com\/mg\/zona-da-mata\/cidade\/estrela-dalva\/\">Estrela Dalva (MG)<\/a>. Um outro homem tamb\u00e9m teria sido detido no mesmo endere\u00e7o. <\/p>\n<p> O 36\u00ba Batalh\u00e3o da Pol\u00edcia Militar do Rio de Janeiro divulgou que houve a pris\u00e3o de um terceiro envolvido, em endere\u00e7o n\u00e3o informado pela corpora\u00e7\u00e3o. <\/p>\n<p> Em resposta ao <a class href=\"https:\/\/g1.globo.com\/mg\/zona-da-mata\/\"><strong>g1<\/strong><\/a>, a Pol\u00edcia Civil de Minas Gerais informou que colabora com as investiga\u00e7\u00f5es que est\u00e3o em curso no Estado do Rio de Janeiro. <\/p>\n<p> <strong> LEIA TAMB\u00c9M:<\/strong> <\/p>\n<ul>\n<li><strong>BARBACENA: <\/strong><a class href=\"https:\/\/g1.globo.com\/mg\/zona-da-mata\/noticia\/2023\/07\/17\/namorado-de-mulher-encontrada-morta-em-campo-de-futebol-de-barbacena-e-ouvido-e-liberado.ghtml\">Namorado de mulher encontrada morta com rosto desfigurado de Barbacena \u00e9 ouvido e liberado<\/a><\/li>\n<li><strong>JUIZ DE FORA:<\/strong> <a class href=\"https:\/\/g1.globo.com\/mg\/zona-da-mata\/noticia\/2023\/07\/17\/motociclista-que-avancou-sinal-e-causou-grave-acidente-em-juiz-de-fora-e-inabilitado.ghtml\">Motociclista que avan\u00e7ou sinal e causou grave acidente \u00e9 inabilitado<\/a><\/li>\n<li><strong>TR\u00c2NSITO: <\/strong><a class href=\"https:\/\/g1.globo.com\/mg\/zona-da-mata\/noticia\/2023\/07\/17\/motorista-invade-contramao-bate-em-onibus-e-morre-na-mg-353-em-coronel-pacheco.ghtml\">Motorista invade contram\u00e3o, bate em \u00f4nibus e morre na MG-353, em Coronel Pacheco<\/a><\/li>\n<\/ul>\n<p> ? Confira as <strong>\u00faltimas not\u00edcias<\/strong> do<a class href=\"https:\/\/g1.globo.com\/mg\/zona-da-mata\/\"> <strong>g1 Zona da Mata<\/strong><\/a>? Acompanhe o<a class href=\"https:\/\/g1.globo.com\/mg\/zona-da-mata\/\"> <strong>g1 <\/strong><\/a>no <a class href=\"https:\/\/www.facebook.com\/g1.zonadamata\" target=\"_blank\" rel=\"noopener noreferrer\"><strong>Facebook<\/strong> <\/a>e <a class href=\"https:\/\/www.instagram.com\/g1.zonadamata\/\" target=\"_blank\" rel=\"noopener noreferrer\"><strong>Instagram<\/strong><\/a><strong><\/strong>? Receba not\u00edcias do <a class href=\"https:\/\/g1.globo.com\/mg\/zona-da-mata\/noticia\/2023\/03\/24\/whatsapp-e-telegram-saiba-como-se-inscrever-nos-grupos-de-noticias-do-g1-zona-da-mata.ghtml\"><strong>g1<\/strong> <\/a>no<a class href=\"https:\/\/g1.globo.com\/mg\/zona-da-mata\/noticia\/2023\/03\/24\/whatsapp-e-telegram-saiba-como-se-inscrever-nos-grupos-de-noticias-do-g1-zona-da-mata.ghtml\"> <strong>WhatsApp<\/strong> <\/a>e no<a class href=\"https:\/\/g1.globo.com\/mg\/zona-da-mata\/noticia\/2023\/03\/24\/whatsapp-e-telegram-saiba-como-se-inscrever-nos-grupos-de-noticias-do-g1-zona-da-mata.ghtml\"> <strong>Telegram<\/strong><\/a> <\/p>\n<p><h2>V\u00cdDEOS: veja tudo sobre a Zona da Mata e Campos das Vertentes<\/h2>\n<\/p>\n<p>   <a href=\"https:\/\/g1.globo.com\/mg\/zona-da-mata\/edicao\/2021\/02\/08\/videos-tudo-sobre-a-zona-da-mata-e-campos-das-vertentes.ghtml\">    50 v\u00eddeos      <\/a>       <\/p>\n<ul>\n<li> <a href=\"https:\/\/g1.globo.com\/mg\/zona-da-mata\/cidade\/estrela-dalva\/\" class=\"entities__list-itemLink\" data-track-click=\"Estrela Dalva\"> Estrela Dalva <\/a> <\/li>\n<li> <a href=\"https:\/\/g1.globo.com\/mg\/zona-da-mata\/cidade\/pirapetinga\/\" class=\"entities__list-itemLink\" data-track-click=\"Pirapetinga\"> Pirapetinga <\/a> <\/li>\n<li> <a href=\"https:\/\/g1.globo.com\/rj\/regiao-serrana\/cidade\/santo-antonio-de-padua\/\" class=\"entities__list-itemLink\" data-track-click=\"Santo Ant\u00f4nio de P\u00e1dua\"> Santo Ant\u00f4nio de P\u00e1dua <\/a> <\/li>\n<\/ul>\n","protected":false},"excerpt":{"rendered":"<p>Mario DJ, como era conhecido, tocava em uma festa em Pirapetinga, na Zona da Mata mineira. Segundo informa\u00e7\u00f5es da pol\u00edcia, ele se negou a tocar mais uma m\u00fasica e, por este motivo, foi iniciada uma discuss\u00e3o com frequentares do evento. Suspeitos foram at\u00e9 Santo Ant\u00f4nio do P\u00e1dua e mataram a v\u00edtima em casa, na madrugada [&hellip;]<\/p>\n","protected":false},"author":1,"featured_media":0,"comment_status":"closed","ping_status":"closed","sticky":false,"template":"","format":"standard","meta":{"footnotes":""},"categories":[],"tags":[],"class_list":["post-50867","post","type-post","status-publish","format-standard","hentry"],"_links":{"self":[{"href":"https:\/\/blog.corretoraideal.com.br\/index.php\/wp-json\/wp\/v2\/posts\/50867","targetHints":{"allow":["GET"]}}],"collection":[{"href":"https:\/\/blog.corretoraideal.com.br\/index.php\/wp-json\/wp\/v2\/posts"}],"about":[{"href":"https:\/\/blog.corretoraideal.com.br\/index.php\/wp-json\/wp\/v2\/types\/post"}],"author":[{"embeddable":true,"href":"https:\/\/blog.corretoraideal.com.br\/index.php\/wp-json\/wp\/v2\/users\/1"}],"replies":[{"embeddable":true,"href":"https:\/\/blog.corretoraideal.com.br\/index.php\/wp-json\/wp\/v2\/comments?post=50867"}],"version-history":[{"count":1,"href":"https:\/\/blog.corretoraideal.com.br\/index.php\/wp-json\/wp\/v2\/posts\/50867\/revisions"}],"predecessor-version":[{"id":50869,"href":"https:\/\/blog.corretoraideal.com.br\/index.php\/wp-json\/wp\/v2\/posts\/50867\/revisions\/50869"}],"wp:attachment":[{"href":"https:\/\/blog.corretoraideal.com.br\/index.php\/wp-json\/wp\/v2\/media?parent=50867"}],"wp:term":[{"taxonomy":"category","embeddable":true,"href":"https:\/\/blog.corretoraideal.com.br\/index.php\/wp-json\/wp\/v2\/categories?post=50867"},{"taxonomy":"post_tag","embeddable":true,"href":"https:\/\/blog.corretoraideal.com.br\/index.php\/wp-json\/wp\/v2\/tags?post=50867"}],"curies":[{"name":"wp","href":"https:\/\/api.w.org\/{rel}","templated":true}]}}