{"id":50880,"date":"2023-07-19T19:30:01","date_gmt":"2023-07-19T19:30:01","guid":{"rendered":"https:\/\/blog.corretoraideal.com.br\/?p=50880"},"modified":"2023-07-19T19:30:01","modified_gmt":"2023-07-19T19:30:01","slug":"acidente-entre-caminhao-de-coleta-de-lixo-e-carro-deixa-dois-feridos-em-campos-norte-fluminense-g1","status":"publish","type":"post","link":"https:\/\/blog.corretoraideal.com.br\/index.php\/2023\/07\/19\/acidente-entre-caminhao-de-coleta-de-lixo-e-carro-deixa-dois-feridos-em-campos-norte-fluminense-g1\/","title":{"rendered":"Acidente entre caminh\u00e3o de coleta de lixo e carro deixa dois feridos em Campos | Norte Fluminense | G1"},"content":{"rendered":"<p>      1 de 2&#013;Acidente ocorreu na beira val\u00e3o em Campos \u2014 Foto: Yuri Ramos\/g1    <\/p>\n<p> Acidente ocorreu na beira val\u00e3o em Campos \u2014 Foto: Yuri Ramos\/g1 <\/p>\n<p> Um grave acidente envolvendo um caminh\u00e3o de coleta de lixo e um carro na noite desta ter\u00e7a-feira (18) em <a class href=\"https:\/\/g1.globo.com\/rj\/norte-fluminense\/cidade\/campos-dos-goytacazes\/\">Campos dos Goytacazes<\/a>, no Norte Fluminense, deixou duas pessoas feridas. <\/p>\n<p> A batida foi no cruzamento entre as Avenidas Saldanha Marinho e Jos\u00e9 Alves de Azevedo, mais conhecida como &quot;beira val\u00e3o&quot;, no Centro da cidade. <\/p>\n<p> O Corpo de Bombeiros foi acionado e resgatou com vida o motorista do caminh\u00e3o de 45 anos e a mulher de 29 anos que dirigia o ve\u00edculo. As v\u00edtimas foram levadas para o Hospital Ferreira Machado. <\/p>\n<p>         2 de 2&#013;Batida foi no cruzamento entre as Avenidas Saldanha Marinho com a Jos\u00e9 Alves de Azevedo \u2014 Foto: Yuri Ramos\/g1    <\/p>\n<p> Batida foi no cruzamento entre as Avenidas Saldanha Marinho com a Jos\u00e9 Alves de Azevedo \u2014 Foto: Yuri Ramos\/g1 <\/p>\n<p> Em nota, o hospital informou que o paciente [motorista do caminh\u00e3o] passou por exames e continua internado e seu estado de sa\u00fade \u00e9 est\u00e1vel. J\u00e1 a outra v\u00edtima est\u00e1 em estado grave. Ainda de acordo com a unidade de sa\u00fade, a mulher passou por uma cirurgia ortop\u00e9dica e teve fraturas pelo corpo e est\u00e1 internada na unidade de pacientes graves do hospital. <\/p>\n<ul>\n<li> <a href=\"https:\/\/g1.globo.com\/rj\/norte-fluminense\/cidade\/campos-dos-goytacazes\/\" class=\"entities__list-itemLink\" data-track-click=\"Campos dos Goytacazes\"> Campos dos Goytacazes <\/a> <\/li>\n<\/ul>\n","protected":false},"excerpt":{"rendered":"<p>1 de 2&#013;Acidente ocorreu na beira val\u00e3o em Campos \u2014 Foto: Yuri Ramos\/g1 Acidente ocorreu na beira val\u00e3o em Campos \u2014 Foto: Yuri Ramos\/g1 Um grave acidente envolvendo um caminh\u00e3o de coleta de lixo e um carro na noite desta ter\u00e7a-feira (18) em Campos dos Goytacazes, no Norte Fluminense, deixou duas pessoas feridas. A batida [&hellip;]<\/p>\n","protected":false},"author":1,"featured_media":0,"comment_status":"closed","ping_status":"closed","sticky":false,"template":"","format":"standard","meta":{"footnotes":""},"categories":[],"tags":[],"class_list":["post-50880","post","type-post","status-publish","format-standard","hentry"],"_links":{"self":[{"href":"https:\/\/blog.corretoraideal.com.br\/index.php\/wp-json\/wp\/v2\/posts\/50880","targetHints":{"allow":["GET"]}}],"collection":[{"href":"https:\/\/blog.corretoraideal.com.br\/index.php\/wp-json\/wp\/v2\/posts"}],"about":[{"href":"https:\/\/blog.corretoraideal.com.br\/index.php\/wp-json\/wp\/v2\/types\/post"}],"author":[{"embeddable":true,"href":"https:\/\/blog.corretoraideal.com.br\/index.php\/wp-json\/wp\/v2\/users\/1"}],"replies":[{"embeddable":true,"href":"https:\/\/blog.corretoraideal.com.br\/index.php\/wp-json\/wp\/v2\/comments?post=50880"}],"version-history":[{"count":1,"href":"https:\/\/blog.corretoraideal.com.br\/index.php\/wp-json\/wp\/v2\/posts\/50880\/revisions"}],"predecessor-version":[{"id":50882,"href":"https:\/\/blog.corretoraideal.com.br\/index.php\/wp-json\/wp\/v2\/posts\/50880\/revisions\/50882"}],"wp:attachment":[{"href":"https:\/\/blog.corretoraideal.com.br\/index.php\/wp-json\/wp\/v2\/media?parent=50880"}],"wp:term":[{"taxonomy":"category","embeddable":true,"href":"https:\/\/blog.corretoraideal.com.br\/index.php\/wp-json\/wp\/v2\/categories?post=50880"},{"taxonomy":"post_tag","embeddable":true,"href":"https:\/\/blog.corretoraideal.com.br\/index.php\/wp-json\/wp\/v2\/tags?post=50880"}],"curies":[{"name":"wp","href":"https:\/\/api.w.org\/{rel}","templated":true}]}}